{"id":533059,"date":"2025-11-14T06:35:12","date_gmt":"2025-11-14T06:35:12","guid":{"rendered":"https:\/\/www.europesays.com\/fr\/533059\/"},"modified":"2025-11-14T06:35:12","modified_gmt":"2025-11-14T06:35:12","slug":"30-ans-de-reclusion-pour-un-marseillais","status":"publish","type":"post","link":"https:\/\/www.europesays.com\/fr\/533059\/","title":{"rendered":"30 ans de r\u00e9clusion pour un Marseillais"},"content":{"rendered":"<p>Un Marseillais de 26 ans a \u00e9t\u00e9 condamn\u00e9 jeudi \u00e0 30 ans de r\u00e9clusion criminelle par la cour d&rsquo;assises des Alpes-Maritimes pour le meurtre d&rsquo;un jeune homme dans un quartier sensible de Nice la nuit de No\u00ebl 2021.<\/p>\n<p>La cour a ainsi suivi les r\u00e9quisitions du parquet g\u00e9n\u00e9ral, en y ajoutant une p\u00e9riode de suret\u00e9 des deux-tiers, alors que la d\u00e9fense avait plaid\u00e9 l&rsquo;acquittement.<\/p>\n<p>La nuit du drame, trois hommes arm\u00e9s et le visage partiellement dissimul\u00e9 se sont rendus au quartier de Las Planas, dans le nord de Nice, pour enlever un responsable d&rsquo;un groupe avec lequel ils se disputaient un point de deal tr\u00e8s lucratif dans un autre quartier.<\/p>\n<p>Mais la cible leur a \u00e9chapp\u00e9 et ils ont \u00e0 leur tour \u00e9t\u00e9 pris en chasse par des jeunes du quartier. Ils \u00e9taient en train de regagner leur voiture en courant quand l&rsquo;un d&rsquo;eux a tir\u00e9: Ermelindo Goncalves, 24 ans, s&rsquo;est \u00e9croul\u00e9.<\/p>\n<p>L&rsquo;analyse d&rsquo;un t\u00e9l\u00e9phone abandonn\u00e9 par le trio sur les lieux et de leur voiture vol\u00e9e retrouv\u00e9e en rase campagne a conduit la police vers un Ni\u00e7ois et deux Marseillais engag\u00e9s pour l&rsquo;\u00e9pauler dans la gestion de son point de deal.<\/p>\n<p>Le 19 janvier 2022, l&rsquo;interpellation du groupe dans le centre de Nice a vir\u00e9 au drame, lorsqu&rsquo;un quatri\u00e8me homme, qui n&rsquo;\u00e9tait pas pr\u00e9sent le soir de No\u00ebl, a \u00e9t\u00e9 tu\u00e9 par le tir accidentel d&rsquo;un policier, condamn\u00e9 par la suite \u00e0 un an de prison avec sursis pour homicide involontaire.<\/p>\n<p>Et le proc\u00e8s aux assises des deux Marseillais, ouvert le lundi 3 novembre, s&rsquo;est d\u00e9roul\u00e9 sans le Ni\u00e7ois, \u00e9vanoui dans la nature \u00e0 la faveur d&rsquo;une remise en libert\u00e9 provisoire.<\/p>\n<p>Bastien G., reconnu coupable du meurtre d&rsquo;Ermelindo Goncalves, et Yoann L., condamn\u00e9 \u00e0 8 ans de prison pour association de malfaiteurs pour le projet d&rsquo;enl\u00e8vement, ont r\u00e9fut\u00e9 toute implication, assurant qu&rsquo;ils ne faisaient que squatter un logement dans le quartier de Las Planas.<\/p>\n<p>Leurs avocats ont d\u00e9nonc\u00e9 des contradictions dans les r\u00e9cits parcellaires des nombreux t\u00e9moins et des manquements des enqu\u00eateurs, estimant que des pistes avaient pu \u00eatre \u00e9cart\u00e9es pour prot\u00e9ger des informateurs de la police.<\/p>\n<p>Ainsi, Ermelindo Goncalves a \u00e9t\u00e9 touch\u00e9 dans le dos: la d\u00e9fense a \u00e9voqu\u00e9 la possibilit\u00e9 d&rsquo;un tir provenant d&rsquo;un autre poursuivant puisqu&rsquo;il \u00e9tait en t\u00eate du petit groupe mais le jury a retenu l&rsquo;hypoth\u00e8se qu&rsquo;il a pu faire demi-tour face \u00e0 la menace de l&rsquo;arme du tireur.<\/p>\n<p>Pour l&rsquo;avocate g\u00e9n\u00e9rale, Bastien G. a tir\u00e9, \u00ab\u00a0par fiert\u00e9, comme un doigt d&rsquo;honneur\u00a0\u00bb \u00e0 ces jeunes qui avaient refus\u00e9 d&rsquo;avoir peur de lui. Son mutisme devant la cour montre qu&rsquo;il est \u00ab\u00a0prisonnier de son milieu de trafiquants, de la loi du silence o\u00f9 personne n&rsquo;assume rien\u00a0\u00bb et qu&rsquo;il risque de le rester encore des ann\u00e9es, a-t-elle ajout\u00e9.<\/p>\n<p>\u00ab\u00a0Il faut que Nice, \u00e7a ne devienne pas Marseille\u00a0\u00bb, a-t-elle lanc\u00e9, quand Me Jean-Yves Garino, avocat de Bastien G., a estim\u00e9 que ce dernier \u00e9tait un \u00ab\u00a0bouc \u00e9missaire\u00a0\u00bb des autorit\u00e9s pour pallier leur incapacit\u00e9 \u00e0 r\u00e9sorber les trafics.<\/p>\n","protected":false},"excerpt":{"rendered":"Un Marseillais de 26 ans a \u00e9t\u00e9 condamn\u00e9 jeudi \u00e0 30 ans de r\u00e9clusion criminelle par la cour&hellip;\n","protected":false},"author":2,"featured_media":533060,"comment_status":"","ping_status":"","sticky":false,"template":"","format":"standard","meta":{"footnotes":""},"categories":[2819],"tags":[1111,11,1777,674,1011,27,303,884,777,12,2401,882,25],"class_list":{"0":"post-533059","1":"post","2":"type-post","3":"status-publish","4":"format-standard","5":"has-post-thumbnail","7":"category-nice","8":"tag-actu","9":"tag-actualites","10":"tag-eu","11":"tag-europe","12":"tag-fr","13":"tag-france","14":"tag-justice","15":"tag-marseille","16":"tag-meurtre","17":"tag-news","18":"tag-nice","19":"tag-provence-alpes-cote-dazur","20":"tag-republique-francaise"},"share_on_mastodon":{"url":"https:\/\/pubeurope.com\/@fr\/115546667435713042","error":""},"_links":{"self":[{"href":"https:\/\/www.europesays.com\/fr\/wp-json\/wp\/v2\/posts\/533059","targetHints":{"allow":["GET"]}}],"collection":[{"href":"https:\/\/www.europesays.com\/fr\/wp-json\/wp\/v2\/posts"}],"about":[{"href":"https:\/\/www.europesays.com\/fr\/wp-json\/wp\/v2\/types\/post"}],"author":[{"embeddable":true,"href":"https:\/\/www.europesays.com\/fr\/wp-json\/wp\/v2\/users\/2"}],"replies":[{"embeddable":true,"href":"https:\/\/www.europesays.com\/fr\/wp-json\/wp\/v2\/comments?post=533059"}],"version-history":[{"count":0,"href":"https:\/\/www.europesays.com\/fr\/wp-json\/wp\/v2\/posts\/533059\/revisions"}],"wp:featuredmedia":[{"embeddable":true,"href":"https:\/\/www.europesays.com\/fr\/wp-json\/wp\/v2\/media\/533060"}],"wp:attachment":[{"href":"https:\/\/www.europesays.com\/fr\/wp-json\/wp\/v2\/media?parent=533059"}],"wp:term":[{"taxonomy":"category","embeddable":true,"href":"https:\/\/www.europesays.com\/fr\/wp-json\/wp\/v2\/categories?post=533059"},{"taxonomy":"post_tag","embeddable":true,"href":"https:\/\/www.europesays.com\/fr\/wp-json\/wp\/v2\/tags?post=533059"}],"curies":[{"name":"wp","href":"https:\/\/api.w.org\/{rel}","templated":true}]}}