{"id":533061,"date":"2025-11-14T06:36:32","date_gmt":"2025-11-14T06:36:32","guid":{"rendered":"https:\/\/www.europesays.com\/fr\/533061\/"},"modified":"2025-11-14T06:36:32","modified_gmt":"2025-11-14T06:36:32","slug":"cette-commune-de-loire-atlantique-accueille-une-journee-pour-honorer-la-cause-palestinienne","status":"publish","type":"post","link":"https:\/\/www.europesays.com\/fr\/533061\/","title":{"rendered":"Cette commune de Loire-Atlantique accueille une journ\u00e9e pour honorer la cause palestinienne"},"content":{"rendered":"<p>Samedi 22\u00a0novembre 2025, la salle municipale de la Bergerie ouvrira ses portes pour une journ\u00e9e exceptionnelle organis\u00e9e par l\u2019Association France-Palestine solidarit\u00e9 44 (AFPS 44). Au c\u0153ur de cet \u00e9v\u00e9nement\u00a0: la d\u00e9couverte de la culture palestinienne, des t\u00e9moignages poignants et un \u00e9lan de solidarit\u00e9 envers les populations de Gaza et de Cisjordanie.<\/p>\n<p><strong>LIRE AUSSI\u00a0:<\/strong> <a href=\"https:\/\/nantes.maville.com\/actu\/actudet_-la-ville-de-nantes-va-hisser-le-drapeau-palestinien-la-droite-s-y-oppose-_8-6980217_actu.Htm\" rel=\"nofollow noopener\" target=\"_blank\">La ville de Nantes va hisser le drapeau palestinien, la droite s\u2019y oppose<\/a> <\/p>\n<p>Un programme riche pour comprendre et agir<\/p>\n<p>D\u00e8s 15\u00a0h, le public sera accueilli dans une ambiance \u00e0 la fois chaleureuse et engag\u00e9e. Une table associative permettra de s\u2019informer sur les actions men\u00e9es par l\u2019AFPS 44 et d\u2019apporter un soutien financier aux projets humanitaires en cours, notamment \u00e0 Gaza, o\u00f9 la situation reste critique.<\/p>\n<p>\u00c0 15\u00a0h\u00a030, l\u2019exposition Grandir en Palestine, sign\u00e9e par les photographes Jocelyne et G\u00e9rard Tr\u00e9gret, offrira un regard sensible et document\u00e9 sur la vie quotidienne des Palestiniens. Les auteurs commenteront leurs clich\u00e9s, partageant leurs exp\u00e9riences et les r\u00e9alit\u00e9s souvent m\u00e9connues de ce territoire.<\/p>\n<p><strong>LIRE AUSSI\u00a0:<\/strong> <a href=\"https:\/\/saint-nazaire.maville.com\/actu\/actudet_-un-adolescent-de-15-ans-blesse-grave-dans-un-accident-de-la-route-a-saint-pere-en-retz-_8-7009948_actu.Htm\" rel=\"nofollow noopener\" target=\"_blank\">Un adolescent de 15\u00a0ans bless\u00e9 grave dans un accident de la route \u00e0 Saint-P\u00e8re-en-Retz<\/a><\/p>\n<p>Des t\u00e9moignages pour \u00e9clairer l\u2019actualit\u00e9<\/p>\n<p>Le temps fort de l\u2019apr\u00e8s-midi d\u00e9butera \u00e0 16\u00a0h\u00a030 avec une conf\u00e9rence-d\u00e9bat anim\u00e9e par des intervenants de premier plan. Pierre Stambul, porte-parole de l\u2019Union juive fran\u00e7aise pour la paix (UJFP), analysera les origines et les cons\u00e9quences du conflit actuel, posant une question cruciale\u00a0: \u00ab\u00a0Comment en est-on arriv\u00e9 au g\u00e9nocide\u00a0? Comment en sortir\u00a0?\u00a0\u00bb<\/p>\n<p>Ses propos seront compl\u00e9t\u00e9s par les t\u00e9moignages de Palestiniens originaires de Gaza, aujourd\u2019hui r\u00e9fugi\u00e9s \u00e0 Nantes. Leurs r\u00e9cits, \u00e0 la fois personnels et universels, permettront de mieux saisir les enjeux humains derri\u00e8re les chiffres et les images qui nous parviennent.<\/p>\n<p><strong>LIRE AUSSI\u00a0: <\/strong> <a href=\"https:\/\/nantes.maville.com\/actu\/actudet_-les-pompiers-au-secours-d-un-homme-ayant-chute-dans-un-puits-a-saint-pere-en-retz-_8-7051201_actu.Htm\" rel=\"nofollow noopener\" target=\"_blank\">Les pompiers au secours d\u2019un homme ayant chut\u00e9 dans un puits \u00e0 Saint-P\u00e8re-en-Retz<\/a><\/p>\n<p>Une soir\u00e9e festive et solidaire<\/p>\n<p>\u00c0 partir de 19\u00a0heures, l\u2019\u00e9v\u00e9nement prendra une tournure plus conviviale et culturelle. Un repas traditionnel palestinien (sur inscription, participation payante) sera servi, accompagn\u00e9 de musique palestinienne, pour une immersion dans les traditions et la richesse culturelle de ce peuple.<\/p>\n<p>\u00ab\u00a0Cette journ\u00e9e est une occasion de rencontrer, comprendre et agir\u00a0\u00bb, explique un membre de l\u2019AFPS 44. \u00ab\u00a0Nous voulons offrir un espace o\u00f9 la parole se lib\u00e8re, o\u00f9 la culture palestinienne est c\u00e9l\u00e9br\u00e9e, et o\u00f9 la solidarit\u00e9 devient concr\u00e8te.\u00a0\u00bb<\/p>\n<p>Samedi 22\u00a0novembre 2025, de 15\u00a0h \u00e0 23\u00a0h. Salle municipale de la Bergerie, Saint-P\u00e8re-en-Retz.????br\/&gt;Entr\u00e9e libre (possibilit\u00e9 de soutenir financi\u00e8rement les projets en Palestine).\u00a0Repas payant (inscription obligatoire avant le 15\u00a0novembre).R\u00e9servations\u00a0: en ligne sur Hello asso ou par t\u00e9l\u00e9phone au 06\u00a007\u00a028\u00a075\u00a033 ou 06\u00a007\u00a073\u00a088\u00a041<\/p>\n<p>\u00a0<\/p>\n","protected":false},"excerpt":{"rendered":"Samedi 22\u00a0novembre 2025, la salle municipale de la Bergerie ouvrira ses portes pour une journ\u00e9e exceptionnelle organis\u00e9e par&hellip;\n","protected":false},"author":2,"featured_media":533062,"comment_status":"","ping_status":"","sticky":false,"template":"","format":"standard","meta":{"footnotes":""},"categories":[2818],"tags":[7617,1111,11,3738,7052,1777,674,1011,27,65275,3465,3047,766,12,65276,2636,25],"class_list":{"0":"post-533061","1":"post","2":"type-post","3":"status-publish","4":"format-standard","5":"has-post-thumbnail","7":"category-nantes","8":"tag-accueille","9":"tag-actu","10":"tag-actualites","11":"tag-cause","12":"tag-commune","13":"tag-eu","14":"tag-europe","15":"tag-fr","16":"tag-france","17":"tag-honorer","18":"tag-journee","19":"tag-loire-atlantique","20":"tag-nantes","21":"tag-news","22":"tag-palestinienne","23":"tag-pays-de-la-loire","24":"tag-republique-francaise"},"share_on_mastodon":{"url":"https:\/\/pubeurope.com\/@fr\/115546671394626044","error":""},"_links":{"self":[{"href":"https:\/\/www.europesays.com\/fr\/wp-json\/wp\/v2\/posts\/533061","targetHints":{"allow":["GET"]}}],"collection":[{"href":"https:\/\/www.europesays.com\/fr\/wp-json\/wp\/v2\/posts"}],"about":[{"href":"https:\/\/www.europesays.com\/fr\/wp-json\/wp\/v2\/types\/post"}],"author":[{"embeddable":true,"href":"https:\/\/www.europesays.com\/fr\/wp-json\/wp\/v2\/users\/2"}],"replies":[{"embeddable":true,"href":"https:\/\/www.europesays.com\/fr\/wp-json\/wp\/v2\/comments?post=533061"}],"version-history":[{"count":0,"href":"https:\/\/www.europesays.com\/fr\/wp-json\/wp\/v2\/posts\/533061\/revisions"}],"wp:featuredmedia":[{"embeddable":true,"href":"https:\/\/www.europesays.com\/fr\/wp-json\/wp\/v2\/media\/533062"}],"wp:attachment":[{"href":"https:\/\/www.europesays.com\/fr\/wp-json\/wp\/v2\/media?parent=533061"}],"wp:term":[{"taxonomy":"category","embeddable":true,"href":"https:\/\/www.europesays.com\/fr\/wp-json\/wp\/v2\/categories?post=533061"},{"taxonomy":"post_tag","embeddable":true,"href":"https:\/\/www.europesays.com\/fr\/wp-json\/wp\/v2\/tags?post=533061"}],"curies":[{"name":"wp","href":"https:\/\/api.w.org\/{rel}","templated":true}]}}