{"id":533067,"date":"2025-11-14T06:39:13","date_gmt":"2025-11-14T06:39:13","guid":{"rendered":"https:\/\/www.europesays.com\/fr\/533067\/"},"modified":"2025-11-14T06:39:13","modified_gmt":"2025-11-14T06:39:13","slug":"gap-accueille-bordeaux-les-brianconnais-se-deplacent-a-cergy-pontoise","status":"publish","type":"post","link":"https:\/\/www.europesays.com\/fr\/533067\/","title":{"rendered":"Gap accueille Bordeaux, les Brian\u00e7onnais se d\u00e9placent \u00e0 Cergy Pontoise"},"content":{"rendered":"<p itemprop=\"description\"><strong>16\u00e8me journ\u00e9e de Ligue Magnus ce vendredi.<\/strong><\/p>\n<p style=\"text-align: justify;\">Nos clubs chaussent les patins ce vendredi soir. Dans le cadre de la 16\u00e8me journ\u00e9e de Ligue Magnus, les Rapaces de Gap accueillent \u00e0 20h00 Bordeaux sur la glace de l\u2019Alp Arena. Les Diables Rouges de Brian\u00e7on sont eux en d\u00e9placement \u00e0 Cergy Pontoise. D\u00e9but des hostilit\u00e9s d\u00e8s 20h30.<\/p>\n<p style=\"text-align: justify;\">Au classement g\u00e9n\u00e9ral, les Gapen\u00e7ais sont 10\u00e8me et les Brian\u00e7onnais 11\u00e8me.\u00a0<\/p>\n<p style=\"text-align: right;\"><strong>LR<\/strong><\/p>\n","protected":false},"excerpt":{"rendered":"16\u00e8me journ\u00e9e de Ligue Magnus ce vendredi. Nos clubs chaussent les patins ce vendredi soir. Dans le cadre&hellip;\n","protected":false},"author":2,"featured_media":533068,"comment_status":"","ping_status":"","sticky":false,"template":"","format":"standard","meta":{"footnotes":""},"categories":[2817],"tags":[1111,11,7733,8279,1997,7736,650,7734,2889,2263,1777,674,1011,27,1085,8280,6417,1114,4662,12,2219,3725,1825,25,7053,7737],"class_list":{"0":"post-533067","1":"post","2":"type-post","3":"status-publish","4":"format-standard","5":"has-post-thumbnail","7":"category-bordeaux","8":"tag-actu","9":"tag-actualites","10":"tag-alpes","11":"tag-alpes1","12":"tag-bordeaux","13":"tag-cds","14":"tag-cinema","15":"tag-ecoute","16":"tag-emission","17":"tag-equipe","18":"tag-eu","19":"tag-europe","20":"tag-fr","21":"tag-france","22":"tag-gap","23":"tag-haute","24":"tag-information","25":"tag-infos","26":"tag-journal","27":"tag-news","28":"tag-nouvelle-aquitaine","29":"tag-podcast","30":"tag-radio","31":"tag-republique-francaise","32":"tag-sud","33":"tag-winamp"},"share_on_mastodon":{"url":"https:\/\/pubeurope.com\/@fr\/115546683154610994","error":""},"_links":{"self":[{"href":"https:\/\/www.europesays.com\/fr\/wp-json\/wp\/v2\/posts\/533067","targetHints":{"allow":["GET"]}}],"collection":[{"href":"https:\/\/www.europesays.com\/fr\/wp-json\/wp\/v2\/posts"}],"about":[{"href":"https:\/\/www.europesays.com\/fr\/wp-json\/wp\/v2\/types\/post"}],"author":[{"embeddable":true,"href":"https:\/\/www.europesays.com\/fr\/wp-json\/wp\/v2\/users\/2"}],"replies":[{"embeddable":true,"href":"https:\/\/www.europesays.com\/fr\/wp-json\/wp\/v2\/comments?post=533067"}],"version-history":[{"count":0,"href":"https:\/\/www.europesays.com\/fr\/wp-json\/wp\/v2\/posts\/533067\/revisions"}],"wp:featuredmedia":[{"embeddable":true,"href":"https:\/\/www.europesays.com\/fr\/wp-json\/wp\/v2\/media\/533068"}],"wp:attachment":[{"href":"https:\/\/www.europesays.com\/fr\/wp-json\/wp\/v2\/media?parent=533067"}],"wp:term":[{"taxonomy":"category","embeddable":true,"href":"https:\/\/www.europesays.com\/fr\/wp-json\/wp\/v2\/categories?post=533067"},{"taxonomy":"post_tag","embeddable":true,"href":"https:\/\/www.europesays.com\/fr\/wp-json\/wp\/v2\/tags?post=533067"}],"curies":[{"name":"wp","href":"https:\/\/api.w.org\/{rel}","templated":true}]}}