{"id":533069,"date":"2025-11-14T06:40:13","date_gmt":"2025-11-14T06:40:13","guid":{"rendered":"https:\/\/www.europesays.com\/fr\/533069\/"},"modified":"2025-11-14T06:40:13","modified_gmt":"2025-11-14T06:40:13","slug":"metro-a-toulouse-le-projet-dagrandissement-de-ce-parking-relais-de-tisseo-est-officiellement-lance","status":"publish","type":"post","link":"https:\/\/www.europesays.com\/fr\/533069\/","title":{"rendered":"M\u00e9tro \u00e0 Toulouse. Le projet d&rsquo;agrandissement de ce parking-relais de Tiss\u00e9o est officiellement lanc\u00e9"},"content":{"rendered":"<p>                    Par<br \/>\n        <strong><br \/>\n            <a href=\"https:\/\/actu.fr\/auteur\/david-saint-sernin\" title=\"Consulter tous les articles de David Saint-Sernin\" target=\"_blank\" rel=\"noopener\">David Saint-Sernin<\/a><br \/>\n                    <\/strong><\/p>\n<p>        Publi\u00e9 le<\/p>\n<p>            14 nov. 2025 \u00e0 7h12        <\/p>\n<p>C\u2019est<a href=\"https:\/\/actu.fr\/occitanie\/toulouse_31555\/toulouse-la-galere-comme-seul-horizon-satures-les-parkings-de-tisseo-font-vivre-un-enfer-aux-habitants_62079465.html\" target=\"_blank\" rel=\"noopener\"> l\u2019un des parkings-relais de Tiss\u00e9o<\/a> qui irrite le plus les usagers de l\u2019agglom\u00e9ration de <strong>Toulouse<\/strong>. En semaine, pass\u00e9 8h30, il est en effet tr\u00e8s difficile d\u2019y trouver une place. Son agrandissement en 2019, soit 250 places suppl\u00e9mentaires, s\u2019est r\u00e9v\u00e9l\u00e9 largement insuffisant. Avec ses 1358 places, <a href=\"https:\/\/actu.fr\/societe\/toulouse-deja-agrandi-mais-toujours-sature-ce-parking-relais-du-metro-va-etre-a-nouveau-etendu_41004283.html\" target=\"_blank\" rel=\"noopener\">le parking de Borderouge<\/a> est satur\u00e9. Alors <a href=\"https:\/\/actu.fr\/occitanie\/toulouse_31555\/completement-sature-des-le-debut-de-journee-ce-vaste-parking-de-toulouse-va-etre-agrandi_62614864.html\" target=\"_blank\" rel=\"noopener\">comme vous l\u2019avait annonc\u00e9 Actu Toulouse il y a quelques mois<\/a>, Tiss\u00e9o \u00e9tudiait la possibilit\u00e9 d\u2019une nouvelle extension. Ce projet se concr\u00e9tise un peu plus puisque d\u00e9but novembre\u00a02025, Tiss\u00e9o a<strong> lanc\u00e9 un appel d\u2019offres<\/strong> pour \u00ab\u2009la r\u00e9alisation d\u2019une op\u00e9ration visant \u00e0 \u00e9tendre la capacit\u00e9 du P +\u00a0R de Borderouge\u2009\u00bb.<\/p>\n<p>Tiss\u00e9o engage le processus pour \u00e9tendre le parking<\/p>\n<p class=\" wall-content\">Lanc\u00e9 le 2\u00a0novembre 2025, il vise \u00e0 s\u00e9lectionner l\u2019entreprise qui sera charg\u00e9e de proposer le projet r\u00e9pondant le mieux au cahier des charges de Tiss\u00e9o, et <strong>au meilleur prix<\/strong>. Le march\u00e9 porte sur une dur\u00e9e de 4\u00a0ans. Ce qui conduirait \u00e0 une extension \u00e0 l\u2019horizon 2030.<\/p>\n<p class=\" wall-content\">Quel sera le nombre de places suppl\u00e9mentaires et quel type de parking va \u00eatre choisi\u2009? Cela pourrait \u00eatre <strong>un parking-silo<\/strong> comme \u00e0 Balma-Gramont. Tiss\u00e9o indiquait d\u00e9but 2025 \u00e0 Actu Toulouse r\u00e9fl\u00e9chir \u00e0 cette \u00e9ventualit\u00e9 pour les ann\u00e9es \u00e0 venir.\u00a0<\/p>\n<p>Des parcelles d\u00e9di\u00e9es \u00e0 ce projet<\/p>\n<p class=\" wall-content\">L\u2019autorit\u00e9 des transports de l\u2019agglom\u00e9ration toulousaine peut compter sur plusieurs parcelles qu\u2019elle a achet\u00e9 en 2021 pour r\u00e9aliser son projet. \u00c0 l\u2019\u00e9poque, c\u2019est une emprise de 2\u2009800\u00a0m2 qui a \u00e9t\u00e9 acquise pour 850\u2009000\u00a0euros. Elle se trouve au 103 de la rue Edmond Rostand, juste \u00e0 c\u00f4t\u00e9 du parking.<\/p>\n<p class=\" wall-content\">Pour rappel, le dernier parking silo qui a \u00e9t\u00e9 construit pr\u00e8s du m\u00e9tro\u00a0l\u2019a \u00e9t\u00e9 \u00e0 Basso-Cambo.\u00a0Il a ouvert en ao\u00fbt\u00a02022.<\/p>\n<p>De nouveaux parkings \u00e0 venir<\/p>\n<p class=\" wall-content\">En janvier\u00a02025, Tiss\u00e9o avait indiqu\u00e9 \u00e0 Actu Toulouse plancher sur \u00ab\u2009des projets de parking\u2009\u00bb, notamment ceux <strong>li\u00e9s \u00e0 la construction de la ligne C de m\u00e9tro<\/strong>.<\/p>\n<p class=\" wall-content\">Concr\u00e8tement, de nouveaux parkings silo (2\u2009600 places au total) seront install\u00e9s pr\u00e8s de quatre stations\u2009: Colomiers-Gare, La Vache, Lab\u00e8ge La Cad\u00e8ne, et dans une moindre mesure Sept-Deniers, avec 100 places.<\/p>\n<p>Votre r\u00e9gion, votre actu !<\/p>\n<p>Recevez chaque jour les infos qui comptent pour vous.<\/p>\n<p>\t<a href=\"https:\/\/actu.fr\/newsletter\" class=\"ac-btn ac-btn--corner ac-btn--medium ac-btn--blue800\" target=\"_blank\" rel=\"noopener\">S&rsquo;incrire<\/a><\/p>\n<p class=\" wall-content\">\u00c0 plus court terme, c\u2019est<strong> le parc relais de Jolimont qui doit \u00eatre d\u00e9moli<\/strong>. Il a \u00e9t\u00e9 ferm\u00e9 fin ao\u00fbt\u00a02025 et vid\u00e9 des v\u00e9hicules qui y stationnaient.<\/p>\n<p class=\" wall-content\">Au niveau de l\u2019ancien terminus de la ligne A (jusqu\u2019en 2004, NDLR), c\u2019est un projet immobilier de quatre immeubles qui va voir le jour d\u2019ici 2027.<\/p>\n<p class=\" wall-content\">Personnalisez votre actualit\u00e9 en ajoutant vos villes et m\u00e9dias en favori avec <a href=\"https:\/\/moncompte.actu.fr\" title=\"D\u00e9couvez Mon Actu\" rel=\"nofollow noopener\" data-trk=\"{&quot;cta&quot;:{&quot;action&quot;:&quot;https:\\\/\\\/moncompte.actu.fr&quot;,&quot;category&quot;:&quot;mon compte&quot;,&quot;from&quot;:&quot;article footer&quot;,&quot;name&quot;:&quot;Mon actu&quot;,&quot;type&quot;:&quot;cta&quot;}}\" target=\"_blank\">Mon Actu<\/a>.<\/p>\n","protected":false},"excerpt":{"rendered":"Par David Saint-Sernin Publi\u00e9 le 14 nov. 2025 \u00e0 7h12 C\u2019est l\u2019un des parkings-relais de Tiss\u00e9o qui irrite&hellip;\n","protected":false},"author":2,"featured_media":533070,"comment_status":"","ping_status":"","sticky":false,"template":"","format":"standard","meta":{"footnotes":""},"categories":[2816],"tags":[1111,11,1777,674,1011,27,12,2680,25,104,5400,2312],"class_list":{"0":"post-533069","1":"post","2":"type-post","3":"status-publish","4":"format-standard","5":"has-post-thumbnail","7":"category-toulouse","8":"tag-actu","9":"tag-actualites","10":"tag-eu","11":"tag-europe","12":"tag-fr","13":"tag-france","14":"tag-news","15":"tag-occitanie","16":"tag-republique-francaise","17":"tag-societe","18":"tag-tisseo","19":"tag-toulouse"},"share_on_mastodon":{"url":"https:\/\/pubeurope.com\/@fr\/115546686924275819","error":""},"_links":{"self":[{"href":"https:\/\/www.europesays.com\/fr\/wp-json\/wp\/v2\/posts\/533069","targetHints":{"allow":["GET"]}}],"collection":[{"href":"https:\/\/www.europesays.com\/fr\/wp-json\/wp\/v2\/posts"}],"about":[{"href":"https:\/\/www.europesays.com\/fr\/wp-json\/wp\/v2\/types\/post"}],"author":[{"embeddable":true,"href":"https:\/\/www.europesays.com\/fr\/wp-json\/wp\/v2\/users\/2"}],"replies":[{"embeddable":true,"href":"https:\/\/www.europesays.com\/fr\/wp-json\/wp\/v2\/comments?post=533069"}],"version-history":[{"count":0,"href":"https:\/\/www.europesays.com\/fr\/wp-json\/wp\/v2\/posts\/533069\/revisions"}],"wp:featuredmedia":[{"embeddable":true,"href":"https:\/\/www.europesays.com\/fr\/wp-json\/wp\/v2\/media\/533070"}],"wp:attachment":[{"href":"https:\/\/www.europesays.com\/fr\/wp-json\/wp\/v2\/media?parent=533069"}],"wp:term":[{"taxonomy":"category","embeddable":true,"href":"https:\/\/www.europesays.com\/fr\/wp-json\/wp\/v2\/categories?post=533069"},{"taxonomy":"post_tag","embeddable":true,"href":"https:\/\/www.europesays.com\/fr\/wp-json\/wp\/v2\/tags?post=533069"}],"curies":[{"name":"wp","href":"https:\/\/api.w.org\/{rel}","templated":true}]}}