{"id":533080,"date":"2025-11-14T06:48:11","date_gmt":"2025-11-14T06:48:11","guid":{"rendered":"https:\/\/www.europesays.com\/fr\/533080\/"},"modified":"2025-11-14T06:48:11","modified_gmt":"2025-11-14T06:48:11","slug":"un-drame-evite-le-patient-voulait-faire-exploser-une-bouteille-doxygene","status":"publish","type":"post","link":"https:\/\/www.europesays.com\/fr\/533080\/","title":{"rendered":"un drame \u00e9vit\u00e9, le patient voulait faire exploser une bouteille d&rsquo;oxyg\u00e8ne"},"content":{"rendered":"<p itemprop=\"description\"><strong>Ce jeudi en fin d&rsquo;apr\u00e8s-midi, un drame a \u00e9t\u00e9 \u00e9vit\u00e9 de justesse devant l&rsquo;h\u00f4pital Edouard-Herriot \u00e0 Lyon.<\/strong><\/p>\n<p>Les pompiers avaient pris en charge un homme tr\u00e8s excit\u00e9 boulevard Vivier-Merle et \u00e9taient en train de le confier au personnel soignant.<\/p>\n<p>Sauf que l&rsquo;individu s&rsquo;est d\u00e9tach\u00e9 et a allum\u00e9 un briquet \u00e0 proximit\u00e9 de la bouteille d&rsquo;oxyg\u00e8ne avec l&rsquo;intention de la faire exploser.<\/p>\n<p>La r\u00e9action des soldats du feu a \u00e9t\u00e9 imm\u00e9diate pour ma\u00eetriser l&rsquo;homme. Incontr\u00f4lable, il a fallu que le personnel de HEH prenne le relais pour le s\u00e9dater.<\/p>\n<p>Une belle frayeur sans cons\u00e9quence. Les pompiers ont tout de m\u00eame port\u00e9 plainte.<\/p>\n","protected":false},"excerpt":{"rendered":"Ce jeudi en fin d&rsquo;apr\u00e8s-midi, un drame a \u00e9t\u00e9 \u00e9vit\u00e9 de justesse devant l&rsquo;h\u00f4pital Edouard-Herriot \u00e0 Lyon. Les&hellip;\n","protected":false},"author":2,"featured_media":533081,"comment_status":"","ping_status":"","sticky":false,"template":"","format":"standard","meta":{"footnotes":""},"categories":[1889],"tags":[1111,11,2813,2190,2430,1109,251,1112,2811,1777,674,118,1011,27,1922,1110,1114,2428,2810,12,241,316,25,2812,517,800],"class_list":{"0":"post-533080","1":"post","2":"type-post","3":"status-publish","4":"format-standard","5":"has-post-thumbnail","7":"category-lyon","8":"tag-actu","9":"tag-actualites","10":"tag-article","11":"tag-asvel","12":"tag-auvergne-rhone-alpes","13":"tag-breves","14":"tag-culture","15":"tag-depeches","16":"tag-economique","17":"tag-eu","18":"tag-europe","19":"tag-faits-divers","20":"tag-fr","21":"tag-france","22":"tag-info","23":"tag-informations","24":"tag-infos","25":"tag-lyon","26":"tag-lyonmag","27":"tag-news","28":"tag-ol","29":"tag-politique","30":"tag-republique-francaise","31":"tag-sociale","32":"tag-sport","33":"tag-transports"},"share_on_mastodon":{"url":"https:\/\/pubeurope.com\/@fr\/115546718433964603","error":""},"_links":{"self":[{"href":"https:\/\/www.europesays.com\/fr\/wp-json\/wp\/v2\/posts\/533080","targetHints":{"allow":["GET"]}}],"collection":[{"href":"https:\/\/www.europesays.com\/fr\/wp-json\/wp\/v2\/posts"}],"about":[{"href":"https:\/\/www.europesays.com\/fr\/wp-json\/wp\/v2\/types\/post"}],"author":[{"embeddable":true,"href":"https:\/\/www.europesays.com\/fr\/wp-json\/wp\/v2\/users\/2"}],"replies":[{"embeddable":true,"href":"https:\/\/www.europesays.com\/fr\/wp-json\/wp\/v2\/comments?post=533080"}],"version-history":[{"count":0,"href":"https:\/\/www.europesays.com\/fr\/wp-json\/wp\/v2\/posts\/533080\/revisions"}],"wp:featuredmedia":[{"embeddable":true,"href":"https:\/\/www.europesays.com\/fr\/wp-json\/wp\/v2\/media\/533081"}],"wp:attachment":[{"href":"https:\/\/www.europesays.com\/fr\/wp-json\/wp\/v2\/media?parent=533080"}],"wp:term":[{"taxonomy":"category","embeddable":true,"href":"https:\/\/www.europesays.com\/fr\/wp-json\/wp\/v2\/categories?post=533080"},{"taxonomy":"post_tag","embeddable":true,"href":"https:\/\/www.europesays.com\/fr\/wp-json\/wp\/v2\/tags?post=533080"}],"curies":[{"name":"wp","href":"https:\/\/api.w.org\/{rel}","templated":true}]}}