{"id":533082,"date":"2025-11-14T06:49:13","date_gmt":"2025-11-14T06:49:13","guid":{"rendered":"https:\/\/www.europesays.com\/fr\/533082\/"},"modified":"2025-11-14T06:49:13","modified_gmt":"2025-11-14T06:49:13","slug":"rtl-a-visite-la-base-aerienne-942-de-lyon-mont-verdun-qui-se-prepare-aux-attaques-de-drones","status":"publish","type":"post","link":"https:\/\/www.europesays.com\/fr\/533082\/","title":{"rendered":"RTL a visit\u00e9 la base a\u00e9rienne 942 de Lyon Mont-Verdun, qui se pr\u00e9pare aux attaques de drones"},"content":{"rendered":"<p class=\"article-p mdl\">C&rsquo;est l&rsquo;un des centres les plus secrets, et les mieux prot\u00e9g\u00e9s de France. La base a\u00e9rienne 942 (BA 942), pr\u00e8s de Lyon, au Mont-Verdun, surveille tout l&rsquo;espace a\u00e9rien fran\u00e7ais alors que les affaires de survols ill\u00e9gaux de drone se multiplient. En Dordogne,\u00a0<a class=\"link\" href=\"https:\/\/www.rtl.fr\/actu\/international\/dordogne-une-usine-d-armement-survolee-par-un-drone-deux-fois-en-une-semaine-7900566319\" target=\"_blank\" rel=\"noopener\">la soci\u00e9t\u00e9 Eurenco<\/a>, qui fabrique de la poudre d&rsquo;obus pour l&rsquo;arm\u00e9e fran\u00e7aise, a r\u00e9cemment \u00e9t\u00e9 survol\u00e9e.\u00a0<\/p>\n<p class=\"article-p mdl\">La BA 942 coordonne toutes les op\u00e9rations a\u00e9riennes, en lien avec les bases r\u00e9parties sur tout le territoire en cas de probl\u00e8me. Derri\u00e8re une porte blind\u00e9e, la \u00ab\u00a0war room\u00a0\u00bb, la salle de guerre o\u00f9 la lumi\u00e8re est tamis\u00e9e, permet aux militaires de suivre en temps r\u00e9el, devant des \u00e9crans g\u00e9ants, tous les a\u00e9ronefs, avions, drones qui survolent l&rsquo;espace a\u00e9rien. Ils se relaient 24 heures sur 24. C&rsquo;est ici aussi que s&rsquo;organise la riposte en cas de probl\u00e8me ou d&rsquo;attaque, avec l&rsquo;envoi imm\u00e9diat d&rsquo;un Rafale ou d&rsquo;un Mirage 2000.\u00a0<\/p>\n<p class=\"article-p mdl\">\u00ab\u00a0C&rsquo;est un coup de fil, c&rsquo;est une sir\u00e8ne qui va sonner dans la salle d&rsquo;alerte des \u00e9quipages (&#8230;) qui vont courir \u00e0 l&rsquo;avion et qui vont recevoir leurs consignes lorsqu&rsquo;ils auront d\u00e9coll\u00e9. Ils vont aller le plus rapidement possible sur l&rsquo;objet qu&rsquo;on souhaite qu&rsquo;ils interceptent\u00a0\u00bb, explique le chef des op\u00e9rations, le colonel Thomas, \u00e0 RTL.<\/p>\n<p>            Des attaques de drones en exercice<\/p>\n<p class=\"article-p mdl\"><a class=\"link\" href=\"https:\/\/www.rtl.fr\/actu\/international\/avions-de-chasse-canons-lasers-piratage-comment-la-france-fait-face-a-la-menace-des-survols-de-drones-7900548239\" target=\"_blank\" rel=\"noopener\">Le drone repr\u00e9sente clairement la nouvelle menace<\/a>. Et elle est prise tr\u00e8s au s\u00e9rieux par l&rsquo;arm\u00e9e fran\u00e7aise. \u00ab\u00a0Derri\u00e8re moi, on a une carte avec l&rsquo;illustration d&rsquo;un exercice conduit en janvier dernier, qui visait \u00e0 s&rsquo;entra\u00eener face \u00e0 une attaque massive de drones, d&rsquo;une envergure de 2 \u00e0 3 m\u00e8tres. C&rsquo;est ce qu&rsquo;on appelle des\u00a0munitions t\u00e9l\u00e9op\u00e9r\u00e9es qu&rsquo;on a tent\u00e9 de d\u00e9truire avant qu&rsquo;elles atteignent les c\u00f4tes fran\u00e7aises\u00a0\u00bb, pr\u00e9cise le colonel.<\/p>\n<p class=\"article-p mdl\">Quasiment chaque jour, un avion de chasse d\u00e9colle, pour intervenir, en toute discr\u00e9tion, pour prot\u00e9ger l&rsquo;espace a\u00e9rien fran\u00e7ais.<\/p>\n<p>    La r\u00e9daction vous recommande<\/p>\n<p class=\"s-newsletter__title\">\n                L\u2019actualit\u00e9 par la r\u00e9daction de RTL dans votre bo\u00eete mail.\n            <\/p>\n<p class=\"s-newsletter__subtitle\">\n                Gr\u00e2ce \u00e0 votre compte RTL abonnez-vous \u00e0 la newsletter RTL info pour suivre toute l&rsquo;actualit\u00e9 au quotidien\n            <\/p>\n<p>\n                                    Lire la suite\n                                <\/p>\n","protected":false},"excerpt":{"rendered":"C&rsquo;est l&rsquo;un des centres les plus secrets, et les mieux prot\u00e9g\u00e9s de France. La base a\u00e9rienne 942 (BA&hellip;\n","protected":false},"author":2,"featured_media":533083,"comment_status":"","ping_status":"","sticky":false,"template":"","format":"standard","meta":{"footnotes":""},"categories":[1889],"tags":[1111,11,1924,2430,2024,1777,674,107,1011,27,2428,12,362,25,65277],"class_list":{"0":"post-533082","1":"post","2":"type-post","3":"status-publish","4":"format-standard","5":"has-post-thumbnail","7":"category-lyon","8":"tag-actu","9":"tag-actualites","10":"tag-armement","11":"tag-auvergne-rhone-alpes","12":"tag-drones","13":"tag-eu","14":"tag-europe","15":"tag-fil-info","16":"tag-fr","17":"tag-france","18":"tag-lyon","19":"tag-news","20":"tag-replay","21":"tag-republique-francaise","22":"tag-vol-de-drone"},"share_on_mastodon":{"url":"https:\/\/pubeurope.com\/@fr\/115546722301504602","error":""},"_links":{"self":[{"href":"https:\/\/www.europesays.com\/fr\/wp-json\/wp\/v2\/posts\/533082","targetHints":{"allow":["GET"]}}],"collection":[{"href":"https:\/\/www.europesays.com\/fr\/wp-json\/wp\/v2\/posts"}],"about":[{"href":"https:\/\/www.europesays.com\/fr\/wp-json\/wp\/v2\/types\/post"}],"author":[{"embeddable":true,"href":"https:\/\/www.europesays.com\/fr\/wp-json\/wp\/v2\/users\/2"}],"replies":[{"embeddable":true,"href":"https:\/\/www.europesays.com\/fr\/wp-json\/wp\/v2\/comments?post=533082"}],"version-history":[{"count":0,"href":"https:\/\/www.europesays.com\/fr\/wp-json\/wp\/v2\/posts\/533082\/revisions"}],"wp:featuredmedia":[{"embeddable":true,"href":"https:\/\/www.europesays.com\/fr\/wp-json\/wp\/v2\/media\/533083"}],"wp:attachment":[{"href":"https:\/\/www.europesays.com\/fr\/wp-json\/wp\/v2\/media?parent=533082"}],"wp:term":[{"taxonomy":"category","embeddable":true,"href":"https:\/\/www.europesays.com\/fr\/wp-json\/wp\/v2\/categories?post=533082"},{"taxonomy":"post_tag","embeddable":true,"href":"https:\/\/www.europesays.com\/fr\/wp-json\/wp\/v2\/tags?post=533082"}],"curies":[{"name":"wp","href":"https:\/\/api.w.org\/{rel}","templated":true}]}}