{"id":533090,"date":"2025-11-14T06:54:15","date_gmt":"2025-11-14T06:54:15","guid":{"rendered":"https:\/\/www.europesays.com\/fr\/533090\/"},"modified":"2025-11-14T06:54:15","modified_gmt":"2025-11-14T06:54:15","slug":"ces-residents-aveugles-et-malvoyants-veulent-garder-leur-maison-a-paris","status":"publish","type":"post","link":"https:\/\/www.europesays.com\/fr\/533090\/","title":{"rendered":"ces r\u00e9sidents aveugles et malvoyants veulent \u00ab\u00a0garder leur maison\u00a0\u00bb \u00e0 Paris"},"content":{"rendered":"<p>                    Par<br \/>\n        <strong><br \/>\n            <a href=\"https:\/\/actu.fr\/auteur\/antoine-grotteria02\" title=\"Consulter tous les articles de Antoine Grotteria\" target=\"_blank\" rel=\"noopener\">Antoine Grotteria<\/a><br \/>\n                    <\/strong><\/p>\n<p>        Publi\u00e9 le<\/p>\n<p>            14 nov. 2025 \u00e0 6h26        <\/p>\n<p>\u00ab\u2009Ici, on ne part sans un petit verre de rhum\u2009!\u2009\u00bb Dans la matin\u00e9e gris\u00e2tre d\u2019un jour de novembre 2025, Alex Broussillon enjoint ses invit\u00e9s \u00e0 un moment lumineux. Sur la table, des brochettes de fruits, piqu\u00e9es de tomates, de raisins et de cl\u00e9mentines, ont \u00e9t\u00e9 dispos\u00e9es sur un plateau. Une bouteille de rhum venue de <a href=\"https:\/\/actu.fr\/guadeloupe\/\" target=\"_blank\" rel=\"noopener\">Guadeloupe<\/a> attend les convives. \u00c0 71\u00a0ans, cet ancien salari\u00e9 \u00e0 l\u2019h\u00f4pital de <a href=\"https:\/\/actu.fr\/ile-de-france\/orly_94054\/nourriture-au-sol-blesses-legers-un-vol-reliant-pointe-a-pitre-a-orly-cause-des-sueurs-froides_63160024.html\" target=\"_blank\" rel=\"noopener\">Pointe-\u00e0-Pitre<\/a> conserve pr\u00e9cieusement tout ce qui a trait \u00e0 l\u2019\u00eele dans laquelle il a grandi. Depuis quinze ans, la vie de cet homme atteint de c\u00e9cit\u00e9 se d\u00e9roule au <strong>64 rue Petit<\/strong>, dans le 19e arrondissement de <a href=\"https:\/\/actu.fr\/paris\/\" target=\"_blank\" rel=\"noopener\">Paris<\/a>. C\u2019est dans ce b\u00e2timent g\u00e9r\u00e9 par <strong>l\u2019association Valentin Hau\u00ff<\/strong> (AVH) qu\u2019une trentaine de personnes malvoyantes et aveugles sont log\u00e9es. Y figurent, -outre Alex-, V\u00e9ronique Linard, Lo\u00efc Cl\u00e9ment et Jeanine Deunff. Ensemble, ces retrait\u00e9s rencontr\u00e9s par actu Paris, se battent pour conserver leur r\u00e9sidence.<\/p>\n<p>Un transfert dans une friche<\/p>\n<p class=\" wall-content\">Aux racines de cette mobilisation, un projet\u2009: celui port\u00e9 par <strong>l\u2019association Valentin Hau\u00ff<\/strong>. Cette institution vieille de 135\u00a0ans, qui accompagne l\u2019insertion des <a href=\"https:\/\/actu.fr\/ile-de-france\/paris_75056\/paris-qu-est-ce-que-ce-nouveau-campus-international-dedie-aux-personnes-malvoyantes_61950567.html\" target=\"_blank\" rel=\"noopener\">personnes malvoyantes et aveugles<\/a>, souhaite transf\u00e9rer les r\u00e9sidents de la rue Petit, o\u00f9 figure son si\u00e8ge, \u00e0 <a href=\"https:\/\/actu.fr\/ile-de-france\/nanterre_92050\" target=\"_blank\" rel=\"noopener\">Nanterre<\/a>, dans une r\u00e9sidence flambant neuve du quartier de <a href=\"https:\/\/actu.fr\/ile-de-france\/nanterre_92050\/les-quartiers-des-gares-de-nanterre-la-folie-et-la-defense-chamboules-par-l-arrivee-du-metro-15_39621625.html\" target=\"_blank\" rel=\"noopener\">La Folie<\/a>. D\u2019autres r\u00e9sidences \u00e9tudiantes et s\u00e9niors seront \u00e9galement \u00e9difi\u00e9es.<\/p>\n<blockquote class=\"ac-article-quote wall-content\">\n<p>\u00ab\u00a0C&rsquo;est ici que le grand bidonville \u00e9tait install\u00e9. C&rsquo;est aussi ici qu&rsquo;est n\u00e9e une partie de la contestation de Mai-68, avec l&rsquo;intervention de Daniel Cohn-Bendit. D\u00e9sormais, c&rsquo;est ici qu&rsquo;on va rassembler les aveugles\u00a0\u00bb<\/p>\n<p>    <strong>Jeanne Dunff, 91 ans<\/strong><br \/>\n        R\u00e9sidente au 64 rue Petit, membre du comit\u00e9 de d\u00e9fense    <\/p><\/blockquote>\n<p class=\" wall-content\">Cette grande dame, ex-professeure, n\u2019a pas l\u2019habitude de m\u00e2cher ses mots.<\/p>\n<p>    <img   decoding=\"async\" loading=\"lazy\" src=\"https:\/\/www.europesays.com\/fr\/wp-content\/uploads\/2025\/11\/img-20251110-113856-resized-20251110-010317057-960x640.jpg\" alt=\"Dans le studio d'Alex Brousillon, dot\u00e9 d'une petite kitchenette et de tout le mobilier n\u00e9cessaire. \" width=\"960\" height=\"640\"\/><br \/>\n    Dans le studio d\u2019Alex Broussillon, avec Jeanine Dunff (ici en image), dot\u00e9 d\u2019une petite kitchenette et de tout le mobilier n\u00e9cessaire. (\u00a9AG\/ actu Paris)<\/p>\n<p class=\" wall-content\">Officiellement, l\u2019association Valentin Ha\u00fcy, contact\u00e9e par actu Paris, promet aux r\u00e9sidents \u00ab\u2009de <strong>nombreux services<\/strong> pour accompagner et am\u00e9liorer le quotidien des r\u00e9sidents, avec des infrastructures modernis\u00e9es et rendues plus accessibles\u2009\u00bb, avec \u00ab\u2009des <strong>espaces communs conviviaux<\/strong>, des \u00e9quipements innovants, ainsi que des <strong>loggias privatives<\/strong> pour certains appartements\u2009\u00bb.\u00a0C\u00f4t\u00e9 transports, un <strong>minibus<\/strong> pourrait \u00eatre d\u00e9ploy\u00e9, et le r\u00e9seau <a href=\"https:\/\/actu.fr\/societe\/les-handicapes-ne-sont-pas-des-poubelles-dans-les-yvelines-le-transport-a-la-demande-deraille_61830008.html\" target=\"_blank\" rel=\"noopener\">PAM<\/a> (personnes \u00e0 mobilit\u00e9 r\u00e9duite, NDLR) sera conserv\u00e9.<\/p>\n<p>De gros soucis de tr\u00e9sorerie<\/p>\n<p class=\" wall-content\">Dans quelques ann\u00e9es, le nouveau site de Valentin Hau\u00ff regroupera l\u2019ensemble de ses propri\u00e9t\u00e9s parisiennes. Un partage des ressources qui traduit des \u00ab<strong>\u2009difficult\u00e9s financi\u00e8res importantes<\/strong>\u2009\u00bb, insiste l\u2019association. Pour \u00e9ponger une dette en constance hausse, l\u2019organisation a planifi\u00e9 la vente de son \u00e9quipement de la rue Duroc (7e) et de ses foyers pour une somme de <strong>61,3\u00a0millions d\u2019euros<\/strong>. L\u2019association estime les recettes de la vente d\u2019une partie de la r\u00e9sidence de la rue Petit \u00ab\u2009entre 15 et 20\u00a0millions d\u2019euros\u2009\u00bb. Ce qui servira \u00e0 financer le chantier.<\/p>\n<p class=\" wall-content\">Ce transfert d\u2019argent sera compl\u00e9t\u00e9 par la participation d\u2019autres acteurs, comme la R\u00e9gion <a href=\"https:\/\/actu.fr\/ile-de-france\/\" target=\"_blank\" rel=\"noopener\">\u00cele-de-France<\/a>. La collectivit\u00e9 assure \u00e0 actu Paris qu\u2019un financement d\u2019\u00ab\u2009un million d\u2019euros\u2009\u00bb sera soumis au vote lors de la prochaine assembl\u00e9e, jeudi 20\u00a0novembre 2025.<\/p>\n<p>Votre r\u00e9gion, votre actu !<\/p>\n<p>Recevez chaque jour les infos qui comptent pour vous.<\/p>\n<p>\t<a href=\"https:\/\/actu.fr\/newsletter\" class=\"ac-btn ac-btn--corner ac-btn--medium ac-btn--blue800\" target=\"_blank\" rel=\"noopener\">S&rsquo;incrire<\/a><\/p>\n<p class=\" wall-content\">Les r\u00e9sidents raillent cette arithm\u00e9tique.<\/p>\n<blockquote class=\"ac-article-quote wall-content\">\n<p>\u00ab\u00a0En r\u00e9alit\u00e9, on sait que madame P\u00e9cresse voit cela comme une opportunit\u00e9 \u00e9conomique, alors que tout r\u00e9sulte d&rsquo;une gestion calamiteuse de la Fondation Valentin Hau\u00ff\u00a0\u00bb<\/p>\n<p>    <strong>V\u00e9ronique Linard<\/strong><br \/>\n        R\u00e9sidente depuis quinze ans et membre du comit\u00e9 de d\u00e9fense    <\/p><\/blockquote>\n<p class=\" wall-content\">Cr\u00e9\u00e9e en 2012, la Fondation est charg\u00e9e de r\u00e9colter les <strong>dons<\/strong>, <strong>subventions<\/strong> et <strong>legs<\/strong>, puis de redistribuer \u00e0 sa petite s\u0153ur.<\/p>\n<p class=\" wall-content\">Or, le compte n\u2019y est pas selon elle. \u00ab\u2009Le robinet coule mal. On se demande o\u00f9 va l\u2019argent\u2009\u00bb, interroge V\u00e9ronique Linard. \u00ab\u2009C\u2019est le principal sujet \u00e0 mes yeux. Il y a un manque de transparence totale\u2009\u00bb, abonde Alex Broussillon. Questionn\u00e9e \u00e0 ce sujet, l\u2019association indique que la Fondation a vers\u00e9 \u00ab<strong>\u20093,3\u00a0millions d\u2019euros<\/strong>\u2009\u00bb en moyenne par an depuis sa cr\u00e9ation, en 2012, soit \u00ab\u2009entre 70 et 80\u2009% de ses revenus\u2009\u00bb. Mais ces contributions varient d\u2019une ann\u00e9e \u00e0 l\u2019autre.<\/p>\n<p>Un lien d\u2019amour avec le quartier<\/p>\n<p class=\" wall-content\">Les pourfendeurs le mart\u00e8lent en ch\u0153ur\u2009: quitter leur r\u00e9sidence signifierait un \u00ab<strong>\u2009d\u00e9racinement irr\u00e9versible\u2009\u00bb<\/strong>. \u00ab\u2009Nous avons tout \u00e0 moins de 500\u00a0m\u00e8tres d\u2019ici. Nous avons des m\u00e9decins, des ophtalmologues, des dentistes, des restaurants, des sup\u00e9rettes, des boulangeries\u2026 Ce sont autant d\u2019habitudes qui sont <strong>fondamentales<\/strong> pour nous. Il faut garder notre maison\u2009\u00bb, explique V\u00e9ronique Linard.<\/p>\n<p class=\" wall-content\">Au fil des ann\u00e9es, les habitants ont appris \u00e0 ch\u00e9rir ce quartier. Pas seulement pour les besoins m\u00e9dicaux ou alimentaires. \u00ab\u2009Certains vont \u00e0 <a href=\"https:\/\/actu.fr\/ile-de-france\/paris_75056\/paris-violences-a-la-philharmonie-une-rixe-a-la-sortie-de-la-garde-a-vue-des-suspects-des-interpellations_63415298.html\" target=\"_blank\" rel=\"noopener\">la Philharmonie<\/a> ou au th\u00e9\u00e2tre de la <a href=\"https:\/\/actu.fr\/tag\/la-villette\" target=\"_blank\" rel=\"noopener\">Villette<\/a>. Tout \u00e7a dispara\u00eetra \u00e0 Nanterre. D\u00e9m\u00e9nager, ce serait la mort imm\u00e9diate\u2009\u00bb, souffle Lo\u00efc Cl\u00e9ment, 93\u00a0ans, v\u00eatu d\u2019un \u00e9l\u00e9gant long manteau fonc\u00e9, qui a d\u00e9m\u00e9nag\u00e9 de sa Provence natale il y a quelques ann\u00e9es.<\/p>\n<p>    <img   decoding=\"async\" loading=\"lazy\" src=\"https:\/\/www.europesays.com\/fr\/wp-content\/uploads\/2025\/11\/img-20251110-113910-resized-20251110-010319930-960x640.jpg\" alt=\"La terrasse de la r\u00e9sidence, o\u00f9 se r\u00e9unissent les locataires. \" width=\"960\" height=\"640\"\/><br \/>\n    La terrasse de la r\u00e9sidence, o\u00f9 se r\u00e9unissent les locataires. (\u00a9AG\/ actu Paris)<\/p>\n<p class=\" wall-content\">Ce lien au monde, l\u2019association Valentin Hau\u00ff assure \u00e0 actu Paris vouloir le consolider \u00e0 travers \u00ab\u2009l\u2019accompagnement quotidien \u00e0 l\u2019autonomie, des <strong>activit\u00e9s collectives<\/strong> et un <strong>accompagnement individualis\u00e9<\/strong> dans les d\u00e9marches administratives\u2009\u00bb. Nanterre, une ville \u00ab\u2009dynamique et bien desservie\u2009\u00bb, suffirait \u00e0 dupliquer ce qu\u2019ils \u00e9prouvaient dans le 19e arrondissement.<\/p>\n<p class=\" wall-content\">Des \u00e9l\u00e9ments de langage qui font fi de l\u2019appropriation historique de leur r\u00e9sidence. Car en trente-trois ans, le lieu s\u2019est taill\u00e9 une solide <strong>r\u00e9putation<\/strong> chez les non-voyants parisiens. Conf\u00e9rences, caf\u00e9s-philo, ateliers musicaux\u2026 Un bain bain culturel et intellectuel coule dans le b\u00e2timent. Le maire du 19e arrondissement, <strong>Fran\u00e7ois Dagnaud<\/strong> (PS), s\u2019en est m\u00eame fait l\u2019\u00e9cho dans un v\u0153u de soutien aux r\u00e9sidents.<\/p>\n<p>\u00ab\u2009On est pr\u00eats \u00e0 se mettre en travers des engins de chantier s\u2019il le faut\u2009\u00bb<\/p>\n<p class=\" wall-content\">Un autre point d\u2019inqui\u00e9tude a trait aux <strong>familles\u2009<\/strong>: \u00ab\u2009Un tiers des r\u00e9sidents viennent de province\u2009\u00bb, pr\u00e9cise V\u00e9ronique Linard. Les proches des r\u00e9sidents b\u00e9n\u00e9ficient d\u2019un service h\u00f4tellerie pour rester plusieurs jours. Un avantage qui serait \u00f4t\u00e9 \u00e0 Nanterre.<\/p>\n<blockquote class=\"ac-article-quote wall-content\">\n<p>\u00ab\u00a0Comment vont faire les familles qui viendront de loin ? On les p\u00e9nalise et on nous met dans des situations inconfortables\u00a0\u00bb<\/p>\n<p>    <strong>Alex Brousillon, 71 ans<\/strong>\n            <\/p><\/blockquote>\n<p class=\" wall-content\">Ses\u00a0enfants habitent aux \u00c9tats-Unis et en Finlande.<\/p>\n<p>    <img   decoding=\"async\" loading=\"lazy\" src=\"https:\/\/www.europesays.com\/fr\/wp-content\/uploads\/2025\/11\/img-20251110-114431-resized-20251110-010318989-960x640.jpg\" alt=\"Dans les couloirs de la r\u00e9sidence, des fleurs et des bibelots orn\u00e9s par les locataires. \" width=\"960\" height=\"640\"\/><br \/>\n    Dans les couloirs de la r\u00e9sidence, des fleurs et des bibelots orn\u00e9s par les locataires. (\u00a9AG\/ actu Paris)<\/p>\n<p class=\" wall-content\">Le chantier devrait d\u00e9buter en juin\u00a02026, avant une installation des r\u00e9sidents <strong>mi-2028<\/strong>. Un calendrier encore purement hypoth\u00e9tique \u00e9tant donn\u00e9 les recours intent\u00e9s par le comit\u00e9 de d\u00e9fense. \u00ab\u2009<strong>On est pr\u00eats \u00e0 se mettre en travers des engins<\/strong> de chantier s\u2019il le faut\u2009\u00bb, ose Jeanne Dunff. Une action qui ne manquerait pas de faire couler de l\u2019encre.<\/p>\n<p class=\" wall-content\">En attendant, une <a href=\"https:\/\/www.change.org\/p\/non-a-la-fermeture-de-la-r%C3%A9sidence-pour-aveugles-et-malvoyants-du-64-rue-petit-%C3%A0-paris\" target=\"_blank\" rel=\"noopener\">p\u00e9tition<\/a> a \u00e9t\u00e9 cosign\u00e9e par pr\u00e8s de <strong>4000 personnes<\/strong> \u00e0 l\u2019heure o\u00f9 nous publions ces lignes.\u00a0<\/p>\n<p class=\" wall-content\">Personnalisez votre actualit\u00e9 en ajoutant vos villes et m\u00e9dias en favori avec <a href=\"https:\/\/moncompte.actu.fr\" title=\"D\u00e9couvez Mon Actu\" rel=\"nofollow noopener\" data-trk=\"{&quot;cta&quot;:{&quot;action&quot;:&quot;https:\\\/\\\/moncompte.actu.fr&quot;,&quot;category&quot;:&quot;mon compte&quot;,&quot;from&quot;:&quot;article footer&quot;,&quot;name&quot;:&quot;Mon actu&quot;,&quot;type&quot;:&quot;cta&quot;}}\" target=\"_blank\">Mon Actu<\/a>.<\/p>\n","protected":false},"excerpt":{"rendered":"Par Antoine Grotteria Publi\u00e9 le 14 nov. 2025 \u00e0 6h26 \u00ab\u2009Ici, on ne part sans un petit verre&hellip;\n","protected":false},"author":2,"featured_media":533091,"comment_status":"","ping_status":"","sticky":false,"template":"","format":"standard","meta":{"footnotes":""},"categories":[1888],"tags":[11,1777,674,1011,27,12,626,25,71,3552,104,3400],"class_list":{"0":"post-533090","1":"post","2":"type-post","3":"status-publish","4":"format-standard","5":"has-post-thumbnail","7":"category-paris","8":"tag-actualites","9":"tag-eu","10":"tag-europe","11":"tag-fr","12":"tag-france","13":"tag-news","14":"tag-paris","15":"tag-republique-francaise","16":"tag-sante","17":"tag-seniors","18":"tag-societe","19":"tag-solidarite"},"share_on_mastodon":{"url":"https:\/\/pubeurope.com\/@fr\/115546742788126859","error":""},"_links":{"self":[{"href":"https:\/\/www.europesays.com\/fr\/wp-json\/wp\/v2\/posts\/533090","targetHints":{"allow":["GET"]}}],"collection":[{"href":"https:\/\/www.europesays.com\/fr\/wp-json\/wp\/v2\/posts"}],"about":[{"href":"https:\/\/www.europesays.com\/fr\/wp-json\/wp\/v2\/types\/post"}],"author":[{"embeddable":true,"href":"https:\/\/www.europesays.com\/fr\/wp-json\/wp\/v2\/users\/2"}],"replies":[{"embeddable":true,"href":"https:\/\/www.europesays.com\/fr\/wp-json\/wp\/v2\/comments?post=533090"}],"version-history":[{"count":0,"href":"https:\/\/www.europesays.com\/fr\/wp-json\/wp\/v2\/posts\/533090\/revisions"}],"wp:featuredmedia":[{"embeddable":true,"href":"https:\/\/www.europesays.com\/fr\/wp-json\/wp\/v2\/media\/533091"}],"wp:attachment":[{"href":"https:\/\/www.europesays.com\/fr\/wp-json\/wp\/v2\/media?parent=533090"}],"wp:term":[{"taxonomy":"category","embeddable":true,"href":"https:\/\/www.europesays.com\/fr\/wp-json\/wp\/v2\/categories?post=533090"},{"taxonomy":"post_tag","embeddable":true,"href":"https:\/\/www.europesays.com\/fr\/wp-json\/wp\/v2\/tags?post=533090"}],"curies":[{"name":"wp","href":"https:\/\/api.w.org\/{rel}","templated":true}]}}