{"id":533092,"date":"2025-11-14T06:55:17","date_gmt":"2025-11-14T06:55:17","guid":{"rendered":"https:\/\/www.europesays.com\/fr\/533092\/"},"modified":"2025-11-14T06:55:17","modified_gmt":"2025-11-14T06:55:17","slug":"le-rn-ecarte-des-commemorations-la-mairie-de-paris-repond-a-la-colere-de-jordan-bardella","status":"publish","type":"post","link":"https:\/\/www.europesays.com\/fr\/533092\/","title":{"rendered":"le RN \u00e9cart\u00e9 des comm\u00e9morations\u00a0? La mairie de Paris r\u00e9pond \u00e0 la col\u00e8re de Jordan Bardella"},"content":{"rendered":"<p>        <img decoding=\"async\" loading=\"lazy\" src=\"https:\/\/www.europesays.com\/fr\/wp-content\/uploads\/2025\/11\/0c9e9f8_upload-1-kyby1jyyit9t-afp-20251113-hl-ldumas-2955215-v1-highres-francepoliticsrassemblementn.jpeg\"  width=\"728\" height=\"409\" alt=\"Jordan Bardella, ici \u00e0 la fin de la c\u00e9r\u00e9monie de comm\u00e9moration de l\u2019Armistice au monument aux morts de Perpignan (Pyr\u00e9n\u00e9es-Orientales), le 11\u00a0novembre 2025.\"\/>  <\/p>\n<p>LOU DUMAS \/ Hans Lucas via AFP<\/p>\n<p>Jordan Bardella, ici \u00e0 la fin de la c\u00e9r\u00e9monie de comm\u00e9moration de l\u2019Armistice au monument aux morts de Perpignan (Pyr\u00e9n\u00e9es-Orientales), le 11\u00a0novembre 2025.<\/p>\n<p class=\"asset asset-text\">RASSEMBLEMENT NATIONAL &#8211; \u00ab\u00a0In\u00e9l\u00e9gant\u00a0\u00bb et \u00ab\u00a0regrettable\u00a0\u00bb. Le pr\u00e9sident du Rassemblement national, <a href=\"https:\/\/www.huffingtonpost.fr\/politique\/article\/pourquoi-cette-sequence-tele-evoquant-jordan-bardella-ulcere-a-ce-point-le-rassemblement-national_256758.html\" target=\"_blank\" rel=\"noopener\">Jordan Bardella<\/a>, a d\u00e9plor\u00e9 que son parti n\u2019ait pas \u00e9t\u00e9 convi\u00e9 jeudi <a href=\"https:\/\/www.huffingtonpost.fr\/politique\/video\/ceremonie-du-13-novembre-ce-qu-il-faut-retenir-de-l-hommage-10-ans-apres-les-attentats-de-paris_257125.html\" target=\"_blank\" rel=\"noopener\">aux comm\u00e9morations des attentats du 13-Novembre<\/a>. Mais les chefs de parti \u00ab\u00a0n\u2019\u00e9taient pas invit\u00e9s\u00a0\u00bb et la plupart des places \u00e9taient \u00ab\u00a0r\u00e9serv\u00e9es aux familles\u00a0\u00bb de victimes, a r\u00e9torqu\u00e9 la mairie de <a href=\"https:\/\/www.huffingtonpost.fr\/france\/article\/en-memoire-du-13-novembre-plusieurs-monuments-parisiens-sont-eclaires-en-bleu-blanc-et-rouge_257085.html\" target=\"_blank\" rel=\"noopener\">Paris<\/a>.<\/p>\n<p class=\"asset asset-text\">\u00ab\u00a0Nous n\u2019avons pas \u00e9t\u00e9 invit\u00e9s, ce que je trouve d\u2019une in\u00e9l\u00e9gance et d\u2019un m\u00e9pris de la part, \u00e0 la fois du pr\u00e9sident de la R\u00e9publique et de la maire de Paris (&#8230;) C\u2019est invraisemblable\u00a0\u00bb, a d\u00e9clar\u00e9 Jordan Bardella sur CNews.<\/p>\n<p class=\"asset asset-text\">\u00ab\u00a0Quand on cherche \u00e0 \u00e9carter Marine Le Pen et moi-m\u00eame, on cherche \u00e0 \u00e9carter des millions de Fran\u00e7ais. Je ne veux pas pol\u00e9miquer dans un jour comme celui-ci, mais je trouve \u00e7a in\u00e9l\u00e9gant et regrettable\u00a0\u00bb, a-t-il ajout\u00e9, relevant avoir aper\u00e7u aux c\u00e9r\u00e9monies, retransmises \u00e0 la t\u00e9l\u00e9vision, le conseiller r\u00e9gional LR Geoffroy Didier, la d\u00e9put\u00e9e LFI de Paris Sophia Chikirou et l\u2019eurod\u00e9put\u00e9 Place publique Rapha\u00ebl Glucksmann.<\/p>\n<p> La lecture de ce contenu est susceptible d\u2019entra\u00eener un d\u00e9p\u00f4t de cookies de la part de l\u2019op\u00e9rateur tiers qui l\u2019h\u00e9berge. Compte-tenu des choix que vous avez exprim\u00e9s en mati\u00e8re de d\u00e9p\u00f4t de cookies, nous avons bloqu\u00e9 l\u2019affichage de ce contenu. Si vous souhaitez y acc\u00e9der, vous devez accepter la cat\u00e9gorie de cookies \u201cContenus tiers\u201d en cliquant sur le bouton ci-dessous. <\/p>\n<p> Lire la Vid\u00e9o        <\/p>\n<p class=\"asset asset-text\">Sollicit\u00e9e, la mairie de Paris, qui a organis\u00e9 les comm\u00e9morations, a fait savoir que \u00ab\u00a0les pr\u00e9sidents de partis n\u2019\u00e9taient pas invit\u00e9s\u00a0\u00bb \u00e0 la c\u00e9r\u00e9monie, o\u00f9 \u00ab\u00a0le Parlement \u00e9tait repr\u00e9sent\u00e9\u00a0\u00bb par la pr\u00e9sidente de l\u2019Assembl\u00e9e Ya\u00ebl Braun-Pivet et un vice-pr\u00e9sident du S\u00e9nat. Les \u00e9lus parisiens \u00e9taient aussi invit\u00e9s.<\/p>\n<p class=\"asset asset-text\">Hormis ces \u00e9lus, \u00ab\u00a0la tr\u00e8s grande majorit\u00e9 des places \u00e9taient r\u00e9serv\u00e9es aux familles\u00a0\u00bb, a soulign\u00e9 l\u2019entourage de la maire sortante Anne Hidalgo.<\/p>\n","protected":false},"excerpt":{"rendered":"LOU DUMAS \/ Hans Lucas via AFP Jordan Bardella, ici \u00e0 la fin de la c\u00e9r\u00e9monie de comm\u00e9moration&hellip;\n","protected":false},"author":2,"featured_media":533093,"comment_status":"","ping_status":"","sticky":false,"template":"","format":"standard","meta":{"footnotes":""},"categories":[1888],"tags":[11,63085,1777,674,1011,27,1077,12,626,316,1078,25],"class_list":{"0":"post-533092","1":"post","2":"type-post","3":"status-publish","4":"format-standard","5":"has-post-thumbnail","7":"category-paris","8":"tag-actualites","9":"tag-attentats-13-novembre-2015","10":"tag-eu","11":"tag-europe","12":"tag-fr","13":"tag-france","14":"tag-jordan-bardella","15":"tag-news","16":"tag-paris","17":"tag-politique","18":"tag-rassemblement-national","19":"tag-republique-francaise"},"share_on_mastodon":{"url":"https:\/\/pubeurope.com\/@fr\/115546746105573051","error":""},"_links":{"self":[{"href":"https:\/\/www.europesays.com\/fr\/wp-json\/wp\/v2\/posts\/533092","targetHints":{"allow":["GET"]}}],"collection":[{"href":"https:\/\/www.europesays.com\/fr\/wp-json\/wp\/v2\/posts"}],"about":[{"href":"https:\/\/www.europesays.com\/fr\/wp-json\/wp\/v2\/types\/post"}],"author":[{"embeddable":true,"href":"https:\/\/www.europesays.com\/fr\/wp-json\/wp\/v2\/users\/2"}],"replies":[{"embeddable":true,"href":"https:\/\/www.europesays.com\/fr\/wp-json\/wp\/v2\/comments?post=533092"}],"version-history":[{"count":0,"href":"https:\/\/www.europesays.com\/fr\/wp-json\/wp\/v2\/posts\/533092\/revisions"}],"wp:featuredmedia":[{"embeddable":true,"href":"https:\/\/www.europesays.com\/fr\/wp-json\/wp\/v2\/media\/533093"}],"wp:attachment":[{"href":"https:\/\/www.europesays.com\/fr\/wp-json\/wp\/v2\/media?parent=533092"}],"wp:term":[{"taxonomy":"category","embeddable":true,"href":"https:\/\/www.europesays.com\/fr\/wp-json\/wp\/v2\/categories?post=533092"},{"taxonomy":"post_tag","embeddable":true,"href":"https:\/\/www.europesays.com\/fr\/wp-json\/wp\/v2\/tags?post=533092"}],"curies":[{"name":"wp","href":"https:\/\/api.w.org\/{rel}","templated":true}]}}