{"id":533094,"date":"2025-11-14T06:56:12","date_gmt":"2025-11-14T06:56:12","guid":{"rendered":"https:\/\/www.europesays.com\/fr\/533094\/"},"modified":"2025-11-14T06:56:12","modified_gmt":"2025-11-14T06:56:12","slug":"kyiv-cible-par-une-vaste-attaque-russe-liberation","status":"publish","type":"post","link":"https:\/\/www.europesays.com\/fr\/533094\/","title":{"rendered":"Kyiv cibl\u00e9 par une vaste attaque russe \u2013 Lib\u00e9ration"},"content":{"rendered":"<p class=\"sc-cPiKLX AiZTS text-element\">Kyiv a subi une vaste attaque russe ce vendredi 14 novembre au matin. L\u2019offensive a endommag\u00e9 une trentaine d\u2019immeubles, ont annonc\u00e9 les autorit\u00e9s locales, tandis que Moscou a indiqu\u00e9 avoir d\u00e9truit plus de 200 drones ukrainiens sur son territoire. \u00abLes Russes frappent des immeubles r\u00e9sidentiels. Il y a de nombreux grands immeubles endommag\u00e9s \u00e0 travers Kyiv, presque dans chaque district\u00bb, a d\u00e9nonc\u00e9 le chef de l\u2019administration militaire de la ville, Timour Tkatchenko.<\/p>\n<p class=\"sc-cPiKLX AiZTS text-element\">La police de la capitale ukrainienne a fait \u00e9tat sur Telegram de la \u00abmort d\u2019une femme \u00e2g\u00e9e dans le district de Desniansky et de 24 bless\u00e9s parmi lesquels une femme enceinte et un gar\u00e7on de 10 ans\u00bb. La police pr\u00e9cise qu\u2019une trentaine d\u2019immeubles r\u00e9sidentiels ont \u00e9t\u00e9 endommag\u00e9s dans les frappes nocturnes de missiles et drones.<\/p>\n<p class=\"sc-cPiKLX AiZTS text-element\">T\u00f4t ce vendredi, <a href=\"https:\/\/www.liberation.fr\/international\/europe\/boxeur-maire-de-kiev-resistant-les-mille-vies-de-lukrainien-vitali-klitschko-20220228_EE66KZSA6BE4RKSVBF3P3A2FJQ\/\" target=\"_blank\" rel=\"nofollow noopener\" title=\"https:\/\/www.liberation.fr\/international\/europe\/boxeur-maire-de-kiev-resistant-les-mille-vies-de-lukrainien-vitali-klitschko-20220228_EE66KZSA6BE4RKSVBF3P3A2FJQ\/\">le maire de Kyiv, Vitali Klitschko<\/a>, avait demand\u00e9 aux habitants de rejoindre des abris avertissant d\u2019\u00abune attaque massive de l\u2019ennemi sur la capitale\u00bb. Des incendies se sont d\u00e9clench\u00e9s dans plusieurs quartiers apr\u00e8s les frappes et les secours ont \u00e9t\u00e9 mobilis\u00e9s, a-t-il relat\u00e9.<\/p>\n<p class=\"sc-cPiKLX AiZTS text-element\">\u00abDes sections des r\u00e9seaux de chauffage ont \u00e9t\u00e9 endommag\u00e9es. Dans le district de Desniansky, en raison d\u2019une situation d\u2019urgence sur la conduite principale de chauffage, certains b\u00e2timents sont temporairement priv\u00e9s de chauffage\u00bb, a-t-il pr\u00e9cis\u00e9. Des coupures d\u2019eau et d\u2019\u00e9lectricit\u00e9 sont aussi \u00e0 pr\u00e9voir, a averti le maire. Huit des dix districts de la ville ont \u00e9t\u00e9 touch\u00e9s par les frappes, selon les secours, et la municipalit\u00e9 a \u00e9galement pr\u00e9venu que les transports en commun seraient affect\u00e9s dans la capitale ukrainienne ce vendredi matin.<\/p>\n<p class=\"sc-cPiKLX AiZTS text-element\">Oleksandr Markoushyn, maire d\u2019Irpin, localit\u00e9 de la r\u00e9gion de Kyiv, a pour sa part d\u00e9crit sur son compte Facebook une \u00abnuit difficile\u00bb avec de \u00abmultiples <a href=\"https:\/\/www.liberation.fr\/international\/europe\/ukraine-ce-que-lon-sait-des-drones-iraniens-utilises-par-moscou-20221010_SKGKHZSAE5CNTPJP4VU3EAYJL4\/\" target=\"_blank\" rel=\"nofollow noopener\" title=\"https:\/\/www.liberation.fr\/international\/europe\/ukraine-ce-que-lon-sait-des-drones-iraniens-utilises-par-moscou-20221010_SKGKHZSAE5CNTPJP4VU3EAYJL4\/\">[drones] Shahed<\/a> et missiles volant au-dessus de la commune\u00bb.<\/p>\n<p class=\"sc-cPiKLX AiZTS text-element\"><a href=\"https:\/\/www.liberation.fr\/international\/guerre-en-ukraine-en-2026-la-situation-peut-evoluer-de-maniere-imprevisible-20250912_ODH7ELQCRBE4TKSKBFXKUDJK2Q\/\" target=\"_blank\" rel=\"nofollow noopener\" title=\"https:\/\/www.liberation.fr\/international\/guerre-en-ukraine-en-2026-la-situation-peut-evoluer-de-maniere-imprevisible-20250912_ODH7ELQCRBE4TKSKBFXKUDJK2Q\/\">Poursuivant son offensive entam\u00e9e en 2022<\/a>, la Russie, dont les forces sont mieux \u00e9quip\u00e9es et plus nombreuses, continue d\u2019avancer dans l\u2019est de l\u2019Ukraine et notamment dans la r\u00e9gion de Donetsk o\u00f9 se concentre l\u2019essentiel des combats r\u00e9cemment.<\/p>\n<p class=\"sc-cPiKLX AiZTS text-element\">En parall\u00e8le, Moscou multiplie depuis des semaines les bombardements <a href=\"https:\/\/www.liberation.fr\/idees-et-debats\/editorial\/guerre-en-ukraine-la-russie-veut-rendre-lhiver-insupportable-aux-civils-20221116_ZUPG3N6A4NC7NDAEZ4BG244PDQ\/\" target=\"_blank\" rel=\"nofollow noopener\" title=\"https:\/\/www.liberation.fr\/idees-et-debats\/editorial\/guerre-en-ukraine-la-russie-veut-rendre-lhiver-insupportable-aux-civils-20221116_ZUPG3N6A4NC7NDAEZ4BG244PDQ\/\">sur les infrastructures civiles<\/a> et \u00e9nerg\u00e9tiques et le r\u00e9seau ferroviaire ukrainiens, <a href=\"https:\/\/www.liberation.fr\/international\/europe\/lukraine-lutte-pour-retablir-lelectricite-et-le-chauffage-apres-des-frappes-russes-massives-20251109_WV2KGWWNQFGAJN5AX2I6SX5ICM\/\" target=\"_blank\" rel=\"nofollow noopener\" title=\"https:\/\/www.liberation.fr\/international\/europe\/lukraine-lutte-pour-retablir-lelectricite-et-le-chauffage-apres-des-frappes-russes-massives-20251109_WV2KGWWNQFGAJN5AX2I6SX5ICM\/\">sur fond de baisse des temp\u00e9ratures \u00e0 l\u2019approche de l\u2019hiver.<\/a><\/p>\n<p class=\"sc-cPiKLX AiZTS text-element\">C\u00f4t\u00e9 russe, les autorit\u00e9s ont annonc\u00e9 avoir d\u00e9truit un grand nombre de drones ukrainiens, dont certains ont cibl\u00e9 le port p\u00e9trolier de Novorossiisk sur la mer Noire, ainsi que les villes de Volgograd et Saratov.<\/p>\n<p class=\"sc-cPiKLX AiZTS text-element\">\u00abAu cours de la nuit derni\u00e8re, les syst\u00e8mes de d\u00e9fense a\u00e9rienne ont intercept\u00e9 et d\u00e9truit 216 drones ukrainiens\u00bb, dont 66 dans la r\u00e9gion m\u00e9ridionale de Krasnodar et 59 au-dessus de la mer Noire, a affirm\u00e9 le minist\u00e8re sur Telegram.<\/p>\n<p class=\"sc-cPiKLX AiZTS text-element\">Une raffinerie de p\u00e9trole de Novorossiisk a \u00e9t\u00e9 touch\u00e9e par un incendie qui a \u00e9t\u00e9 ensuite \u00e9teint et plusieurs immeubles r\u00e9sidentiels ont \u00e9t\u00e9 endommag\u00e9s par des fragments de drones, ainsi qu\u2019un bateau civil, faisant quatre bless\u00e9s au total, selon les autorit\u00e9s.<\/p>\n<p class=\"sc-cPiKLX AiZTS text-element\">Des attaques de drones ukrainiennes provoquent r\u00e9guli\u00e8rement des d\u00e9g\u00e2ts dans les secteurs p\u00e9trolier et gazier et sur des conduites destin\u00e9es au transport des hydrocarbures, conduisant \u00e0 une hausse des prix du carburant.<\/p>\n<p class=\"sc-cPiKLX AiZTS text-element\">Les n\u00e9gociations de paix entre Kyiv et Moscou sont au point mort apr\u00e8s le report d\u2019un sommet \u00e0 Budapest qui avait \u00e9t\u00e9 \u00e9voqu\u00e9 entre les pr\u00e9sident Trump et Poutine.<\/p>\n","protected":false},"excerpt":{"rendered":"Kyiv a subi une vaste attaque russe ce vendredi 14 novembre au matin. L\u2019offensive a endommag\u00e9 une trentaine&hellip;\n","protected":false},"author":2,"featured_media":533095,"comment_status":"","ping_status":"","sticky":false,"template":"","format":"standard","meta":{"footnotes":""},"categories":[1591],"tags":[11,1887,12,1885,1886,132,220,297],"class_list":{"0":"post-533094","1":"post","2":"type-post","3":"status-publish","4":"format-standard","5":"has-post-thumbnail","7":"category-russie","8":"tag-actualites","9":"tag-federation-de-russie","10":"tag-news","11":"tag-russia","12":"tag-russian-federation","13":"tag-russie","14":"tag-ukraine","15":"tag-ukraine-la-crise"},"share_on_mastodon":{"url":"","error":""},"_links":{"self":[{"href":"https:\/\/www.europesays.com\/fr\/wp-json\/wp\/v2\/posts\/533094","targetHints":{"allow":["GET"]}}],"collection":[{"href":"https:\/\/www.europesays.com\/fr\/wp-json\/wp\/v2\/posts"}],"about":[{"href":"https:\/\/www.europesays.com\/fr\/wp-json\/wp\/v2\/types\/post"}],"author":[{"embeddable":true,"href":"https:\/\/www.europesays.com\/fr\/wp-json\/wp\/v2\/users\/2"}],"replies":[{"embeddable":true,"href":"https:\/\/www.europesays.com\/fr\/wp-json\/wp\/v2\/comments?post=533094"}],"version-history":[{"count":0,"href":"https:\/\/www.europesays.com\/fr\/wp-json\/wp\/v2\/posts\/533094\/revisions"}],"wp:featuredmedia":[{"embeddable":true,"href":"https:\/\/www.europesays.com\/fr\/wp-json\/wp\/v2\/media\/533095"}],"wp:attachment":[{"href":"https:\/\/www.europesays.com\/fr\/wp-json\/wp\/v2\/media?parent=533094"}],"wp:term":[{"taxonomy":"category","embeddable":true,"href":"https:\/\/www.europesays.com\/fr\/wp-json\/wp\/v2\/categories?post=533094"},{"taxonomy":"post_tag","embeddable":true,"href":"https:\/\/www.europesays.com\/fr\/wp-json\/wp\/v2\/tags?post=533094"}],"curies":[{"name":"wp","href":"https:\/\/api.w.org\/{rel}","templated":true}]}}