{"id":533098,"date":"2025-11-14T06:58:12","date_gmt":"2025-11-14T06:58:12","guid":{"rendered":"https:\/\/www.europesays.com\/fr\/533098\/"},"modified":"2025-11-14T06:58:12","modified_gmt":"2025-11-14T06:58:12","slug":"droits-de-douane-cafe-bananes-les-etats-unis-suppriment-les-surtaxes-sur-plusieurs-biens-alimentaires-quels-pays-sont-les-grands-gagnants","status":"publish","type":"post","link":"https:\/\/www.europesays.com\/fr\/533098\/","title":{"rendered":"Droits de douane\u00a0: caf\u00e9, bananes\u2026 Les \u00c9tats-Unis suppriment les surtaxes sur plusieurs biens alimentaires, quels pays sont les grands gagnants\u00a0?"},"content":{"rendered":"<p>\n                                                                L\u2019administration du pr\u00e9sident am\u00e9ricain Donald Trump a annonc\u00e9 ce jeudi qu\u2019elle allait supprimer les droits de douane sur certains biens alimentaires dans le cadre d\u2019accords donnant aux \u00c9tats-Unis un acc\u00e8s \u00e9largi \u00e0 certains march\u00e9s.\n                            <\/p>\n<p>Argentine, \u00c9quateur, Guatemala et Salvador sont les gagnants du jour. Finis les droits de douane sur certains biens alimentaires. En \u00e9change, les \u00c9tats-Unis auront un acc\u00e8s \u00e9largi \u00e0 leurs march\u00e9s.<\/p>\n<p>Un haut repr\u00e9sentant de l\u2019administration am\u00e9ricaine a d\u00e9clar\u00e9 aux journalistes que ces accords commerciaux devraient vraisemblablement permettre de contribuer \u00e0 faire baisser les prix du caf\u00e9, des bananes et d\u2019autres denr\u00e9es alimentaires.<\/p>\n<p>Washington s\u2019attend \u00e0 ce que les d\u00e9taillants am\u00e9ricains modifient en cons\u00e9quence leurs prix au profit des consommateurs, a-t-il ajout\u00e9.<\/p>\n<p>Revers \u00e9lectoraux<\/p>\n<p>Ces accords-cadre vont \u00eatre finalis\u00e9s sous deux semaines, a \u00e9galement indiqu\u00e9 le repr\u00e9sentant de l\u2019administration Trump, qui esp\u00e8re des accords suppl\u00e9mentaires avant la fin de l\u2019ann\u00e9e.<\/p>\n<p>Une attention toute particuli\u00e8re est port\u00e9e par la Maison blanche \u00e0 la question du co\u00fbt de la vie apr\u00e8s les victoires \u00e9lectorales obtenues par les d\u00e9mocrates aux d\u00e9pens de candidats r\u00e9publicains plus t\u00f4t ce mois-ci lors de ce qui constituait les premiers scrutins depuis le d\u00e9but du second mandat de Donald Trump. Le pr\u00e9sident r\u00e9publicain d\u00e9fend \u00e9galement l\u2019id\u00e9e que la hausse des co\u00fbts de divers produits d\u00e9coule de politiques mises en place par son pr\u00e9d\u00e9cesseur d\u00e9mocrate Joe Biden et n\u2019est pas li\u00e9e \u00e0 sa politique de droits de douane.<\/p>\n","protected":false},"excerpt":{"rendered":"L\u2019administration du pr\u00e9sident am\u00e9ricain Donald Trump a annonc\u00e9 ce jeudi qu\u2019elle allait supprimer les droits de douane sur&hellip;\n","protected":false},"author":2,"featured_media":533099,"comment_status":"","ping_status":"","sticky":false,"template":"","format":"standard","meta":{"footnotes":""},"categories":[1589],"tags":[11,73,1866,12,1864,1865,1863,308],"class_list":{"0":"post-533098","1":"post","2":"type-post","3":"status-publish","4":"format-standard","5":"has-post-thumbnail","7":"category-etats-unis","8":"tag-actualites","9":"tag-etats-unis","10":"tag-etats-unis-damerique","11":"tag-news","12":"tag-united-states","13":"tag-united-states-of-america","14":"tag-us","15":"tag-usa"},"share_on_mastodon":{"url":"https:\/\/pubeurope.com\/@fr\/115546757767912859","error":""},"_links":{"self":[{"href":"https:\/\/www.europesays.com\/fr\/wp-json\/wp\/v2\/posts\/533098","targetHints":{"allow":["GET"]}}],"collection":[{"href":"https:\/\/www.europesays.com\/fr\/wp-json\/wp\/v2\/posts"}],"about":[{"href":"https:\/\/www.europesays.com\/fr\/wp-json\/wp\/v2\/types\/post"}],"author":[{"embeddable":true,"href":"https:\/\/www.europesays.com\/fr\/wp-json\/wp\/v2\/users\/2"}],"replies":[{"embeddable":true,"href":"https:\/\/www.europesays.com\/fr\/wp-json\/wp\/v2\/comments?post=533098"}],"version-history":[{"count":0,"href":"https:\/\/www.europesays.com\/fr\/wp-json\/wp\/v2\/posts\/533098\/revisions"}],"wp:featuredmedia":[{"embeddable":true,"href":"https:\/\/www.europesays.com\/fr\/wp-json\/wp\/v2\/media\/533099"}],"wp:attachment":[{"href":"https:\/\/www.europesays.com\/fr\/wp-json\/wp\/v2\/media?parent=533098"}],"wp:term":[{"taxonomy":"category","embeddable":true,"href":"https:\/\/www.europesays.com\/fr\/wp-json\/wp\/v2\/categories?post=533098"},{"taxonomy":"post_tag","embeddable":true,"href":"https:\/\/www.europesays.com\/fr\/wp-json\/wp\/v2\/tags?post=533098"}],"curies":[{"name":"wp","href":"https:\/\/api.w.org\/{rel}","templated":true}]}}