{"id":533111,"date":"2025-11-14T07:05:19","date_gmt":"2025-11-14T07:05:19","guid":{"rendered":"https:\/\/www.europesays.com\/fr\/533111\/"},"modified":"2025-11-14T07:05:19","modified_gmt":"2025-11-14T07:05:19","slug":"fabrique-en-france-les-sabots-en-cuir-rivalin-de-quimper-sinvitent-a-lelysee","status":"publish","type":"post","link":"https:\/\/www.europesays.com\/fr\/533111\/","title":{"rendered":"\u00ab\u00a0Fabriqu\u00e9 en France\u00a0\u00bb: les sabots en cuir Rivalin de Quimper s&rsquo;invitent \u00e0 l&rsquo;Elys\u00e9e !"},"content":{"rendered":"<p class=\"block date\" id=\"dateEtAuteur\">Publi\u00e9 : 7h51 &#8211; Modifi\u00e9 : 7h56 Dolor\u00e8s  CHARLES <\/p>\n<p><img decoding=\"async\" class=\"\" style=\"width:100%\" src=\"https:\/\/www.europesays.com\/fr\/wp-content\/uploads\/2025\/11\/RIVALIN_QUIMPER_SABOTS_CUIR1763102237247.jpg\" alt=\"Les sabots en cuir de Rivalin\"\/><\/p>\n<p>Les sabots en cuir de Rivalin<\/p>\n<p>Cr\u00e9dit : Yann Launay<\/p>\n<p>Mettre en valeur le savoir-faire fran\u00e7ais : c&rsquo;est l&rsquo;objectif de la Grande exposition du Fabriqu\u00e9 en France, qui se tient ce week-end du 15 au 16 novembre, au Palais de l&rsquo;Elys\u00e9e \u00e0 Paris. 123 produits ont \u00e9t\u00e9 s\u00e9lectionn\u00e9s, comme les sabots en cuir de l&rsquo;atelier Rivalin. Reportage avec Vincent Rivalin. <\/p>\n<p>L&rsquo;atelier Rivalin est une petite entreprise bas\u00e9e \u00e0 Quimper, qui fabrique des charentaises \u00e0 la main depuis un si\u00e8cle. A la veille de partir pour l&rsquo;Elys\u00e9e, le dirigeant de l&rsquo;entreprise ressentait de la fiert\u00e9 mais aussi de l&rsquo;amertume. Vincent Rivalin, l&rsquo;arri\u00e8re petit-fils du fondateur, ne le cache pas : les temps sont durs, l&rsquo;augmentation du co\u00fbt des mati\u00e8res premi\u00e8res, les charges et la concurrence asiatique ont fragilis\u00e9 son entreprise.<\/p>\n<p>\u00a0<\/p>\n<blockquote><p>\nVincent Rivalin esp\u00e8re \u00e9changer avec le Pr\u00e9sident\n<\/p><\/blockquote>\n<p>\u00a0<\/p>\n<p>Vincent Rivalin esp\u00e8re pouvoir \u00e9changer avec le Pr\u00e9sident de la R\u00e9publique, Emmanuel Macron, pour demander un vrai soutien \u00e9conomique en faveur du made in France : \u00ab\u00a0on fait partie de l&rsquo;artisanat fran\u00e7ais, on fait partie du patrimoine vivant de ce pays. Comme ils le disent, on est le poumon et l&rsquo;\u00e2me de la France mais le probl\u00e8me, c&rsquo;est que<strong> si on n&rsquo;a pas un petit coup de main dans les mois \u00e0 venir tr\u00e8s rapidement, il y a beaucoup d&rsquo;entreprises comme la mienne qui vont mettre la cl\u00e9 sous la porte. <\/strong><\/p>\n<p>Les restaurateurs avaient une TVA \u00e0 5,5%, si on pouvait nous aussi avoir une TVA plus all\u00e9g\u00e9e et des aides au niveau de la formation, au niveau des outils de fabrication. Moi, j&rsquo;ai des machines qui ont 80 ans.. S&rsquo;il n&rsquo;y a pas une prise de conscience r\u00e9elle du gouvernement, \u00e7a va finir pas mal se passer&#8230;\u00a0\u00bb<\/p>\n<p>Vincent Rivalin, l&rsquo;arri\u00e8re petit-fils du fondateurVincent Rivalin, l&rsquo;arri\u00e8re petit-fils du fondateur<\/p>\n<p>Cr\u00e9dit : Yann Launay<\/p>\n<p>Vincent Rivalin estime que le soutien affich\u00e9 au made in France est contredit dans les faits : l&rsquo;Etat lui m\u00eame se fournit souvent \u00e0 l&rsquo;\u00e9tranger, \u00e0 moindre co\u00fbt et fait m\u00eame payer certains labels aux entreprises. Une aberration, pour Vincent Rivalin : \u00ab\u00a0il faut qu&rsquo;on soit de tr\u00e8s bons \u00e9l\u00e8ves au niveau soci\u00e9tal, environnemental, au niveau de la tra\u00e7abilit\u00e9 des produits, au niveau des contr\u00f4les dans les labos et des mati\u00e8res. Quand on est un bon \u00e9l\u00e8ve, logiquement, j&rsquo;estime que je devrais avoir un dipl\u00f4me, mais non ce dipl\u00f4me ou ce label il faut qu&rsquo;on le paye !<\/p>\n<p>\u00a0<\/p>\n<blockquote><p>\nLes entreprises suffoquent\n<\/p><\/blockquote>\n<p>\u00a0<\/p>\n<p>Je parle des labels comme EPV, entreprise de patrimoine vivant. Aujourd&rsquo;hui, ce label co\u00fbte 2 700 euros. Le label Origin France Garanti co\u00fbte aujourd&rsquo;hui 5 800 euros. Toutes ces petites choses-l\u00e0, le co\u00fbt de l&rsquo;\u00e9nergie, le co\u00fbt des mati\u00e8res premi\u00e8res, le pouvoir d&rsquo;achat qui a diminu\u00e9, etc. <\/p>\n<p><strong>Tout \u00e7a mis bout \u00e0 bout fait qu&rsquo;aujourd&rsquo;hui on suffoque. On n&rsquo;arrive plus \u00e0 respirer et on est en train de mourir, clairement.\u00a0\u00bb<\/strong><\/p>\n<p>Vincent Rivalin, l&rsquo;arri\u00e8re petit-fils du fondateurVincent Rivalin, l&rsquo;arri\u00e8re petit-fils du fondateur<img decoding=\"async\" class=\"\" style=\"width:100%\" src=\"https:\/\/www.europesays.com\/fr\/wp-content\/uploads\/2025\/11\/RIVALIN_QUIMPER_FABRICATION_CHARENTAISES_21763101434942.jpg\" alt=\"Atelier Rivalin (29)\"\/> <\/p>\n<p>Avec ses charentaises \u00e0 60 euros fabriqu\u00e9es \u00e0 la main, l&rsquo;atelier Rivalin propose une toute autre qualit\u00e9, mais ses produits font figure de produits de luxe. \u00ab\u00a0<strong>Si vous achetez 3 ou 4 paires de chaussons \u00e0 10 euros sur Temu ou Shein, vous n&rsquo;allez pas faire le m\u00eame temps qu&rsquo;avec une paire de charentaise Rivalin.C&rsquo;est une certitude. <\/strong>Sur le site de Shein, vous avez droit \u00e0 4 t-shirts ou \u00e0 4 paires de chaussons ou \u00e0 4 pulls pour 5 euros. Les gens y vont m\u00eame s&rsquo;ils savent que \u00e7a ne va pas durer. C&rsquo;est du jetable. On ach\u00e8te, on utilise et on jette !<\/p>\n<p>\u00a0<\/p>\n<blockquote><p>\nOn ach\u00e8te, on utilise et on jette !\n<\/p><\/blockquote>\n<p>\u00a0<\/p>\n<p>Je ne suis pas s\u00fbr que les produits soient contr\u00f4l\u00e9s comme nous le sommes. On a la r\u00e9pression des fraudes, on doit montrer patte blanche sur tout ce qu&rsquo;on fait, faire analyser chaque mati\u00e8re premi\u00e8re par un labo pour savoir s&rsquo;il n&rsquo;y a pas de produits nocifs pour la sant\u00e9 dans nos chaussons. Cela a un co\u00fbt.<strong> On ne peut pas venir nous taper sur les doigts en disant \u00ab\u00a0ce que vous faites ce n&rsquo;est pas bon, vous devez payer \u00e7a\u00a0\u00bb alors qu&rsquo;on laisse les autres faire n&rsquo;importe quoi<\/strong>. Ce n&rsquo;est pas possible, \u00e7a ne peut pas durer !\u00a0\u00bb<\/p>\n<p>Vincent Rivalin, l&rsquo;arri\u00e8re petit-fils du fondateurVincent Rivalin, l&rsquo;arri\u00e8re petit-fils du fondateur<img decoding=\"async\" class=\"\" style=\"width:100%\" src=\"https:\/\/www.europesays.com\/fr\/wp-content\/uploads\/2025\/11\/RIVALIN_QUIMPER_VINCENT_RIVALIN1763101455369.jpg\" alt=\"Vincent Rivalin, l'arri\u00e8re petit-fils du fondateur\"\/><\/p>\n<p>Vincent Rivalin, l&rsquo;arri\u00e8re petit-fils du fondateur<\/p>\n<p>Cr\u00e9dit : Yann Launay<\/p>\n<p>Pour juguler le d\u00e9ferlement des produits chinois \u00e0 bas prix, les Etats membres de l&rsquo;UE viennent d&rsquo;approuver la suppression de l&rsquo;exon\u00e9ration des droits de douane sur les petits colis import\u00e9s dans l&rsquo;UE. La taxation des petits colis (de moins de 150 euros) sera donc d\u00e9sormais possible, et la mesure pourrait entrer en vigueur d\u00e8s le premier trimestre 2026.<\/p>\n<p><strong>L&rsquo;atelier Rivalin peut fabriquer des sabots cuir et des charentaises \u00e0 la demande, en moins de 24h. <\/strong>Ses produits sont \u00e0 d\u00e9couvrir sa boutique de Quimper, 4 rue de la Halle, et \u00e0 Pont-l&rsquo;Abb\u00e9, jusqu&rsquo;en janvier, dans la boutique \u00e9ph\u00e9m\u00e8re ouverte place Gambetta en association avec le fabricant d&rsquo;objets durables Pa\u00efsan.<\/p>\n<p>\u00a0<\/p>\n<blockquote><p>\nGrande exposition du Fabriqu\u00e9 en France\n<\/p><\/blockquote>\n<p>\u00a0<\/p>\n<p>La <a href=\"https:\/\/www.entreprises.gouv.fr\/la-dge\/actualites\/la-grande-exposition-du-fabrique-en-france-revient-les-15-et-16-novembre-2025\" rel=\"noopener nofollow\" target=\"_blank\">Grande exposition du Fabriqu\u00e9 en France<\/a>, c&rsquo;est samedi (15 nov) et dimanche au Palais de l&rsquo;Elys\u00e9e. Avec aussi le kombucha pomme du Costarmoricain Biogroupe, le bonnet 100% cachemire de la soci\u00e9t\u00e9 malouine 3D Tex, le coffret de galettes et palets bretons La Trinitaine.<\/p>\n<p>L&rsquo;an dernier, 10 000 visiteurs avaient pu d\u00e9couvrir cette Grande exposition du Fabriqur\u00e9 en France.<\/p>\n","protected":false},"excerpt":{"rendered":"Publi\u00e9 : 7h51 &#8211; Modifi\u00e9 : 7h56 Dolor\u00e8s CHARLES Les sabots en cuir de Rivalin Cr\u00e9dit : Yann&hellip;\n","protected":false},"author":2,"featured_media":533112,"comment_status":"","ping_status":"","sticky":false,"template":"","format":"standard","meta":{"footnotes":""},"categories":[4],"tags":[11,65280,65279,4527,65281,1011,27,14883,12,3319,25],"class_list":{"0":"post-533111","1":"post","2":"type-post","3":"status-publish","4":"format-standard","5":"has-post-thumbnail","7":"category-france","8":"tag-actualites","9":"tag-atelier-rivalin","10":"tag-charentaise","11":"tag-elysee","12":"tag-fabrique-en-france","13":"tag-fr","14":"tag-france","15":"tag-made-in-france","16":"tag-news","17":"tag-quimper","18":"tag-republique-francaise"},"share_on_mastodon":{"url":"https:\/\/pubeurope.com\/@fr\/115546786254045583","error":""},"_links":{"self":[{"href":"https:\/\/www.europesays.com\/fr\/wp-json\/wp\/v2\/posts\/533111","targetHints":{"allow":["GET"]}}],"collection":[{"href":"https:\/\/www.europesays.com\/fr\/wp-json\/wp\/v2\/posts"}],"about":[{"href":"https:\/\/www.europesays.com\/fr\/wp-json\/wp\/v2\/types\/post"}],"author":[{"embeddable":true,"href":"https:\/\/www.europesays.com\/fr\/wp-json\/wp\/v2\/users\/2"}],"replies":[{"embeddable":true,"href":"https:\/\/www.europesays.com\/fr\/wp-json\/wp\/v2\/comments?post=533111"}],"version-history":[{"count":0,"href":"https:\/\/www.europesays.com\/fr\/wp-json\/wp\/v2\/posts\/533111\/revisions"}],"wp:featuredmedia":[{"embeddable":true,"href":"https:\/\/www.europesays.com\/fr\/wp-json\/wp\/v2\/media\/533112"}],"wp:attachment":[{"href":"https:\/\/www.europesays.com\/fr\/wp-json\/wp\/v2\/media?parent=533111"}],"wp:term":[{"taxonomy":"category","embeddable":true,"href":"https:\/\/www.europesays.com\/fr\/wp-json\/wp\/v2\/categories?post=533111"},{"taxonomy":"post_tag","embeddable":true,"href":"https:\/\/www.europesays.com\/fr\/wp-json\/wp\/v2\/tags?post=533111"}],"curies":[{"name":"wp","href":"https:\/\/api.w.org\/{rel}","templated":true}]}}