{"id":533140,"date":"2025-11-14T07:28:11","date_gmt":"2025-11-14T07:28:11","guid":{"rendered":"https:\/\/www.europesays.com\/fr\/533140\/"},"modified":"2025-11-14T07:28:11","modified_gmt":"2025-11-14T07:28:11","slug":"en-direct-budget-2026-lassemblee-ne-siegera-pas-ce-week-end-une-decision-inacceptable-pour-la-gauche","status":"publish","type":"post","link":"https:\/\/www.europesays.com\/fr\/533140\/","title":{"rendered":"EN DIRECT &#8211; Budget 2026 : l\u2019Assembl\u00e9e ne si\u00e9gera pas ce week-end, une d\u00e9cision \u00abinacceptable\u00bb pour la gauche"},"content":{"rendered":"<p class=\"fig-paragraph\">L\u2019Assembl\u00e9e nationale a valid\u00e9 jeudi le pr\u00e9l\u00e8vement destin\u00e9 au budget europ\u00e9en, fix\u00e9 \u00e0 28,8 milliards d\u2019euros en 2026, malgr\u00e9 l\u2019opposition du RN et de la\u00a0<a href=\"http:\/\/www.lefigaro.fr\/politique\/si-vous-soutenez-zohran-mamdani-a-new-york-vous-devez-soutenir-la-france-insoumise-a-paris-estime-sophia-chikirou-20251105\" data-fig-type=\"NewsFlash\" data-gtm-custom-categorie=\"navigation\" data-gtm-custom-action=\"crossclick\" data-gtm-custom-label=\"Contextuel\" data-gtm-event=\"customEventSPE\" data-fig-domain=\"LEFIGARO\" target=\"_blank\" rel=\"noopener\">France Insoumise<\/a>. La hausse de 5,7 milliards par rapport \u00e0 2025 n\u2019est \u00abpas une d\u00e9rive\u00bb mais un \u00abrattrapage\u00bb pr\u00e9vu dans le cadre financier pluriannuel, a expliqu\u00e9 le ministre charg\u00e9 de l\u2019Europe Benjamin Haddad, qui souligne les retours pour la France, notamment via la politique agricole commune (PAC).<\/p>\n<p class=\"fig-paragraph\">Les tentatives de r\u00e9duire l\u2019enveloppe ont \u00e9t\u00e9 rejet\u00e9es. Pour leurs auteurs, \u00ab30 milliards, ce n\u2019est pas une paille\u00bb alors que le gouvernement cherche des \u00e9conomies. D\u2019autres ont d\u00e9nonc\u00e9 l\u2019absence de rabais pour la France, un dispositif \u00abqui n\u2019existe pas\u00bb, a r\u00e9pondu la ministre des Comptes publics Am\u00e9lie de Montchalin, rappelant que la contribution fran\u00e7aise repr\u00e9sente moins de 1% du PIB.<\/p>\n<p class=\"fig-paragraph\">Marine Le Pen a critiqu\u00e9 un vote \u00abqui ne sert \u00e0 rien\u00bb, tandis que le d\u00e9put\u00e9 LR Philippe Juvin a invit\u00e9 ses coll\u00e8gues \u00e0 peser dans la n\u00e9gociation du prochain budget europ\u00e9en (2028-2034), qui pr\u00e9voit une refonte de la PAC.<\/p>\n<p>    Marine le Pen a critiqu\u00e9 un vote \u00abqui ne sert \u00e0 rien\u00bb.<br \/>\n                Gonzalo Fuentes \/ REUTERS<\/p>\n","protected":false},"excerpt":{"rendered":"L\u2019Assembl\u00e9e nationale a valid\u00e9 jeudi le pr\u00e9l\u00e8vement destin\u00e9 au budget europ\u00e9en, fix\u00e9 \u00e0 28,8 milliards d\u2019euros en 2026,&hellip;\n","protected":false},"author":2,"featured_media":533141,"comment_status":"","ping_status":"","sticky":false,"template":"","format":"standard","meta":{"footnotes":""},"categories":[4],"tags":[11,416,1003,426,427,422,423,1011,27,418,424,425,420,421,12,419,316,429,25,11067,428],"class_list":{"0":"post-533140","1":"post","2":"type-post","3":"status-publish","4":"format-standard","5":"has-post-thumbnail","7":"category-france","8":"tag-actualites","9":"tag-assemblee-nationale","10":"tag-budget","11":"tag-candidat","12":"tag-candidats","13":"tag-depute","14":"tag-deputes","15":"tag-fr","16":"tag-france","17":"tag-gouvernement","18":"tag-institution","19":"tag-institutions","20":"tag-loi","21":"tag-lois","22":"tag-news","23":"tag-opposition","24":"tag-politique","25":"tag-ps","26":"tag-republique-francaise","27":"tag-sebastien-lecornu","28":"tag-ump"},"share_on_mastodon":{"url":"https:\/\/pubeurope.com\/@fr\/115546875770991306","error":""},"_links":{"self":[{"href":"https:\/\/www.europesays.com\/fr\/wp-json\/wp\/v2\/posts\/533140","targetHints":{"allow":["GET"]}}],"collection":[{"href":"https:\/\/www.europesays.com\/fr\/wp-json\/wp\/v2\/posts"}],"about":[{"href":"https:\/\/www.europesays.com\/fr\/wp-json\/wp\/v2\/types\/post"}],"author":[{"embeddable":true,"href":"https:\/\/www.europesays.com\/fr\/wp-json\/wp\/v2\/users\/2"}],"replies":[{"embeddable":true,"href":"https:\/\/www.europesays.com\/fr\/wp-json\/wp\/v2\/comments?post=533140"}],"version-history":[{"count":0,"href":"https:\/\/www.europesays.com\/fr\/wp-json\/wp\/v2\/posts\/533140\/revisions"}],"wp:featuredmedia":[{"embeddable":true,"href":"https:\/\/www.europesays.com\/fr\/wp-json\/wp\/v2\/media\/533141"}],"wp:attachment":[{"href":"https:\/\/www.europesays.com\/fr\/wp-json\/wp\/v2\/media?parent=533140"}],"wp:term":[{"taxonomy":"category","embeddable":true,"href":"https:\/\/www.europesays.com\/fr\/wp-json\/wp\/v2\/categories?post=533140"},{"taxonomy":"post_tag","embeddable":true,"href":"https:\/\/www.europesays.com\/fr\/wp-json\/wp\/v2\/tags?post=533140"}],"curies":[{"name":"wp","href":"https:\/\/api.w.org\/{rel}","templated":true}]}}