{"id":533200,"date":"2025-11-14T08:01:15","date_gmt":"2025-11-14T08:01:15","guid":{"rendered":"https:\/\/www.europesays.com\/fr\/533200\/"},"modified":"2025-11-14T08:01:15","modified_gmt":"2025-11-14T08:01:15","slug":"le-corps-de-letudiant-repeche-dans-le-rhone-une-probable-chute-accidentelle","status":"publish","type":"post","link":"https:\/\/www.europesays.com\/fr\/533200\/","title":{"rendered":"le corps de l&rsquo;\u00e9tudiant rep\u00each\u00e9 dans le Rh\u00f4ne, une probable chute accidentelle"},"content":{"rendered":"<p>Tragique \u00e9pilogue deux semaines apr\u00e8s la disparition de Flynn Ganneval, 19 ans, un \u00e9tudiant en commerce \u00e0 l&rsquo;EM Business School, \u00e0 Lyon : un corps, correspondant \u00e0 <a href=\"https:\/\/www.lalsace.fr\/faits-divers-justice\/2025\/11\/06\/un-etudiant-porte-disparu-a-lyon-depuis-une-semaine-la-police-lance-un-appel-a-temoins\" target=\"_blank\" rel=\"noopener\">celui de l&rsquo;\u00e9tudiant autrichien port\u00e9 disparu<\/a>, a \u00e9t\u00e9 retrouv\u00e9 jeudi dans les eaux du Rh\u00f4ne, rapportent <a href=\"https:\/\/www.leprogres.fr\/faits-divers-justice\/2025\/11\/13\/un-corps-repeche-dans-le-rhone-probablement-celui-de-flynn-l-etudiant-disparu\" target=\"_blank\" rel=\"noopener\">Le Progr\u00e8s<\/a> et <a href=\"https:\/\/actu.fr\/auvergne-rhone-alpes\/oullins-pierre-benite_69149\/le-corps-d-un-homme-retrouve-dans-le-rhone-au-sud-de-lyon-la-police-sur-place_63433040.html\" target=\"_blank\" rel=\"noopener\">Actu Lyon<\/a>.<\/p>\n<p>La d\u00e9pouille \u00e9tait coinc\u00e9e dans des branches, \u00e0 la hauteur d\u2019Oullins-Pierre-B\u00e9nite, au sud de Lyon. Le premier examen n\u2019a pas r\u00e9v\u00e9l\u00e9 de traces de violences.<\/p>\n<p>Flynn Ganneval avait disparu lors d&rsquo;une soir\u00e9e d&rsquo;Halloween<\/p>\n<p>En fin de journ\u00e9e, le parquet a officiellement confirm\u00e9 l&rsquo;identit\u00e9 du d\u00e9funt \u00e0 <a href=\"https:\/\/france3-regions.franceinfo.fr\/auvergne-rhone-alpes\/rhone\/lyon\/lyon-le-corps-de-flynn-ganneval-retrouve-dans-l-eau-du-rhone-3249019.html\" target=\"_blank\" rel=\"noopener\">France 3 Rh\u00f4ne-Alpes<\/a> : les effets personnels retrouv\u00e9s sur le corps ont en effet permis son identification formelle.<\/p>\n<p>Flynn Ganneval, 19 ans, avait disparu le 30 octobre apr\u00e8s une soir\u00e9e pass\u00e9e avec des amis pour Halloween. Il avait disparu peu apr\u00e8s minuit alors qu&rsquo;il s&rsquo;\u00e9tait \u00e9loign\u00e9 de son groupe pour aller uriner. Ses proches avaient alors signal\u00e9 sa disparition et une enqu\u00eate avait \u00e9t\u00e9 ouverte.<\/p>\n<p class=\"componentDescription\">Les circonstances de sa disparition<\/p>\n<p>                                            <img class=\"placeholder-svg\" loading=\"lazy\" decoding=\"async\" src=\"https:\/\/cdn-files.prsmedia.fr\/files\/REDAC\/images\/svg\/placeholders\/digiteka.svg\" alt=\"Digiteka PlaceHolder\"\/><\/p>\n<p>La police avait lanc\u00e9 un appel \u00e0 t\u00e9moins et la famille de l&rsquo;\u00e9tudiant, r\u00e9sidant en Autriche, avait lanc\u00e9 une cagnotte, qui avait permis de r\u00e9colter plus de 100 000 euros pour financer des recherches. Elle avait notamment fait appel \u00e0\u00a0un ma\u00eetre-chien et utilis\u00e9 un drone et un bateau.<\/p>\n<p class=\"note\">&gt;&gt; Lire l&rsquo;article du <a href=\"https:\/\/www.leprogres.fr\/faits-divers-justice\/2025\/11\/13\/un-corps-repeche-dans-le-rhone-probablement-celui-de-flynn-l-etudiant-disparu\" target=\"_blank\" rel=\"noopener\">Progr\u00e8s<\/a>.<\/p>\n","protected":false},"excerpt":{"rendered":"Tragique \u00e9pilogue deux semaines apr\u00e8s la disparition de Flynn Ganneval, 19 ans, un \u00e9tudiant en commerce \u00e0 l&rsquo;EM&hellip;\n","protected":false},"author":2,"featured_media":533201,"comment_status":"","ping_status":"","sticky":false,"template":"","format":"standard","meta":{"footnotes":""},"categories":[1889],"tags":[1111,11,2430,3676,1777,674,274,107,1011,27,329,2428,12,25],"class_list":{"0":"post-533200","1":"post","2":"type-post","3":"status-publish","4":"format-standard","5":"has-post-thumbnail","7":"category-lyon","8":"tag-actu","9":"tag-actualites","10":"tag-auvergne-rhone-alpes","11":"tag-disparition-inquietante","12":"tag-eu","13":"tag-europe","14":"tag-faits-divers-justice","15":"tag-fil-info","16":"tag-fr","17":"tag-france","18":"tag-france-monde","19":"tag-lyon","20":"tag-news","21":"tag-republique-francaise"},"share_on_mastodon":{"url":"https:\/\/pubeurope.com\/@fr\/115547006116728502","error":""},"_links":{"self":[{"href":"https:\/\/www.europesays.com\/fr\/wp-json\/wp\/v2\/posts\/533200","targetHints":{"allow":["GET"]}}],"collection":[{"href":"https:\/\/www.europesays.com\/fr\/wp-json\/wp\/v2\/posts"}],"about":[{"href":"https:\/\/www.europesays.com\/fr\/wp-json\/wp\/v2\/types\/post"}],"author":[{"embeddable":true,"href":"https:\/\/www.europesays.com\/fr\/wp-json\/wp\/v2\/users\/2"}],"replies":[{"embeddable":true,"href":"https:\/\/www.europesays.com\/fr\/wp-json\/wp\/v2\/comments?post=533200"}],"version-history":[{"count":0,"href":"https:\/\/www.europesays.com\/fr\/wp-json\/wp\/v2\/posts\/533200\/revisions"}],"wp:featuredmedia":[{"embeddable":true,"href":"https:\/\/www.europesays.com\/fr\/wp-json\/wp\/v2\/media\/533201"}],"wp:attachment":[{"href":"https:\/\/www.europesays.com\/fr\/wp-json\/wp\/v2\/media?parent=533200"}],"wp:term":[{"taxonomy":"category","embeddable":true,"href":"https:\/\/www.europesays.com\/fr\/wp-json\/wp\/v2\/categories?post=533200"},{"taxonomy":"post_tag","embeddable":true,"href":"https:\/\/www.europesays.com\/fr\/wp-json\/wp\/v2\/tags?post=533200"}],"curies":[{"name":"wp","href":"https:\/\/api.w.org\/{rel}","templated":true}]}}