{"id":533215,"date":"2025-11-14T08:16:16","date_gmt":"2025-11-14T08:16:16","guid":{"rendered":"https:\/\/www.europesays.com\/fr\/533215\/"},"modified":"2025-11-14T08:16:16","modified_gmt":"2025-11-14T08:16:16","slug":"la-statue-du-compositeur-benjamin-britten-a-14-ans-inauguree-dans-sa-ville-natale","status":"publish","type":"post","link":"https:\/\/www.europesays.com\/fr\/533215\/","title":{"rendered":"La statue du compositeur Benjamin Britten \u00e0 14 ans inaugur\u00e9e dans sa ville natale"},"content":{"rendered":"<p><strong>Une statue de Benjamin Britten \u00e9t\u00e9 inaugur\u00e9e dans sa ville natale de Lowestoft, dans le Suffolk, \u00e0 l\u2019ouest de l\u2019Angleterre. La sculpture de bronze repr\u00e9sente le grand compositeur anglais \u00e0 l\u2019\u00e2ge de quatorze ans.<\/strong><\/p>\n<p>C\u2019est sous un crachin typiquement anglais qu\u2019a \u00e9t\u00e9 inaugur\u00e9e le 10 novembre la statue de <a href=\"https:\/\/www.radioclassique.fr\/classique\/insolite\/la-maison-natale-du-compositeur-benjamin-britten-mise-en-vente-pour-moins-de-950-000-euros\/\" rel=\"nofollow noopener\" target=\"_blank\">Benjamin Britten \u00e0 Lowestoft<\/a>, la ville c\u00f4ti\u00e8re dans laquelle il naquit en 1913 et v\u00e9cut jusqu\u2019\u00e0 21 ans. <a href=\"https:\/\/www.brittenasaboy.com\/\" rel=\"nofollow noopener\" target=\"_blank\">Le monument<\/a>, \u00e9rig\u00e9 pr\u00e8s du front de mer, face \u00e0 sa maison natale sise au 21 Kirkley Cliff Road, a pu \u00eatre r\u00e9alis\u00e9 gr\u00e2ce \u00e0 une campagne de dons lanc\u00e9e il y a trois ans et qui a rapport\u00e9 pr\u00e8s de 120.000 livres, l\u2019\u00e9quivalent de 136.000 euros.<\/p>\n<p>La sculpture le repr\u00e9sente \u00e0 quatorze ans. C\u2019est l\u2019\u00e2ge qu\u2019il avait lorsque sa m\u00e8re l\u2019emmena au Festival de musique de Norfolk et Norwich, et le pr\u00e9senta au compositeur Frank Bridge qui devint son professeur particulier d\u2019alto et l\u2019encouragea \u00e0 poursuivre ses \u00e9tudes musicales. Benjamin Britten lui d\u00e9dia m\u00eame l\u2019une de ses premi\u00e8res \u0153uvres, Les Variations sur un th\u00e8me de Frank Bridge qui furent jou\u00e9es au Festival de Salzbourg en 1937<\/p>\n<p>L\u2019artiste a r\u00e9alis\u00e9 l\u2019effigie de la reine Elisabeth II sur les pi\u00e8ces de monnaie<\/p>\n<p>La repr\u00e9sentation de Benjamin Britten adolescent, le regard tourn\u00e9 vers l\u2019horizon, est le fruit d\u2019une volont\u00e9 des responsables du projet Britten as a Boy. Selon son vice-pr\u00e9sident Zeb Soanes \u00ab\u00a0Nous avons choisi de le repr\u00e9senter, \u00e0 l\u2019\u00e2ge de 14 ans, lorsque ses talents ont \u00e9t\u00e9 rep\u00e9r\u00e9s et encourag\u00e9s pour la premi\u00e8re fois, afin d\u2019inspirer les futures g\u00e9n\u00e9rations d\u2019enfants de Lowestoft et de leur montrer qu\u2019ils peuvent r\u00e9aliser leurs ambitions. C\u2019est un exemple de la fa\u00e7on dont de grandes choses peuvent se produire si l\u2019on a la volont\u00e9 et le soutien n\u00e9cessaires pour les mener \u00e0 bien\u00a0\u00bb.<\/p>\n<p style=\"color: #282828; text-align: left;\">A lire aussi<\/p>\n<p>\u00a0<\/p>\n<p>La sculpture en bronze, grandeur nature, a \u00e9t\u00e9 r\u00e9alis\u00e9e par le sculpteur Ian Rank-Broadley \u00e0 qui l\u2019on doit l\u2019effigie de <a href=\"https:\/\/www.radioclassique.fr\/classique\/recompenses\/mort-delizabeth-ii-rattle-solti-schwarzkopf-ces-grands-musiciens-classiques-anoblis-par-la-reine\/\" rel=\"nofollow noopener\" target=\"_blank\">la reine Elisabeth II<\/a> qui figure depuis 1998 sur toutes les pi\u00e8ces de monnaie du Royaume-Uni et du Commonwealth, et la statue de la princesse Diana, command\u00e9e par ses fils et \u00e9rig\u00e9e en 2021 dans le parc du palais de Kensington.<\/p>\n<p><img decoding=\"async\" class=\"alignnone size-full wp-image-1281195\" alt=\"\" data-skip-lazy=\"\" src=\"https:\/\/www.europesays.com\/fr\/wp-content\/uploads\/2025\/11\/britten-plaque-tt-width-355-height-236-crop-1-bgcolor-ffffff.jpg\"  \/><\/p>\n<p>\u00a0<\/p>\n<p>Lors de la c\u00e9r\u00e9monie d\u2019inauguration, le monument a \u00e9t\u00e9 d\u00e9voil\u00e9 par le compositeur Sir John Rutter dont la chorale avait \u00e9t\u00e9 dirig\u00e9e par Benjamin Britten lors de l\u2019enregistrement de son op\u00e9ra <a href=\"https:\/\/www.radioclassique.fr\/classique\/le-war-requiem-de-britten-par-mariss-jansons\/\" rel=\"nofollow noopener\" target=\"_blank\">War Requiem<\/a> en 1963.<\/p>\n<p><strong>Philippe Gault <\/strong><\/p>\n<p style=\"color: white; text-align: left;\"><strong>Retrouvez l\u2019actualit\u00e9 du Classique<\/strong><\/p>\n","protected":false},"excerpt":{"rendered":"Une statue de Benjamin Britten \u00e9t\u00e9 inaugur\u00e9e dans sa ville natale de Lowestoft, dans le Suffolk, \u00e0 l\u2019ouest&hellip;\n","protected":false},"author":2,"featured_media":533216,"comment_status":"","ping_status":"","sticky":false,"template":"","format":"standard","meta":{"footnotes":""},"categories":[1588],"tags":[11,1777,674,12,473,1853,1851,1850,1852],"class_list":{"0":"post-533215","1":"post","2":"type-post","3":"status-publish","4":"format-standard","5":"has-post-thumbnail","7":"category-royaume-uni","8":"tag-actualites","9":"tag-eu","10":"tag-europe","11":"tag-news","12":"tag-royaume-uni","13":"tag-royaume-uni-de-grande-bretagne-et-dirlande-du-nord","14":"tag-uk","15":"tag-united-kingdom","16":"tag-united-kingdom-of-great-britain-and-northern-ireland"},"share_on_mastodon":{"url":"https:\/\/pubeurope.com\/@fr\/115547065204439024","error":""},"_links":{"self":[{"href":"https:\/\/www.europesays.com\/fr\/wp-json\/wp\/v2\/posts\/533215","targetHints":{"allow":["GET"]}}],"collection":[{"href":"https:\/\/www.europesays.com\/fr\/wp-json\/wp\/v2\/posts"}],"about":[{"href":"https:\/\/www.europesays.com\/fr\/wp-json\/wp\/v2\/types\/post"}],"author":[{"embeddable":true,"href":"https:\/\/www.europesays.com\/fr\/wp-json\/wp\/v2\/users\/2"}],"replies":[{"embeddable":true,"href":"https:\/\/www.europesays.com\/fr\/wp-json\/wp\/v2\/comments?post=533215"}],"version-history":[{"count":0,"href":"https:\/\/www.europesays.com\/fr\/wp-json\/wp\/v2\/posts\/533215\/revisions"}],"wp:featuredmedia":[{"embeddable":true,"href":"https:\/\/www.europesays.com\/fr\/wp-json\/wp\/v2\/media\/533216"}],"wp:attachment":[{"href":"https:\/\/www.europesays.com\/fr\/wp-json\/wp\/v2\/media?parent=533215"}],"wp:term":[{"taxonomy":"category","embeddable":true,"href":"https:\/\/www.europesays.com\/fr\/wp-json\/wp\/v2\/categories?post=533215"},{"taxonomy":"post_tag","embeddable":true,"href":"https:\/\/www.europesays.com\/fr\/wp-json\/wp\/v2\/tags?post=533215"}],"curies":[{"name":"wp","href":"https:\/\/api.w.org\/{rel}","templated":true}]}}