{"id":533217,"date":"2025-11-14T08:17:34","date_gmt":"2025-11-14T08:17:34","guid":{"rendered":"https:\/\/www.europesays.com\/fr\/533217\/"},"modified":"2025-11-14T08:17:34","modified_gmt":"2025-11-14T08:17:34","slug":"en-tete-de-son-groupe-lallemagne-a-les-cles-en-main-pour-se-qualifier","status":"publish","type":"post","link":"https:\/\/www.europesays.com\/fr\/533217\/","title":{"rendered":"en t\u00eate de son groupe, l&rsquo;Allemagne a les cl\u00e9s en main pour se qualifier"},"content":{"rendered":"<p>Malgr\u00e9 un d\u00e9but de campagne difficile en septembre dans ces qualifications pour le Mondial-2026, l&rsquo;\u00e9quipe de football d&rsquo;Allemagne est en bonne position pour la qualification\u00a0directe. L&rsquo;\u00e9quation est simple : en t\u00eate du groupe A, elle doit s&rsquo;imposer face au Luxembourg ce vendredi soir (20 h 45) puis face \u00e0\u00a0la Slovaquie, lundi, sans se soucier des autres matches. \u00ab Nous ne sommes pas d\u00e9pendants des autres r\u00e9sultats, mais seulement des n\u00f4tres, c&rsquo;est bien. On s&rsquo;est mis dans une situation tr\u00e8s correcte, malgr\u00e9 un tr\u00e8s mauvais mois de septembre \u00bb, a soulign\u00e9 le s\u00e9lectionneur, au d\u00e9but du rassemblement \u00e0 Wolfsburg, appelant \u00e0 ne \u00ab rien prendre \u00e0 la l\u00e9g\u00e8re \u00bb.<\/p>\n<p>Dans une phase de qualification r\u00e9duite \u00e0 trois fen\u00eatres et six matches, l&rsquo;Allemagne, battue \u00e0 la surprise g\u00e9n\u00e9rale \u00e0 Bratislava (2-0) par la Slovaquie, pour lancer la campagne, s&rsquo;est mise sous pression d&rsquo;entr\u00e9e. Cons\u00e9quence directe de ce faux pas inaugural, la Mannschaft devra patienter jusqu&rsquo;\u00e0 la derni\u00e8re journ\u00e9e pour valider son ticket pour les \u00c9tats-Unis, le Canada et le Mexique cet \u00e9t\u00e9.<\/p>\n<p>Potentielle finale lundi<\/p>\n<p>Depuis le revers \u00e0 Bratislava, les co\u00e9quipiers de Joshua Kimmich &#8211; du voyage dans le Grand Duch\u00e9 mais forfait -, ont battu l&rsquo;Irlande du Nord (3-1 et 1-0) et le Luxembourg (4-0), prenant la t\u00eate du groupe avec 9 points, \u00e0 \u00e9galit\u00e9 avec la Slovaquie mais une meilleure diff\u00e9rence de buts (+5 contre +3). L&rsquo;Irlande du Nord est juste derri\u00e8re avec 6 pts, et une diff\u00e9rence de buts de +1.<\/p>\n<p>Ce vendredi, les Allemands se rendent au Luxembourg, qui n&rsquo;esp\u00e8re plus rien, pendant que la Slovaquie re\u00e7oit l&rsquo;Irlande du Nord. Trois jours plus tard, l&rsquo;Allemagne accueillera la Slovaquie \u00e0 Leipzig pour une potentielle finale de groupe. En cas d&rsquo;\u00e9chec, les Allemands passeront quoi qu&rsquo;il arrive par les barrages en mars. \u00ab Offensivement, j&rsquo;ai l&rsquo;impression qu&rsquo;en octobre, on n&rsquo;a pas \u00e9t\u00e9 assez dangereux, m\u00eame si on a inscrit les buts dont on avait besoin pour gagner les matches \u00bb, a estim\u00e9 Nagelsmann.<\/p>\n<p>  Ligne d&rsquo;attaque d\u00e9cim\u00e9e<\/p>\n<p>En plus de Kimmich, touch\u00e9 \u00e0 la cheville \u00e0 l&rsquo;entra\u00eenement de mercredi, le s\u00e9lectionneur devra encore composer avec plusieurs absences en attaque, notamment celle de Jamal Musiala, en phase de reprise au Bayern apr\u00e8s sa grave blessure d\u00e9but juillet au Mondial des clubs (fracture du p\u00e9ron\u00e9) ou celles de Kai Havertz et Niclas F\u00fcllkrug entre autres. Nagelsmann a donc rappel\u00e9 Leroy San\u00e9, absent en septembre et en octobre, et fait appel au jeune Said El Mala (19 ans).<\/p>\n<p>Si l&rsquo;Allemagne vise sa qualification pour le Mondial, deux victoires en novembre lui permettraient aussi de conserver sa place (10e) au classement Fifa, d&rsquo;\u00eatre ainsi t\u00eate de s\u00e9rie lors du tirage au sort de la phase finale le 5 d\u00e9cembre \u00e0 Washington et d&rsquo;\u00e9viter les meilleures nations lors des poules.<\/p>\n","protected":false},"excerpt":{"rendered":"Malgr\u00e9 un d\u00e9but de campagne difficile en septembre dans ces qualifications pour le Mondial-2026, l&rsquo;\u00e9quipe de football d&rsquo;Allemagne&hellip;\n","protected":false},"author":2,"featured_media":533218,"comment_status":"","ping_status":"","sticky":false,"template":"","format":"standard","meta":{"footnotes":""},"categories":[1587],"tags":[11,672,1804,1805,1803,1777,674,107,1701,63,329,1801,12,1802,517,1947],"class_list":{"0":"post-533217","1":"post","2":"type-post","3":"status-publish","4":"format-standard","5":"has-post-thumbnail","7":"category-allemagne","8":"tag-actualites","9":"tag-allemagne","10":"tag-bundesrepublik-deutschland","11":"tag-de","12":"tag-deutschland","13":"tag-eu","14":"tag-europe","15":"tag-fil-info","16":"tag-fil-info-sport","17":"tag-football","18":"tag-france-monde","19":"tag-germany","20":"tag-news","21":"tag-republique-federale-dallemagne","22":"tag-sport","23":"tag-sport-national"},"share_on_mastodon":{"url":"https:\/\/pubeurope.com\/@fr\/115547068638812335","error":""},"_links":{"self":[{"href":"https:\/\/www.europesays.com\/fr\/wp-json\/wp\/v2\/posts\/533217","targetHints":{"allow":["GET"]}}],"collection":[{"href":"https:\/\/www.europesays.com\/fr\/wp-json\/wp\/v2\/posts"}],"about":[{"href":"https:\/\/www.europesays.com\/fr\/wp-json\/wp\/v2\/types\/post"}],"author":[{"embeddable":true,"href":"https:\/\/www.europesays.com\/fr\/wp-json\/wp\/v2\/users\/2"}],"replies":[{"embeddable":true,"href":"https:\/\/www.europesays.com\/fr\/wp-json\/wp\/v2\/comments?post=533217"}],"version-history":[{"count":0,"href":"https:\/\/www.europesays.com\/fr\/wp-json\/wp\/v2\/posts\/533217\/revisions"}],"wp:featuredmedia":[{"embeddable":true,"href":"https:\/\/www.europesays.com\/fr\/wp-json\/wp\/v2\/media\/533218"}],"wp:attachment":[{"href":"https:\/\/www.europesays.com\/fr\/wp-json\/wp\/v2\/media?parent=533217"}],"wp:term":[{"taxonomy":"category","embeddable":true,"href":"https:\/\/www.europesays.com\/fr\/wp-json\/wp\/v2\/categories?post=533217"},{"taxonomy":"post_tag","embeddable":true,"href":"https:\/\/www.europesays.com\/fr\/wp-json\/wp\/v2\/tags?post=533217"}],"curies":[{"name":"wp","href":"https:\/\/api.w.org\/{rel}","templated":true}]}}