{"id":533245,"date":"2025-11-14T08:36:12","date_gmt":"2025-11-14T08:36:12","guid":{"rendered":"https:\/\/www.europesays.com\/fr\/533245\/"},"modified":"2025-11-14T08:36:12","modified_gmt":"2025-11-14T08:36:12","slug":"jetais-sous-lady-gaga-devoile-la-verite-derriere-le-tournage-de-a-star-is-born","status":"publish","type":"post","link":"https:\/\/www.europesays.com\/fr\/533245\/","title":{"rendered":"\u201cJ\u2019\u00e9tais sous\u2026\u201d : Lady Gaga d\u00e9voile la v\u00e9rit\u00e9 derri\u00e8re le tournage de A Star is Born"},"content":{"rendered":"<p>Dix ans apr\u00e8s la sortie de A Star Is Born, Lady Gaga a<br \/>\nd\u00e9cid\u00e9 de livrer sa v\u00e9rit\u00e9. \u00c0 l\u2019heure o\u00f9 elle remonte sur sc\u00e8ne<br \/>\npour la tourn\u00e9e <a href=\"https:\/\/www.closermag.fr\/people\/un-couple-royal-presque-incognito-se-dechaine-au-concert-de-lady-gaga-3592759\" target=\"_blank\" rel=\"noopener\"><br \/>\nThe Mayhem Ball, qui a \u00e9t\u00e9 suivie par un couple royal,<\/a> la<br \/>\nchanteuse a accord\u00e9 une interview bouleversante au magazine<br \/>\n<a href=\"https:\/\/www.rollingstone.com\/music\/music-features\/lady-gaga-mayhem-tour-grammys-cover-story-interview-1235460150\/\" target=\"_blank\" rel=\"nofollow noopener\">Rolling Stone<\/a>.<br \/>\nPour la premi\u00e8re fois, elle y d\u00e9taille <strong>l\u2019\u00e9tat mental dans<br \/>\nlequel elle se trouvait<\/strong> au moment o\u00f9 le film de Bradley<br \/>\nCooper voyait le jour, alors qu\u2019elle \u00e9tait au sommet de sa carri\u00e8re<br \/>\net de sa visibilit\u00e9 plan\u00e9taire.<\/p>\n<p>L\u2019artiste explique, sans d\u00e9tour, que tout n\u2019\u00e9tait qu\u2019apparences.<br \/>\nDerri\u00e8re la performance salu\u00e9e dans le monde entier, se cachait un<br \/>\nquotidien bien plus sombre : \u201cJ\u2019ai tourn\u00e9 A Star is Born<br \/>\n<strong>sous lithium\u201d<\/strong><strong>.<\/strong> Un aveu<br \/>\ngla\u00e7ant qui r\u00e9v\u00e8le combien la chanteuse \u00e9tait loin de l\u2019image de<br \/>\nforce et de stabilit\u00e9 qu\u2019elle projetait alors, notamment gr\u00e2ce<br \/>\n<a href=\"https:\/\/www.closermag.fr\/mode\/lady-gaga-ses-looks-les-plus-effrayants-1247117\" target=\"_blank\" rel=\"noopener\"><br \/>\n\u00e0 des apparitions comment\u00e9es.<\/a><\/p>\n<p>Lady Gaga se confie en toute transparence sur son \u00e9tat<br \/>\nmental<\/p>\n<p>Au moment o\u00f9 le film devenait un ph\u00e9nom\u00e8ne mondial, Lady Gaga<br \/>\ns\u2019enfon\u00e7ait dans une crise psychotique qu\u2019elle peine encore \u00e0<br \/>\nd\u00e9crire. Les signaux d\u2019alerte se multipliaient autour d\u2019elle<br \/>\n<strong>: \u201cUn jour, ma s\u0153ur m\u2019a dit : \u2018Je ne reconnais plus ma<br \/>\ns\u0153ur.\u2019\u201d<\/strong>. Un \u00e9lectrochoc.<\/p>\n<p>Quelques jours plus tard, la star met brutalement fin au Joanne<br \/>\nWorld Tour, annule plus d\u2019une dizaine de concerts, et se pr\u00e9sente \u00e0<br \/>\nl\u2019h\u00f4pital : \u201cUn jour, je suis all\u00e9e \u00e0 l\u2019h\u00f4pital pour entrer en<br \/>\npsychiatrie. J\u2019avais besoin d\u2019une pause. Je ne pouvais plus rien<br \/>\nfaire\u2026 <strong>J\u2019ai explos\u00e9 en vol.<\/strong> C\u2019\u00e9tait<br \/>\nterrifiant\u201d.<\/p>\n<p>La chanteuse va aujourd&rsquo;hui beaucoup<br \/>\nmieux<\/p>\n<p>La chanteuse confie qu\u2019elle a longtemps pens\u00e9 qu\u2019elle ne se<br \/>\nrel\u00e8verait jamais : \u201cIl y a eu une p\u00e9riode o\u00f9 je pensais que je<br \/>\nne pourrais jamais aller mieux. Je me sens vraiment chanceuse<br \/>\nd\u2019\u00eatre en vie. J\u2019ai conscience que \u00e7a peut sembler dramatique, mais<br \/>\non sait jusqu\u2019o\u00f9 \u00e7a peut mener\u201d.<\/p>\n<p>\u00c0 l\u2019\u00e9poque, ses fans avaient appris avec incompr\u00e9hension<br \/>\nl\u2019annulation de ses dates europ\u00e9ennes en f\u00e9vrier 2018, dont deux<br \/>\nconcerts \u00e0 Paris. Officiellement, Lady Gaga \u00e9voquait <a href=\"https:\/\/www.closermag.fr\/people\/lady-gaga-qu-est-ce-que-la-fibromyalgie-un-specialiste-explique-748076\" target=\"_blank\" rel=\"noopener\"><br \/>\nune fibromyalgie particuli\u00e8rement douloureuse.<\/a> Aujourd\u2019hui,<br \/>\nelle laisse entendre que la r\u00e9alit\u00e9 \u00e9tait plus grave encore :<br \/>\n<strong>une sant\u00e9 mentale en chute libre<\/strong>, et un corps<br \/>\nincapable de supporter la pression. Dix ans plus tard, Lady Gaga<br \/>\nrevient, non pas pour tourner la page, mais pour raconter ce qui<br \/>\n\u00e9tait indicible.<\/p>\n","protected":false},"excerpt":{"rendered":"Dix ans apr\u00e8s la sortie de A Star Is Born, Lady Gaga a d\u00e9cid\u00e9 de livrer sa v\u00e9rit\u00e9.&hellip;\n","protected":false},"author":2,"featured_media":533246,"comment_status":"","ping_status":"","sticky":false,"template":"","format":"standard","meta":{"footnotes":""},"categories":[1355],"tags":[58,59,1011,27,2531,1361,873],"class_list":{"0":"post-533245","1":"post","2":"type-post","3":"status-publish","4":"format-standard","5":"has-post-thumbnail","7":"category-musique","8":"tag-divertissement","9":"tag-entertainment","10":"tag-fr","11":"tag-france","12":"tag-lady-gaga","13":"tag-music","14":"tag-musique"},"share_on_mastodon":{"url":"https:\/\/pubeurope.com\/@fr\/115547143349000550","error":""},"_links":{"self":[{"href":"https:\/\/www.europesays.com\/fr\/wp-json\/wp\/v2\/posts\/533245","targetHints":{"allow":["GET"]}}],"collection":[{"href":"https:\/\/www.europesays.com\/fr\/wp-json\/wp\/v2\/posts"}],"about":[{"href":"https:\/\/www.europesays.com\/fr\/wp-json\/wp\/v2\/types\/post"}],"author":[{"embeddable":true,"href":"https:\/\/www.europesays.com\/fr\/wp-json\/wp\/v2\/users\/2"}],"replies":[{"embeddable":true,"href":"https:\/\/www.europesays.com\/fr\/wp-json\/wp\/v2\/comments?post=533245"}],"version-history":[{"count":0,"href":"https:\/\/www.europesays.com\/fr\/wp-json\/wp\/v2\/posts\/533245\/revisions"}],"wp:featuredmedia":[{"embeddable":true,"href":"https:\/\/www.europesays.com\/fr\/wp-json\/wp\/v2\/media\/533246"}],"wp:attachment":[{"href":"https:\/\/www.europesays.com\/fr\/wp-json\/wp\/v2\/media?parent=533245"}],"wp:term":[{"taxonomy":"category","embeddable":true,"href":"https:\/\/www.europesays.com\/fr\/wp-json\/wp\/v2\/categories?post=533245"},{"taxonomy":"post_tag","embeddable":true,"href":"https:\/\/www.europesays.com\/fr\/wp-json\/wp\/v2\/tags?post=533245"}],"curies":[{"name":"wp","href":"https:\/\/api.w.org\/{rel}","templated":true}]}}