{"id":533257,"date":"2025-11-14T08:43:12","date_gmt":"2025-11-14T08:43:12","guid":{"rendered":"https:\/\/www.europesays.com\/fr\/533257\/"},"modified":"2025-11-14T08:43:12","modified_gmt":"2025-11-14T08:43:12","slug":"les-etats-unis-annoncent-une-nouvelle-operation-militaire","status":"publish","type":"post","link":"https:\/\/www.europesays.com\/fr\/533257\/","title":{"rendered":"les \u00c9tats-Unis annoncent une nouvelle op\u00e9ration militaire"},"content":{"rendered":"<p>\n    L\u2019administration du pr\u00e9sident Donald Trump conduit depuis ao\u00fbt une campagne militaire dans les Cara\u00efbes et le Pacifique, avec notamment une demi-douzaine de navires de guerre et des forces a\u00e9riennes dans le cadre de ce qu\u2019elle assure \u00eatre une op\u00e9ration antidrogue.<\/p>\n<p class=\"fig-paragraph\">Le ministre am\u00e9ricain de la D\u00e9fense a annonc\u00e9 jeudi une op\u00e9ration militaire visant \u00e0 \u00ab\u00e9liminer les narcoterroristes\u00bb, apr\u00e8s un renforcement de la pr\u00e9sence navale du pays dans les eaux\u00a0<a href=\"https:\/\/www.lefigaro.fr\/tag\/amerique-latine\" target=\"_blank\" rel=\"sponsored noopener\" data-gtm-custom-categorie=\"navigation\" data-gtm-custom-action=\"crossclick\" data-gtm-custom-label=\"Contextuel\" data-gtm-event=\"customEventSPE\">latino-am\u00e9ricaines<\/a>\u00a0qui fait craindre des frappes terrestres et un conflit plus large. \u00abAujourd&rsquo;hui, j&rsquo;annonce l&rsquo;Op\u00e9ration \u00ab\u00a0SOUTHERN SPEAR\u00a0\u00bb\u00bb (lance du Sud), a \u00e9crit Pete Hegseth sur X, ajoutant que \u00abcette mission d\u00e9fend notre Patrie, \u00e9limine les narcoterroristes de notre H\u00e9misph\u00e8re et prot\u00e8ge notre Patrie des drogues qui tuent notre peuple\u00bb. Il n&rsquo;a pas d\u00e9taill\u00e9 la nature de l&rsquo;op\u00e9ration ni ce qui la distingue des actions militaires d\u00e9j\u00e0 lanc\u00e9es.<\/p>\n<p>Campagne militaire<\/p>\n<p class=\"fig-paragraph\">L&rsquo;administration du pr\u00e9sident\u00a0<a href=\"https:\/\/www.lefigaro.fr\/tag\/donald-trump\" target=\"_blank\" rel=\"sponsored noopener\" data-gtm-custom-categorie=\"navigation\" data-gtm-custom-action=\"crossclick\" data-gtm-custom-label=\"Contextuel\" data-gtm-event=\"customEventSPE\">Donald Trump<\/a>\u00a0conduit depuis ao\u00fbt une\u00a0<a href=\"http:\/\/www.lefigaro.fr\/international\/les-etats-unis-envoient-un-porte-avions-au-large-de-l-amerique-latine-pour-des-operations-antidrogue-20251111\" data-fig-type=\"NewsFlash\" data-gtm-custom-categorie=\"navigation\" data-gtm-custom-action=\"crossclick\" data-gtm-custom-label=\"Contextuel\" data-gtm-event=\"customEventSPE\" data-fig-domain=\"LEFIGARO\" target=\"_blank\" rel=\"noopener\">campagne militaire dans les Cara\u00efbes et le Pacifique<\/a>, avec notamment une demi-douzaine de navires de guerre et des forces a\u00e9riennes dans le cadre de ce qu&rsquo;elle assure \u00eatre une op\u00e9ration antidrogue. Ces derni\u00e8res semaines, les \u00c9tats-Unis ont dit avoir men\u00e9 une vingtaine de frappes a\u00e9riennes dans cette r\u00e9gion contre des embarcations qu&rsquo;ils accusent &#8211; sans pr\u00e9senter de preuves &#8211; de transporter de la drogue, faisant au total 76 victimes.<\/p>\n<p>                                    <a class=\"fig-a11y-skip a11y-hidden\" href=\"#fig-a11y-skip-main-inarticle\"><br \/>\n        Passer la publicit\u00e9<br \/>\n    <\/a><\/p>\n<p class=\"fig-paragraph\">Sollicit\u00e9, le Pentagone n&rsquo;a pas donn\u00e9 plus de pr\u00e9cision sur l&rsquo;op\u00e9ration \u00abSouthern spear\u00bb. Mercredi, la cha\u00eene am\u00e9ricaine CBS News a cit\u00e9 plusieurs sources affirmant que de hauts responsables militaires avaient pr\u00e9sent\u00e9 \u00e0 M. Trump diff\u00e9rentes options pour des op\u00e9rations au Venezuela, dont des frappes terrestres. L&rsquo;arm\u00e9e v\u00e9n\u00e9zu\u00e9lienne a annonc\u00e9 mardi un d\u00e9ploiement \u00abmassif\u00bb dans tout le pays, contre \u00abl&rsquo;imp\u00e9rialisme\u00bb am\u00e9ricain.<\/p>\n<p class=\"fig-paragraph\">Le m\u00eame jour, le porte-avions le plus avanc\u00e9 de l&rsquo;arm\u00e9e am\u00e9ricaine est arriv\u00e9 au large du continent latino-am\u00e9ricain. Le Venezuela accuse Washington de prendre pr\u00e9texte du narcotrafic \u00abpour imposer un changement de r\u00e9gime\u00bb \u00e0 Caracas et s&#8217;emparer de son p\u00e9trole. De son c\u00f4t\u00e9, Donald Trump a donn\u00e9 des indications contradictoires sur sa strat\u00e9gie, \u00e9voquant par moments des frappes sur le sol v\u00e9n\u00e9zu\u00e9lien et des jours compt\u00e9s pour\u00a0<a href=\"https:\/\/www.lefigaro.fr\/tag\/nicolas-maduro\" target=\"_blank\" rel=\"sponsored noopener\" data-gtm-custom-categorie=\"navigation\" data-gtm-custom-action=\"crossclick\" data-gtm-custom-label=\"Contextuel\" data-gtm-event=\"customEventSPE\">Nicol\u00e1s Maduro<\/a>, mais \u00e9cartant aussi l&rsquo;id\u00e9e d&rsquo;une guerre.<\/p>\n","protected":false},"excerpt":{"rendered":"L\u2019administration du pr\u00e9sident Donald Trump conduit depuis ao\u00fbt une campagne militaire dans les Cara\u00efbes et le Pacifique, avec&hellip;\n","protected":false},"author":2,"featured_media":533258,"comment_status":"","ping_status":"","sticky":false,"template":"","format":"standard","meta":{"footnotes":""},"categories":[5],"tags":[11,5002,73,1011,27,14,8721,12,28],"class_list":{"0":"post-533257","1":"post","2":"type-post","3":"status-publish","4":"format-standard","5":"has-post-thumbnail","7":"category-international","8":"tag-actualites","9":"tag-amerique-latine","10":"tag-etats-unis","11":"tag-fr","12":"tag-france","13":"tag-international","14":"tag-narcotrafic","15":"tag-news","16":"tag-world"},"share_on_mastodon":{"url":"https:\/\/pubeurope.com\/@fr\/115547170755965882","error":""},"_links":{"self":[{"href":"https:\/\/www.europesays.com\/fr\/wp-json\/wp\/v2\/posts\/533257","targetHints":{"allow":["GET"]}}],"collection":[{"href":"https:\/\/www.europesays.com\/fr\/wp-json\/wp\/v2\/posts"}],"about":[{"href":"https:\/\/www.europesays.com\/fr\/wp-json\/wp\/v2\/types\/post"}],"author":[{"embeddable":true,"href":"https:\/\/www.europesays.com\/fr\/wp-json\/wp\/v2\/users\/2"}],"replies":[{"embeddable":true,"href":"https:\/\/www.europesays.com\/fr\/wp-json\/wp\/v2\/comments?post=533257"}],"version-history":[{"count":0,"href":"https:\/\/www.europesays.com\/fr\/wp-json\/wp\/v2\/posts\/533257\/revisions"}],"wp:featuredmedia":[{"embeddable":true,"href":"https:\/\/www.europesays.com\/fr\/wp-json\/wp\/v2\/media\/533258"}],"wp:attachment":[{"href":"https:\/\/www.europesays.com\/fr\/wp-json\/wp\/v2\/media?parent=533257"}],"wp:term":[{"taxonomy":"category","embeddable":true,"href":"https:\/\/www.europesays.com\/fr\/wp-json\/wp\/v2\/categories?post=533257"},{"taxonomy":"post_tag","embeddable":true,"href":"https:\/\/www.europesays.com\/fr\/wp-json\/wp\/v2\/tags?post=533257"}],"curies":[{"name":"wp","href":"https:\/\/api.w.org\/{rel}","templated":true}]}}