{"id":533275,"date":"2025-11-14T08:54:13","date_gmt":"2025-11-14T08:54:13","guid":{"rendered":"https:\/\/www.europesays.com\/fr\/533275\/"},"modified":"2025-11-14T08:54:13","modified_gmt":"2025-11-14T08:54:13","slug":"aix-montpellier-un-duel-pas-comme-les-autres","status":"publish","type":"post","link":"https:\/\/www.europesays.com\/fr\/533275\/","title":{"rendered":"Aix-Montpellier, un duel pas comme les autres"},"content":{"rendered":"<p>Aix-Montpellier, c&rsquo;est toujours mieux qu&rsquo;un derby face \u00e0 Marseille\u00a0! Parce que les deux formations se <a href=\"https:\/\/www.laprovence.com\/article\/sports\/1527674457779614\/water-polo-elite-le-pays-daix-natation-a-joue-a-se-faire-peur-contre-montpellier\" target=\"_blank\" rel=\"noopener\">\u00ab\u00a0tirent la bourre\u00a0\u00bb<\/a> depuis plusieurs saisons.<\/p>\n<p>Dans l&rsquo;exc\u00e8s parfois avec des d\u00e9bordements qui ne devraient pas avoir lieu dans ce sport si difficile mais c&rsquo;est surtout dans une rivalit\u00e9 sportive qui alimente chaque saison leurs confrontations.<\/p>\n<p>Et souvent, le PAN et le MWP poursuivent ce duel en play-offs, avec un avantage ces derni\u00e8res ann\u00e9es aux Proven\u00e7aux. A l&rsquo;image de la derni\u00e8re victoire des H\u00e9raultais en\u00a02022 lors du match pour la 5e place. Mais depuis, Aix s&rsquo;est impos\u00e9 7 fois sur les 7 derniers matches. Ce soir, les hommes du duo Colin-Khasz vont tenter de boucler l&rsquo;ann\u00e9e\u00a02025 en championnat avec une 6e victoire, histoire de conforter leur 3e place derri\u00e8re Marseille et Strasbourg.\u00a0Un succ\u00e8s\u00a0pourrait compter double puisque dans 15 jours, la coupe de France va prendre le relais du championnat. Et le classement de l&rsquo;Elite d\u00e9terminera le tirage au sort des quarts de finale. Alors pour s&rsquo;\u00e9viter de se frotter aux Marseillais et\u00a0Strasbourgeois, les Aixois ont besoin de trois points ce soir.<\/p>\n<p>Et la carotte vaut aussi\u00a0pour les hommes de Fabien Vasseur. Montpellier a deux matches \u00e0 jouer avant la parenth\u00e8se coupe de France. Et avec deux victoires, les H\u00e9raultais boucleraient cette premi\u00e8re phase \u00e0 la 3e place \u00e0 la place du PAN\u00a0!<\/p>\n<p>Voil\u00e0, le d\u00e9cor est plant\u00e9. Place \u00e0 ce choc avec une bonne nouvelle, le retour de Lucas Beteille.<\/p>\n<p>PAN &#8211;\u00a0Montpellier<\/p>\n<p><strong>A 19h30, piscine Yves-Blanc.<\/strong>&#13;\n<\/p>\n<p><strong>Arbitres\u00a0: Mme Aur\u00e9lie Bouchez et M. Pascal Bouchez.<\/strong>&#13;\n<\/p>\n<p><strong>PAN &#8211; gardiens\u00a0: Kandic et Plouzeau. Joueurs\u00a0: Bachelier, L.\u00a0Beteille, Scorletti, Yutmaz, Drah\u00e9, Braise -Fernandez, Hellebuyck, M.\u00a0Lena, Ogihara, T.\u00a0Beteille, Gamara, Cavano. Entra\u00eeneurs\u00a0: Alexandre Colin et Enzo Khasz. Montpellier &#8211; gardiens\u00a0: Garcia et Buniak. Joueurs\u00a0: Bliek Pannetier, Krekovic, Vix, Agrefil, Mustur, Spilliaert, Radovanlija, Roussel, Ben Romdhane, Irmes, Stojanovic, Chatelain-Terrasson. Entra\u00eeneur\u00a0: Fabien Vasseur.<\/strong>&#13;<\/p>\n","protected":false},"excerpt":{"rendered":"Aix-Montpellier, c&rsquo;est toujours mieux qu&rsquo;un derby face \u00e0 Marseille\u00a0! Parce que les deux formations se \u00ab\u00a0tirent la bourre\u00a0\u00bb&hellip;\n","protected":false},"author":2,"featured_media":533276,"comment_status":"","ping_status":"","sticky":false,"template":"","format":"standard","meta":{"footnotes":""},"categories":[9599],"tags":[17,1111,11,65290,49037,1993,1459,1777,674,1011,27,151,2208,12,2680,5261,25,60,7488],"class_list":{"0":"post-533275","1":"post","2":"type-post","3":"status-publish","4":"format-standard","5":"has-post-thumbnail","7":"category-montpellier","8":"tag-17","9":"tag-actu","10":"tag-actualites","11":"tag-aix-montpellier","12":"tag-autres","13":"tag-comme","14":"tag-duel","15":"tag-eu","16":"tag-europe","17":"tag-fr","18":"tag-france","19":"tag-les","20":"tag-montpellier","21":"tag-news","22":"tag-occitanie","23":"tag-pas","24":"tag-republique-francaise","25":"tag-sports","26":"tag-water-polo"},"share_on_mastodon":{"url":"https:\/\/pubeurope.com\/@fr\/115547214037676711","error":""},"_links":{"self":[{"href":"https:\/\/www.europesays.com\/fr\/wp-json\/wp\/v2\/posts\/533275","targetHints":{"allow":["GET"]}}],"collection":[{"href":"https:\/\/www.europesays.com\/fr\/wp-json\/wp\/v2\/posts"}],"about":[{"href":"https:\/\/www.europesays.com\/fr\/wp-json\/wp\/v2\/types\/post"}],"author":[{"embeddable":true,"href":"https:\/\/www.europesays.com\/fr\/wp-json\/wp\/v2\/users\/2"}],"replies":[{"embeddable":true,"href":"https:\/\/www.europesays.com\/fr\/wp-json\/wp\/v2\/comments?post=533275"}],"version-history":[{"count":0,"href":"https:\/\/www.europesays.com\/fr\/wp-json\/wp\/v2\/posts\/533275\/revisions"}],"wp:featuredmedia":[{"embeddable":true,"href":"https:\/\/www.europesays.com\/fr\/wp-json\/wp\/v2\/media\/533276"}],"wp:attachment":[{"href":"https:\/\/www.europesays.com\/fr\/wp-json\/wp\/v2\/media?parent=533275"}],"wp:term":[{"taxonomy":"category","embeddable":true,"href":"https:\/\/www.europesays.com\/fr\/wp-json\/wp\/v2\/categories?post=533275"},{"taxonomy":"post_tag","embeddable":true,"href":"https:\/\/www.europesays.com\/fr\/wp-json\/wp\/v2\/tags?post=533275"}],"curies":[{"name":"wp","href":"https:\/\/api.w.org\/{rel}","templated":true}]}}