{"id":533277,"date":"2025-11-14T08:55:12","date_gmt":"2025-11-14T08:55:12","guid":{"rendered":"https:\/\/www.europesays.com\/fr\/533277\/"},"modified":"2025-11-14T08:55:12","modified_gmt":"2025-11-14T08:55:12","slug":"voila-le-plein-didees-pour-ce-weekend-a-rouen","status":"publish","type":"post","link":"https:\/\/www.europesays.com\/fr\/533277\/","title":{"rendered":"voil\u00e0 le plein d&rsquo;id\u00e9es pour ce weekend \u00e0 Rouen"},"content":{"rendered":"<p>                    Par<br \/>\n        <strong><br \/>\n            <a href=\"https:\/\/actu.fr\/auteur\/julien-bouteiller\" title=\"Consulter tous les articles de Julien Bouteiller\" target=\"_blank\" rel=\"noopener\">Julien Bouteiller<\/a><br \/>\n                    <\/strong><\/p>\n<p>        Publi\u00e9 le<\/p>\n<p>            14 nov. 2025 \u00e0 9h20        <\/p>\n<p><strong>Enfin le weekend !<\/strong> M\u00eame si la m\u00e9t\u00e9o ne sera pas au top, il y aura malgr\u00e9 tout de quoi s\u2019occuper, au chaud et au sec, ces samedi 15 et dimanche 16 novembre 2025. La preuve, avec <strong>nos id\u00e9es de sorties \u00e0 Rouen<\/strong> pour ces deux jours.<\/p>\n<p>De bonnes affaires solidaires<\/p>\n<p class=\" wall-content\">Tout le weekend, la Halle aux toiles accueille <a href=\"https:\/\/actu.fr\/normandie\/rouen_76540\/des-articles-a-tout-petit-prix-le-secours-populaire-fait-sa-braderie-a-rouen-ce-weekend_63425066.html\" target=\"_blank\" rel=\"noopener\">la grande braderie du Secours Populaire<\/a>. Au programme, de nombreux articles \u00e0 tout petit prix.\u00a0 <strong>De la d\u00e9co, des livres, des jouets et bien d\u2019autres\u2026<\/strong> Et en plus, les recettes iront directement \u00e0 l\u2019association.<\/p>\n<p>Drones et feux d\u2019artifice \u00e0 la foire<\/p>\n<p class=\" wall-content\">Un spectacle f\u00e9\u00e9rique vous attend samedi soir sur la foire Saint-Romain. Apr\u00e8s un tour de man\u00e8ge ou de jeux, dans la soir\u00e9e, <strong>vous pourrez profiter de feux d\u2019artifice<\/strong>. Mais surtout, \u00e0 22h, <a href=\"https:\/\/actu.fr\/normandie\/rouen_76540\/spectacle-de-drones-a-la-foire-saint-romain-ce-qui-vous-attend-et-ou-le-regarder_63421840.html\" target=\"_blank\" rel=\"noopener\">d\u2019un spectacle in\u00e9dit de drones lumineux<\/a> au-dessus de la grande roue !<\/p>\n<p>Un resto pour les viandards<\/p>\n<p class=\" wall-content\">Rue du Vieux Palais, <a href=\"https:\/\/actu.fr\/normandie\/rouen_76540\/a-rouen-ce-nouveau-restaurant-veut-retrouver-l-adn-de-la-viande-au-feu-de-bois-sans-chichi_63417944.html\" target=\"_blank\" rel=\"noopener\">le nouveau restaurant ADN<\/a> met \u00e0 profit son four pour vous faire (re)d\u00e9couvrir <strong>les saveurs de la viande cuite au feu de bois<\/strong>. Le tout dans une ambiance chaleureuse aux accents normands et basques.<\/p>\n<p>Un papier sublim\u00e9<\/p>\n<p class=\" wall-content\">Direction <strong>la galerie Uchiwa, rue Saint-Romain, et la galerie Gawa Ceramic Design<\/strong> pour d\u00e9couvrir deux expos surprenantes. <a href=\"https:\/\/actu.fr\/normandie\/rouen_76540\/insolite-elle-realise-des-oeuvres-avec-le-papier-le-plus-fin-du-monde-et-les-expose-a-rouen_63380563.html\" target=\"_blank\" rel=\"noopener\">L\u2019artiste rouennaise Yolande Gueroult<\/a> y pr\u00e9sente le travail qu\u2019elle r\u00e9alise sur <strong>le papier le plus fin du monde<\/strong>. Le dessin vient presque \u00e0 cr\u00e9er une nouvelle mati\u00e8re sur ses feuilles semblables \u00e0 un fin voile. \u00c9tonnant !<\/p>\n<p>Un tour de fl\u00e9chettes ?<\/p>\n<p class=\" wall-content\">Amateur ou plus aiguis\u00e9, si vous aimez les fl\u00e9chettes, une seule adresse \u00e0 Rouen d\u00e9sormais : <a href=\"https:\/\/actu.fr\/normandie\/rouen_76540\/exclu-decouvrez-le-501-le-nouveau-bar-dedie-aux-flechettes-a-rouen-c-est-ouvert-a-tous_63399405.html\" target=\"_blank\" rel=\"noopener\">le 501<\/a>. Ce nouveau bar situ\u00e9 rue de Crosne vous donnera l\u2019occasion de montrer et d\u2019entra\u00eener vos talents <strong>sur l\u2019une de ses 14 cibles<\/strong>. Le tout en savourant un verre.\u00a0<\/p>\n<p>Vid\u00e9os : en ce moment sur ActuSuivez l\u2019actualit\u00e9 de Rouen <a href=\"https:\/\/www.whatsapp.com\/channel\/0029VaKfnf99hXF2ddApFB1D\" target=\"_blank\" rel=\"noopener\">sur notre cha\u00eene WhatsApp<\/a> et <a href=\"https:\/\/www.tiktok.com\/@76actu.fr?lang=fr\" target=\"_blank\" rel=\"noopener\">sur notre compte TikTok<\/a>Vous souhaitez annoncer un \u00e9v\u00e9nement festif ou associatif, une initiative locale ? Rendez-vous sur notre plateforme <a href=\"https:\/\/www.infolocale.fr\/decouvrir\/actu\/\" target=\"_blank\" rel=\"noopener\">Infolocale<\/a>.<\/p>\n<p class=\" wall-content\">Personnalisez votre actualit\u00e9 en ajoutant vos villes et m\u00e9dias en favori avec <a href=\"https:\/\/moncompte.actu.fr\" title=\"D\u00e9couvez Mon Actu\" rel=\"nofollow noopener\" data-trk=\"{&quot;cta&quot;:{&quot;action&quot;:&quot;https:\\\/\\\/moncompte.actu.fr&quot;,&quot;category&quot;:&quot;mon compte&quot;,&quot;from&quot;:&quot;article footer&quot;,&quot;name&quot;:&quot;Mon actu&quot;,&quot;type&quot;:&quot;cta&quot;}}\" target=\"_blank\">Mon Actu<\/a>.<\/p>\n<p>                    <script async src=\"\/\/www.tiktok.com\/embed.js\"><\/script><\/p>\n","protected":false},"excerpt":{"rendered":"Par Julien Bouteiller Publi\u00e9 le 14 nov. 2025 \u00e0 9h20 Enfin le weekend ! M\u00eame si la m\u00e9t\u00e9o&hellip;\n","protected":false},"author":2,"featured_media":533278,"comment_status":"","ping_status":"","sticky":false,"template":"","format":"standard","meta":{"footnotes":""},"categories":[9587],"tags":[1111,11,9086,1777,674,56523,1011,27,1652,12,5161,25,1340,9590],"class_list":{"0":"post-533277","1":"post","2":"type-post","3":"status-publish","4":"format-standard","5":"has-post-thumbnail","7":"category-rouen","8":"tag-actu","9":"tag-actualites","10":"tag-bon-plan-a-rouen","11":"tag-eu","12":"tag-europe","13":"tag-foire-saint-romain","14":"tag-fr","15":"tag-france","16":"tag-loisirs-culture","17":"tag-news","18":"tag-normandie","19":"tag-republique-francaise","20":"tag-restaurant","21":"tag-rouen"},"share_on_mastodon":{"url":"https:\/\/pubeurope.com\/@fr\/115547217942120338","error":""},"_links":{"self":[{"href":"https:\/\/www.europesays.com\/fr\/wp-json\/wp\/v2\/posts\/533277","targetHints":{"allow":["GET"]}}],"collection":[{"href":"https:\/\/www.europesays.com\/fr\/wp-json\/wp\/v2\/posts"}],"about":[{"href":"https:\/\/www.europesays.com\/fr\/wp-json\/wp\/v2\/types\/post"}],"author":[{"embeddable":true,"href":"https:\/\/www.europesays.com\/fr\/wp-json\/wp\/v2\/users\/2"}],"replies":[{"embeddable":true,"href":"https:\/\/www.europesays.com\/fr\/wp-json\/wp\/v2\/comments?post=533277"}],"version-history":[{"count":0,"href":"https:\/\/www.europesays.com\/fr\/wp-json\/wp\/v2\/posts\/533277\/revisions"}],"wp:featuredmedia":[{"embeddable":true,"href":"https:\/\/www.europesays.com\/fr\/wp-json\/wp\/v2\/media\/533278"}],"wp:attachment":[{"href":"https:\/\/www.europesays.com\/fr\/wp-json\/wp\/v2\/media?parent=533277"}],"wp:term":[{"taxonomy":"category","embeddable":true,"href":"https:\/\/www.europesays.com\/fr\/wp-json\/wp\/v2\/categories?post=533277"},{"taxonomy":"post_tag","embeddable":true,"href":"https:\/\/www.europesays.com\/fr\/wp-json\/wp\/v2\/tags?post=533277"}],"curies":[{"name":"wp","href":"https:\/\/api.w.org\/{rel}","templated":true}]}}