{"id":533313,"date":"2025-11-14T09:15:19","date_gmt":"2025-11-14T09:15:19","guid":{"rendered":"https:\/\/www.europesays.com\/fr\/533313\/"},"modified":"2025-11-14T09:15:19","modified_gmt":"2025-11-14T09:15:19","slug":"valerie-boyer-le-silence-de-benoit-payan-concernant-boualem-sansal-se-fait-toujours-assourdissant","status":"publish","type":"post","link":"https:\/\/www.europesays.com\/fr\/533313\/","title":{"rendered":"Val\u00e9rie Boyer : Le silence de Beno\u00eet Payan concernant Boualem Sansal se fait toujours assourdissant"},"content":{"rendered":"<p>                                            Politique\n                                                                            <\/p>\n<p>\n                                            <strong>TRIBUNE.\u00a0<\/strong>La s\u00e9natrice LR des Bouches-du-Rh\u00f4ne, Val\u00e9rie Boyer, regrette l&rsquo;absence d&rsquo;engagement de la part de la mairie de Marseille. Une \u00ab\u00a0faute\u00a0\u00bb, selon l&rsquo;\u00e9lue, soutien de Martine Vassal lors des prochaines municipales.                                        <\/p>\n<p>                                                Publi\u00e9 le 14 novembre 2025 \u00e0 10h00                                                                                            <\/p>\n<p>                                            <img loading=\"lazy\" width=\"1024\" height=\"683\" src=\"https:\/\/www.europesays.com\/fr\/wp-content\/uploads\/2025\/11\/SIPA_01160186_000070.jpg\" class=\"attachment-post-thumbnail size-post-thumbnail wp-post-image\" alt=\"L'\u00e9crivain franco-alg\u00e9rien, Boualem Sansal, a \u00e9t\u00e9 lib\u00e9r\u00e9, mercredi 12 novembre, apr\u00e8s un an de d\u00e9tention. Photo \u00a9 SYSPEO\/SIPA\" decoding=\"async\"  \/><\/p>\n<p>                                            L&rsquo;\u00e9crivain franco-alg\u00e9rien, Boualem Sansal, a \u00e9t\u00e9 lib\u00e9r\u00e9, mercredi 12 novembre, apr\u00e8s un an de d\u00e9tention. Photo \u00a9 SYSPEO\/SIPA<\/p>\n<p>Monsieur Boualem Sansal, vous \u00eates enfin libre !<\/p>\n<p><a href=\"https:\/\/www.valeursactuelles.com\/clubvaleurs\/politique\/marseille-des-elus-invites-a-une-soiree-du-consulat-dalgerie-la-droite-enrage\" class=\"h-flex h-align-items-center h-border-tb h-ptb-15\" target=\"_blank\" rel=\"noopener\">A\u00a0LIRE\u00a0Municipales \u00e0 Marseille : Des \u00e9lus en campagne aupr\u00e8s du consulat d\u2019Alg\u00e9rie, la droite enrage<\/a><\/p>\n<p>Apr\u00e8s pr\u00e8s d\u2019un an embastill\u00e9 par le r\u00e9gime alg\u00e9rien, <a href=\"https:\/\/www.valeursactuelles.com\/monde\/affaire-boualem-sansal-alger-accepte-de-gracier-lecrivain\" target=\"_blank\" rel=\"noopener\">vous avez \u00e9t\u00e9 \u00ab graci\u00e9 \u00bb, mercredi 12 novembre 2025<\/a>, par le pr\u00e9sident alg\u00e9rien Abdelmadjid Tebboune. Cette gr\u00e2ce, pr\u00e9sent\u00e9e comme \u00ab humanitaire \u00bb, met fin \u00e0 une ann\u00e9e d\u2019injustice, de souffrance et de silence impos\u00e9 \u00e0 votre plume libre, \u00e0 votre pens\u00e9e courageuse, \u00e0 votre voix qui reliait depuis toujours les deux rives de la M\u00e9diterran\u00e9e.<\/p>\n<p>En r\u00e9alit\u00e9, vous n\u2019avez pas \u00e9t\u00e9 graci\u00e9, vous avez \u00e9t\u00e9 rendu \u00e0 la libert\u00e9 qu\u2019on vous avait vol\u00e9e. Car on ne \u00ab gracie \u00bb pas la v\u00e9rit\u00e9, on la lib\u00e8re. Aujourd\u2019hui, nous sommes nombreux, notamment \u00e0 Marseille, \u00e0 nous r\u00e9jouir de votre lib\u00e9ration. Mais Marseille ne peut pas se r\u00e9jouir sans se souvenir. Avec nos \u00e9lus de la droite et du centre, avec notre candidate <a href=\"https:\/\/www.valeursactuelles.com\/clubvaleurs\/politique\/marseille-martine-vassal-nous-mettrons-en-place-une-brigade-anticriminalite-municipale\" target=\"_blank\" rel=\"noopener\">Martine Vassal<\/a>, nous n\u2019avons eu de cesse de d\u00e9noncer votre incarc\u00e9ration.<\/p>\n<p>Non, Marseille ne vous a jamais oubli\u00e9. Car les Marseillais n\u2019oublient jamais ceux qui portent haut la libert\u00e9 et la v\u00e9rit\u00e9.<\/p>\n<p>Marseille, porte de l\u2019Orient, aurait d\u00fb, par la voix de son maire, \u00eatre une force, une voix qui p\u00e8se<a href=\"https:\/\/www.valeursactuelles.com\/clubvaleurs\/politique\/marseille-nora-preziosi-la-reine-dechue-des-quartiers-nord\" class=\"h-flex h-align-items-center h-border-tb h-ptb-15\" target=\"_blank\" rel=\"noopener\">A\u00a0LIRE\u00a0Marseille : Nora Preziosi, la reine d\u00e9chue des quartiers nord<\/a><\/p>\n<p>C\u2019est pourquoi Marseille aurait d\u00fb faire plus et j\u2019esp\u00e8re qu\u2019elle le fera pour faire lib\u00e9rer notre compatriote Christophe Gleizes. Marseille aurait pu \u00eatre \u00e0 l\u2019avant-garde de la lutte pour votre lib\u00e9ration. Marseille, porte de l\u2019Orient, ville qui ne cesse de vanter son caract\u00e8re cosmopolite o\u00f9 la libert\u00e9 d\u2019expression est un art de vivre, aurait d\u00fb, par la voix de son maire, \u00eatre une force, une voix qui p\u00e8se. Pourtant, le silence de Beno\u00eet Payan vous concernant se fait toujours assourdissant. Il y a des silences qui condamnent plus s\u00fbrement que les mots. Euripide l\u2019avait dit : \u00ab Le silence est un aveu. \u00bb<\/p>\n<p><a href=\"https:\/\/www.valeursactuelles.com\/societe\/marseille-est-la-plus-grande-ville-algerienne-en-france-assure-benoit-payan-maire-de-la-ville\" class=\"h-flex h-align-items-center h-border-tb h-ptb-15\" target=\"_blank\" rel=\"noopener\">A\u00a0LIRE\u00a0\u00ab\u00a0Marseille est la plus grande ville alg\u00e9rienne en France\u00a0\u00bb, se r\u00e9jouit le maire Beno\u00eet Payan<\/a><\/p>\n<p>L\u00e0 o\u00f9 la libert\u00e9 est menac\u00e9e, le silence devient une faute. Lui qui parle souvent d\u2019humanisme pour justifier son engagement, n\u2019a eu ni geste, ni affiche, ni m\u00eame un mot pour vous. A ce jour, pas un seul message, pas une seule joie exprim\u00e9e \u00e0 l\u2019annonce de votre lib\u00e9ration. Encha\u00een\u00e9, par complaisance ou par calcul, au r\u00e9gime du Pr\u00e9sident Tebboune, <a href=\"https:\/\/www.laprovence.com\/article\/region\/2127318898660\/a-alger-le-maire-de-marseille-benoit-payan-deroule-la-diplomatie-des-villes\" target=\"_blank\" rel=\"nofollow noopener\">qu\u2019il consid\u00e8re comme \u00ab son ami \u00bb,<\/a> il aurait pu invoquer cette amiti\u00e9 pour d\u00e9fendre la libert\u00e9. Il aurait pu choisir la lumi\u00e8re, celle de la culture et du courage, plut\u00f4t que l\u2019ombre du silence. Il aurait pu, comme je l\u2019avais demand\u00e9, donner votre nom \u00e0 une structure municipale, pour inscrire votre combat dans la m\u00e9moire de la ville.<\/p>\n<p>Il y a une semaine, le consulat d\u2019Alg\u00e9rie, avec le soutien de la municipalit\u00e9, organisait en plein centre-ville une manifestation de propagande<\/p>\n<p>Pourtant, plus que de se taire, il a choisi le camp de ceux qui ont voulu \u00e9touffer votre soif de libert\u00e9. Plus grave encore, il y a une semaine, le consulat d\u2019Alg\u00e9rie, avec le soutien de la municipalit\u00e9, organisait en plein centre-ville <a href=\"https:\/\/www.valeursactuelles.com\/clubvaleurs\/politique\/marseille-des-elus-invites-a-une-soiree-du-consulat-dalgerie-la-droite-enrage\" target=\"_blank\" rel=\"noopener\">une manifestation de propagande<\/a> o\u00f9, entre deux ateliers culinaires, se tenait un stand \u00e0 la gloire du FLN, et o\u00f9 de tr\u00e8s jeunes enfants chantaient l\u2019hymne alg\u00e9rien, au garde-\u00e0-vous, avec salut militaire.<\/p>\n<p>Une manifestation aux relents anti-France, cautionn\u00e9e par plusieurs \u00e9lus pr\u00e9sents, sourires aux l\u00e8vres. Des \u00e9lus qui n\u2019ont que faire de votre sort, M. Sansal. Pendant que d\u2019autres se muraient dans le silence, vous, M. Sansal, \u00e9criviez encore. Vous avez affront\u00e9 l\u2019enfermement avec les seules armes qui valent : les mots, la v\u00e9rit\u00e9, la libert\u00e9. Votre lib\u00e9ration est une le\u00e7on.<\/p>\n<p>Elle rappelle que la plume d\u2019un homme libre p\u00e8se plus lourd que le silence de mille l\u00e2chet\u00e9s. Honte \u00e0 ceux qui se sont tus. Et fiert\u00e9 pour vous, Boualem Sansal, qui avez montr\u00e9 que m\u00eame derri\u00e8re les barreaux, un esprit libre ne s\u2019\u00e9teint jamais.<\/p>\n<p><strong>Val\u00e9rie Boyer est s\u00e9natrice LR des Bouches-du-Rh\u00f4ne.<\/strong><\/p>\n","protected":false},"excerpt":{"rendered":"Politique TRIBUNE.\u00a0La s\u00e9natrice LR des Bouches-du-Rh\u00f4ne, Val\u00e9rie Boyer, regrette l&rsquo;absence d&rsquo;engagement de la part de la mairie de&hellip;\n","protected":false},"author":2,"featured_media":533314,"comment_status":"","ping_status":"","sticky":false,"template":"","format":"standard","meta":{"footnotes":""},"categories":[2814],"tags":[3185,1111,11,6469,4142,1777,674,1011,27,884,12,806,882,25,65291],"class_list":{"0":"post-533313","1":"post","2":"type-post","3":"status-publish","4":"format-standard","5":"has-post-thumbnail","7":"category-marseille","8":"tag-abdelmadjid-tebboune","9":"tag-actu","10":"tag-actualites","11":"tag-benoit-payan","12":"tag-boualem-sansal","13":"tag-eu","14":"tag-europe","15":"tag-fr","16":"tag-france","17":"tag-marseille","18":"tag-news","19":"tag-prison","20":"tag-provence-alpes-cote-dazur","21":"tag-republique-francaise","22":"tag-valerie-boyer"},"share_on_mastodon":{"url":"https:\/\/pubeurope.com\/@fr\/115547297433915296","error":""},"_links":{"self":[{"href":"https:\/\/www.europesays.com\/fr\/wp-json\/wp\/v2\/posts\/533313","targetHints":{"allow":["GET"]}}],"collection":[{"href":"https:\/\/www.europesays.com\/fr\/wp-json\/wp\/v2\/posts"}],"about":[{"href":"https:\/\/www.europesays.com\/fr\/wp-json\/wp\/v2\/types\/post"}],"author":[{"embeddable":true,"href":"https:\/\/www.europesays.com\/fr\/wp-json\/wp\/v2\/users\/2"}],"replies":[{"embeddable":true,"href":"https:\/\/www.europesays.com\/fr\/wp-json\/wp\/v2\/comments?post=533313"}],"version-history":[{"count":0,"href":"https:\/\/www.europesays.com\/fr\/wp-json\/wp\/v2\/posts\/533313\/revisions"}],"wp:featuredmedia":[{"embeddable":true,"href":"https:\/\/www.europesays.com\/fr\/wp-json\/wp\/v2\/media\/533314"}],"wp:attachment":[{"href":"https:\/\/www.europesays.com\/fr\/wp-json\/wp\/v2\/media?parent=533313"}],"wp:term":[{"taxonomy":"category","embeddable":true,"href":"https:\/\/www.europesays.com\/fr\/wp-json\/wp\/v2\/categories?post=533313"},{"taxonomy":"post_tag","embeddable":true,"href":"https:\/\/www.europesays.com\/fr\/wp-json\/wp\/v2\/tags?post=533313"}],"curies":[{"name":"wp","href":"https:\/\/api.w.org\/{rel}","templated":true}]}}