{"id":533317,"date":"2025-11-14T09:17:13","date_gmt":"2025-11-14T09:17:13","guid":{"rendered":"https:\/\/www.europesays.com\/fr\/533317\/"},"modified":"2025-11-14T09:17:13","modified_gmt":"2025-11-14T09:17:13","slug":"qui-en-voulait-a-cette-femme-pres-de-lyon","status":"publish","type":"post","link":"https:\/\/www.europesays.com\/fr\/533317\/","title":{"rendered":"qui en voulait \u00e0 cette femme pr\u00e8s de Lyon ?"},"content":{"rendered":"<p itemprop=\"description\"><strong>Dans la nuit de mercredi \u00e0 jeudi, la tranquillit\u00e9 relative du quartier des Razes \u00e0 Feyzin a \u00e9t\u00e9 perturb\u00e9e vers 3h30 du matin.<\/strong><\/p>\n<p>Et pour cause, une maison de la rue du 8-Mai-1945 a \u00e9t\u00e9 prise pour cible par plusieurs individus. Ces derniers ont d&rsquo;abord ouvert le feu sur le pavillon, tirant plusieurs balles dont une a p\u00e9n\u00e9tr\u00e9 \u00e0 l&rsquo;int\u00e9rieur \u00e0 travers une fen\u00eatre. Puis ils ont lanc\u00e9 un cocktail Molotov pour tenter d&rsquo;incendier le b\u00e2timent.<\/p>\n<p>La femme qui vit l\u00e0 a \u00e9t\u00e9 r\u00e9veill\u00e9e en sursaut. Elle est sortie et a r\u00e9ussi \u00e0 \u00e9teindre le d\u00e9but d&rsquo;incendie.<\/p>\n<p>Selon le Progr\u00e8s, l&rsquo;enqu\u00eate se dirige vers une tentative d&rsquo;intimidation. L&rsquo;habitante des lieux serait li\u00e9e \u00e0 un individu peu recommandable, que le commando aurait cherch\u00e9 \u00e0 atteindre \u00e0 travers elle.<\/p>\n","protected":false},"excerpt":{"rendered":"Dans la nuit de mercredi \u00e0 jeudi, la tranquillit\u00e9 relative du quartier des Razes \u00e0 Feyzin a \u00e9t\u00e9&hellip;\n","protected":false},"author":2,"featured_media":533318,"comment_status":"","ping_status":"","sticky":false,"template":"","format":"standard","meta":{"footnotes":""},"categories":[1889],"tags":[1111,11,2813,2190,2430,1109,251,1112,2811,1777,674,118,1011,27,1922,1110,1114,2428,2810,12,241,316,25,2812,517,800],"class_list":{"0":"post-533317","1":"post","2":"type-post","3":"status-publish","4":"format-standard","5":"has-post-thumbnail","7":"category-lyon","8":"tag-actu","9":"tag-actualites","10":"tag-article","11":"tag-asvel","12":"tag-auvergne-rhone-alpes","13":"tag-breves","14":"tag-culture","15":"tag-depeches","16":"tag-economique","17":"tag-eu","18":"tag-europe","19":"tag-faits-divers","20":"tag-fr","21":"tag-france","22":"tag-info","23":"tag-informations","24":"tag-infos","25":"tag-lyon","26":"tag-lyonmag","27":"tag-news","28":"tag-ol","29":"tag-politique","30":"tag-republique-francaise","31":"tag-sociale","32":"tag-sport","33":"tag-transports"},"share_on_mastodon":{"url":"https:\/\/pubeurope.com\/@fr\/115547304516335453","error":""},"_links":{"self":[{"href":"https:\/\/www.europesays.com\/fr\/wp-json\/wp\/v2\/posts\/533317","targetHints":{"allow":["GET"]}}],"collection":[{"href":"https:\/\/www.europesays.com\/fr\/wp-json\/wp\/v2\/posts"}],"about":[{"href":"https:\/\/www.europesays.com\/fr\/wp-json\/wp\/v2\/types\/post"}],"author":[{"embeddable":true,"href":"https:\/\/www.europesays.com\/fr\/wp-json\/wp\/v2\/users\/2"}],"replies":[{"embeddable":true,"href":"https:\/\/www.europesays.com\/fr\/wp-json\/wp\/v2\/comments?post=533317"}],"version-history":[{"count":0,"href":"https:\/\/www.europesays.com\/fr\/wp-json\/wp\/v2\/posts\/533317\/revisions"}],"wp:featuredmedia":[{"embeddable":true,"href":"https:\/\/www.europesays.com\/fr\/wp-json\/wp\/v2\/media\/533318"}],"wp:attachment":[{"href":"https:\/\/www.europesays.com\/fr\/wp-json\/wp\/v2\/media?parent=533317"}],"wp:term":[{"taxonomy":"category","embeddable":true,"href":"https:\/\/www.europesays.com\/fr\/wp-json\/wp\/v2\/categories?post=533317"},{"taxonomy":"post_tag","embeddable":true,"href":"https:\/\/www.europesays.com\/fr\/wp-json\/wp\/v2\/tags?post=533317"}],"curies":[{"name":"wp","href":"https:\/\/api.w.org\/{rel}","templated":true}]}}