{"id":533319,"date":"2025-11-14T09:18:15","date_gmt":"2025-11-14T09:18:15","guid":{"rendered":"https:\/\/www.europesays.com\/fr\/533319\/"},"modified":"2025-11-14T09:18:15","modified_gmt":"2025-11-14T09:18:15","slug":"metropole-de-lyon-jean-louis-aubert-nen-a-pas-fini-avec-lyon-et-la-ldlc-arena","status":"publish","type":"post","link":"https:\/\/www.europesays.com\/fr\/533319\/","title":{"rendered":"M\u00e9tropole de Lyon. Jean-Louis Aubert n\u2019en a pas fini avec Lyon et la LDLC Arena"},"content":{"rendered":"<p>Son \u00ab\u00a0Pafini tour\u00a0\u00bb, \u00e0 la suite de l\u2019album \u00e9ponyme, porte bien son nom. Jean-Louis Aubert avait enflamm\u00e9 <a href=\"https:\/\/www.leprogres.fr\/culture-loisirs\/2024\/12\/11\/j-aime-lyon-depuis-mes-debuts-jean-louis-aubert-va-decouvrir-la-scene-de-la-ldlc-arena\" target=\"_blank\" rel=\"noopener\">la LDLC Arena en f\u00e9vrie<\/a>r, avant de faire de m\u00eame aux Nuits de <a href=\"https:\/\/www.leprogres.fr\/culture-loisirs\/2025\/06\/12\/nuits-de-fourviere-ca-c-est-vraiment-jean-louis-aubert-wxgs\" target=\"_blank\" rel=\"noopener\">Fourvi\u00e8re en juin<\/a>. Et il revient jouer dans l\u2019enceinte de D\u00e9cines ce dimanche 16\u00a0novembre. Avec au programme un savant dosage de chansons nouvelles et de ses classiques, qui ont abreuv\u00e9 les oreilles de plusieurs g\u00e9n\u00e9rations, des immortels tubes de T\u00e9l\u00e9phone \u00e0 Temps \u00e0 nouveau , Voil\u00e0, c\u2019est fini , ou encore Toutes les plages \u2026 Et la premi\u00e8re partie sera assur\u00e9e par le trio parisien de rock alternatif Kriill qui se fait une solide r\u00e9putation.<\/p>\n<p class=\"note\">Dimanche 16\u00a0novembre \u00e0 19\u00a0h \u00e0 la LDLC Arena. Tarifs\u00a0: de 39\u00a0\u20ac \u00e0 74\u00a0\u20ac. Infos et r\u00e9servations\u00a0: <a href=\"https:\/\/www.olvallee.fr\/accueil-ldlc-arena\/\" target=\"_blank\" rel=\"noopener\">https:\/\/www.olvallee.fr\/accueil-ldlc-arena\/<\/a><\/p>\n","protected":false},"excerpt":{"rendered":"Son \u00ab\u00a0Pafini tour\u00a0\u00bb, \u00e0 la suite de l\u2019album \u00e9ponyme, porte bien son nom. Jean-Louis Aubert avait enflamm\u00e9 la&hellip;\n","protected":false},"author":2,"featured_media":533320,"comment_status":"","ping_status":"","sticky":false,"template":"","format":"standard","meta":{"footnotes":""},"categories":[1889],"tags":[1111,11,2430,1687,4624,3152,1777,674,1011,27,2428,873,12,18283,25],"class_list":{"0":"post-533319","1":"post","2":"type-post","3":"status-publish","4":"format-standard","5":"has-post-thumbnail","7":"category-lyon","8":"tag-actu","9":"tag-actualites","10":"tag-auvergne-rhone-alpes","11":"tag-culture-loisirs","12":"tag-decines-charpieu","13":"tag-edition-est-lyonnais","14":"tag-eu","15":"tag-europe","16":"tag-fr","17":"tag-france","18":"tag-lyon","19":"tag-musique","20":"tag-news","21":"tag-plaine-de-lest","22":"tag-republique-francaise"},"share_on_mastodon":{"url":"https:\/\/pubeurope.com\/@fr\/115547308246464234","error":""},"_links":{"self":[{"href":"https:\/\/www.europesays.com\/fr\/wp-json\/wp\/v2\/posts\/533319","targetHints":{"allow":["GET"]}}],"collection":[{"href":"https:\/\/www.europesays.com\/fr\/wp-json\/wp\/v2\/posts"}],"about":[{"href":"https:\/\/www.europesays.com\/fr\/wp-json\/wp\/v2\/types\/post"}],"author":[{"embeddable":true,"href":"https:\/\/www.europesays.com\/fr\/wp-json\/wp\/v2\/users\/2"}],"replies":[{"embeddable":true,"href":"https:\/\/www.europesays.com\/fr\/wp-json\/wp\/v2\/comments?post=533319"}],"version-history":[{"count":0,"href":"https:\/\/www.europesays.com\/fr\/wp-json\/wp\/v2\/posts\/533319\/revisions"}],"wp:featuredmedia":[{"embeddable":true,"href":"https:\/\/www.europesays.com\/fr\/wp-json\/wp\/v2\/media\/533320"}],"wp:attachment":[{"href":"https:\/\/www.europesays.com\/fr\/wp-json\/wp\/v2\/media?parent=533319"}],"wp:term":[{"taxonomy":"category","embeddable":true,"href":"https:\/\/www.europesays.com\/fr\/wp-json\/wp\/v2\/categories?post=533319"},{"taxonomy":"post_tag","embeddable":true,"href":"https:\/\/www.europesays.com\/fr\/wp-json\/wp\/v2\/tags?post=533319"}],"curies":[{"name":"wp","href":"https:\/\/api.w.org\/{rel}","templated":true}]}}