{"id":533321,"date":"2025-11-14T09:20:21","date_gmt":"2025-11-14T09:20:21","guid":{"rendered":"https:\/\/www.europesays.com\/fr\/533321\/"},"modified":"2025-11-14T09:20:21","modified_gmt":"2025-11-14T09:20:21","slug":"yvelines-deux-projets-valorises-pour-leur-engagement-en-sport-et-handicap","status":"publish","type":"post","link":"https:\/\/www.europesays.com\/fr\/533321\/","title":{"rendered":"Yvelines : deux projets valoris\u00e9s pour leur engagement en sport et handicap"},"content":{"rendered":"<p><img loading=\"lazy\" decoding=\"async\" alt=\"\u00a9 Ludovic Letot - Tout sourire, Sabine Olivier, Vice-pr\u00e9sidente GPS&amp;O d\u00e9l\u00e9gu\u00e9e au sport (\u00e0 gauche), re\u00e7oit le prix de la Fondation d\u2019entreprise Banque Populaire Val de France pour le projet &quot;Savoir Nager sport adapt\u00e9&quot;.\" data-zoom-src=\"https:\/\/www.europesays.com\/fr\/wp-content\/uploads\/2025\/11\/initial-remise-de-prixx.jpg\" data-zoomable=\"\" height=\"702\" src=\"https:\/\/www.europesays.com\/fr\/wp-content\/uploads\/2025\/11\/initial-remise-de-prixx.jpg\" width=\"1248\"\/>  <\/p>\n<p class=\"article-desc\">\u00a9 Ludovic Letot &#8211; Tout sourire, Sabine Olivier, Vice-pr\u00e9sidente GPS&amp;O d\u00e9l\u00e9gu\u00e9e au sport (\u00e0 gauche), re\u00e7oit le prix de la Fondation d\u2019entreprise Banque Populaire Val de France pour le projet \u00ab\u00a0Savoir Nager sport adapt\u00e9\u00a0\u00bb. <\/p>\n<p>Ce mercredi 5 novembre, \u00e0 Orl\u00e9ans (Loiret), la Fondation d\u2019entreprise <strong>Banque Populaire Val de France<\/strong> (<a href=\"https:\/\/mesinfos.fr\/78180-montigny-le-bretonneux\/fondation-bpvf-soutient-des-projets-sociaux-et-solidaires-du-territoire-213959.html\" rel=\"noopener nofollow\" target=\"_blank\">BPVF<\/a>) a mis en lumi\u00e8re <strong>dix initiatives<\/strong> locales et r\u00e9gionales s\u00e9lectionn\u00e9es dans le cadre de son premier appel \u00e0 projets <strong>\u201cSport &amp; Handicap\u201c<\/strong>. Cette d\u00e9marche vise \u00e0 faciliter l\u2019acc\u00e8s \u00e0 la pratique sportive pour les personnes en situation de <a href=\"https:\/\/mesinfos.fr\/94410-saint-maurice\/handicap-une-journee-multisports-aux-hopitaux-paris-est-val-de-marne-223621.html\" rel=\"noopener nofollow\" target=\"_blank\">handicap<\/a>, en r\u00e9compensant les id\u00e9es les plus innovantes et inclusives. L\u2019appel \u00e0 projets, lanc\u00e9 en mars dernier par la <a href=\"https:\/\/mesinfos.fr\/78180-montigny-le-bretonneux\/plan-d-epargne-climat-pour-jeunes-banque-populaire-val-de-france-innove-220938.html\" rel=\"noopener nofollow\" target=\"_blank\">BPVF<\/a>, a suscit\u00e9 un fort engouement, avec 84 dossiers d\u00e9pos\u00e9s, dont 64 pr\u00e9s\u00e9lectionn\u00e9s et 10 finalement retenus parmi des actions diverses et engag\u00e9es. <\/p>\n<p> Des aides financi\u00e8res pour d\u00e9velopper le sport pour tous <\/p>\n<p>Pour soutenir ces initiatives, la Fondation a allou\u00e9 une enveloppe globale de 50 000 euros, destin\u00e9e \u00e0 encourager le d\u00e9veloppement du sport inclusif dans les territoires. Parmi les laur\u00e9ats, <strong>deux projets yvelinois<\/strong> ont particuli\u00e8rement retenu l\u2019attention.<\/p>\n<p>Celui de <strong>Mobil\u2019Sport78<\/strong>, port\u00e9 par le <strong>Comit\u00e9 d\u00e9partemental du sport en milieu rural des Yvelines<\/strong>, b\u00e9n\u00e9ficiera d\u2019un financement pour l\u2019acquisition de deux fauteuils roulants sportifs \u201cWallaby\u201c. Ces \u00e9quipements permettront d\u2019organiser des s\u00e9ances de <a href=\"https:\/\/mesinfos.fr\/ile-de-france\/para-natation-ou-en-sont-les-freres-portal-plus-d-un-an-apres-les-jop-231312.html\" rel=\"nofollow noopener\" target=\"_blank\">para-sport<\/a> en zones rurales, favorisant ainsi l\u2019acc\u00e8s au sport pour des publics \u00e9loign\u00e9s des infrastructures existantes.<\/p>\n<p>La seconde initiative distingu\u00e9e dans les Yvelines, intitul\u00e9e <strong>\u201cSavoir Nager sport adapt\u00e9\u201c<\/strong> et initi\u00e9e par la <strong>Communaut\u00e9 Urbaine Grand Paris Seine &amp; Oise<\/strong>, a re\u00e7u une dotation de <strong>7 500 \u20ac<\/strong>. Ce projet a pour ambition de former les ma\u00eetres-nageurs sauveteurs \u00e0 l\u2019accueil de personnes en situation de handicap, avec d\u00e9j\u00e0 douze professionnels form\u00e9s et douze autres pr\u00e9vus cette ann\u00e9e. <\/p>\n<p>De plus, il permettra \u00e0 des jeunes, \u00e2g\u00e9s de 8 \u00e0 20 ans et issus d\u2019instituts m\u00e9dico-\u00e9ducatifs, de b\u00e9n\u00e9ficier de dix s\u00e9ances gratuites de natation par an, encadr\u00e9es par des ma\u00eetres-nageurs sp\u00e9cifiquement form\u00e9s \u00e0 l\u2019accompagnement du handicap mental.<\/p>\n","protected":false},"excerpt":{"rendered":"\u00a9 Ludovic Letot &#8211; Tout sourire, Sabine Olivier, Vice-pr\u00e9sidente GPS&amp;O d\u00e9l\u00e9gu\u00e9e au sport (\u00e0 gauche), re\u00e7oit le prix&hellip;\n","protected":false},"author":2,"featured_media":533322,"comment_status":"","ping_status":"","sticky":false,"template":"","format":"standard","meta":{"footnotes":""},"categories":[1592],"tags":[1111,11,1777,674,1011,27,1943,662,12,626,25],"class_list":{"0":"post-533321","1":"post","2":"type-post","3":"status-publish","4":"format-standard","5":"has-post-thumbnail","7":"category-ile-de-france","8":"tag-actu","9":"tag-actualites","10":"tag-eu","11":"tag-europe","12":"tag-fr","13":"tag-france","14":"tag-handicap","15":"tag-ile-de-france","16":"tag-news","17":"tag-paris","18":"tag-republique-francaise"},"share_on_mastodon":{"url":"https:\/\/pubeurope.com\/@fr\/115547316881897635","error":""},"_links":{"self":[{"href":"https:\/\/www.europesays.com\/fr\/wp-json\/wp\/v2\/posts\/533321","targetHints":{"allow":["GET"]}}],"collection":[{"href":"https:\/\/www.europesays.com\/fr\/wp-json\/wp\/v2\/posts"}],"about":[{"href":"https:\/\/www.europesays.com\/fr\/wp-json\/wp\/v2\/types\/post"}],"author":[{"embeddable":true,"href":"https:\/\/www.europesays.com\/fr\/wp-json\/wp\/v2\/users\/2"}],"replies":[{"embeddable":true,"href":"https:\/\/www.europesays.com\/fr\/wp-json\/wp\/v2\/comments?post=533321"}],"version-history":[{"count":0,"href":"https:\/\/www.europesays.com\/fr\/wp-json\/wp\/v2\/posts\/533321\/revisions"}],"wp:featuredmedia":[{"embeddable":true,"href":"https:\/\/www.europesays.com\/fr\/wp-json\/wp\/v2\/media\/533322"}],"wp:attachment":[{"href":"https:\/\/www.europesays.com\/fr\/wp-json\/wp\/v2\/media?parent=533321"}],"wp:term":[{"taxonomy":"category","embeddable":true,"href":"https:\/\/www.europesays.com\/fr\/wp-json\/wp\/v2\/categories?post=533321"},{"taxonomy":"post_tag","embeddable":true,"href":"https:\/\/www.europesays.com\/fr\/wp-json\/wp\/v2\/tags?post=533321"}],"curies":[{"name":"wp","href":"https:\/\/api.w.org\/{rel}","templated":true}]}}