{"id":533339,"date":"2025-11-14T09:29:16","date_gmt":"2025-11-14T09:29:16","guid":{"rendered":"https:\/\/www.europesays.com\/fr\/533339\/"},"modified":"2025-11-14T09:29:16","modified_gmt":"2025-11-14T09:29:16","slug":"lallemagne-doit-elle-rappeler-manuel-neuer-pour-la-coupe-du-monde-international-allemagne","status":"publish","type":"post","link":"https:\/\/www.europesays.com\/fr\/533339\/","title":{"rendered":"L\u2019Allemagne doit-elle rappeler Manuel Neuer pour la Coupe du monde ? &#8211; International &#8211; Allemagne"},"content":{"rendered":"<p>Entre ses deux derniers matchs de qualification \u2013 ce vendredi face au Luxembourg, puis lundi contre la Slovaquie \u2013, la s\u00e9lection allemande a surtout une certitude : rien n\u2019est encore certain. <a target=\"_blank\" href=\"https:\/\/www.sofoot.com\/articles\/allemagne-julian-nagelsmann-peut-il-creer-une-cohesion-dequipe\" rel=\"noopener\">L\u2019\u00e9quipe de Julian Nagelsmann cherche son \u00e9quilibre<\/a>, et surtout son dernier rempart. Depuis que <a target=\"_blank\" href=\"https:\/\/www.sofoot.com\/breves\/un-nouveau-coup-dur-pour-marc-andre-ter-stegen-sur-le-depart-du-barca\" rel=\"noopener\">Marc-Andr\u00e9 ter Stegen soigne son dos \u00e0 Barcelone<\/a>, le poste de gardien est devenu une patate chaude. Oliver Baumann, d\u2019ordinaire tranquille \u00e0 Hoffenheim, se retrouve propuls\u00e9 titulaire (8 s\u00e9lections) sans vraiment l\u2019avoir demand\u00e9. Quant \u00e0 Noah Atubolu et Jonas Urbig, les deux jeunes de service, ils sont \u00e0 l\u2019\u00e2ge o\u00f9 on d\u00e9couvre la pression des matchs \u00e0 \u00e9limination directe \u00e0 la t\u00e9l\u00e9vision, pas sur le terrain.<\/p>\n<p>Le fant\u00f4me de Neuer plane encore<\/p>\n<p>Manuel Neuer, lui, <a target=\"_blank\" href=\"https:\/\/www.sofoot.com\/articles\/la-retraite-internationale-de-manuel-neuer-sonne-la-fin-dune-generation-doree-en-allemagne\" rel=\"noopener\">a tir\u00e9 sa r\u00e9v\u00e9rence internationale apr\u00e8s l\u2019Euro 2024<\/a>. Une sortie discr\u00e8te, \u00e0 l\u2019image d\u2019un joueur qui pensait avoir tout donn\u00e9 au pays. Sauf que la retraite du capitaine a laiss\u00e9 un vide immense, presque irr\u00e9parable. \u00ab\u00a0Manuel Neuer est un gardien d\u2019une extra-classe, qu\u2019on ne trouve pas partout\u00a0\u00bb, rappelle Bodo Menze, fondateur du centre de formation de Schalke en 1991, o\u00f9 le portier a grandi pendant 20 ans avant d\u2019encha\u00eener les saisons au Bayern. Jens Lehmann et Oliver Kahn \u00e9taient des gardiens tr\u00e8s forts sur leur ligne, mais Neuer a interpr\u00e9t\u00e9 le r\u00f4le diff\u00e9remment : tu peux presque lui donner un poste de joueur de champ dans un club de troisi\u00e8me division.\u00a0\u00bb<\/p>\n<p>Autrement dit, on n\u2019a pas perdu qu\u2019un gardien : on a perdu une fa\u00e7on de jouer. Et c\u2019est bien l\u00e0 tout le probl\u00e8me. Pour Thierry Barnerat, sp\u00e9cialiste des gardiens aupr\u00e8s de la FIFA et analyste vid\u00e9o de Thibaut Courtois, la diff\u00e9rence est abyssale : \u00ab\u00a0M\u00eame sur le d\u00e9clin, Neuer d\u00e9gage quelque chose de tr\u00e8s fort. Quand on voit ce qu\u2019il est encore capable de produire, Baumann est tr\u00e8s tr\u00e8s loin de ce niveau-l\u00e0.\u00a0\u00bb R\u00e9sultat : \u00e0 chaque fois qu\u2019un gardien allemand se plante, c\u2019est encore le nom de Neuer qui revient sur toutes les l\u00e8vres. Comme un fant\u00f4me qu\u2019on n\u2019arrive pas \u00e0 chasser.<\/p>\n<p>Un come-back pas si improbable<\/p>\n<p>En Allemagne, le d\u00e9bat n\u2019est plus seulement nostalgique. Bodo Menze l\u2019assure : \u00ab\u00a0Le retour de Neuer en s\u00e9lection est une possibilit\u00e9. Rudi V\u00f6ller a \u00e9chang\u00e9 avec lui \u00e0 ce sujet. Je connais Manuel, et je sais qu\u2019il est ambitieux comme tr\u00e8s peu de footballeurs. Je peux imaginer qu\u2019il vienne \u00e0 la Coupe du monde : il a une forme extraordinaire.\u00a0\u00bb Reste \u00e0 savoir si le corps suivra. <a target=\"_blank\" href=\"https:\/\/www.sofoot.com\/breves\/manuel-neuer-sest-casse-la-jambe-en-skiant-et-ne-jouera-pas-face-au-psg-allemagne-bayern-munich\" rel=\"noopener\">Le gardien du Bayern est revenu d\u2019une grave blessure<\/a>, et Thierry Barnerat rappelle que \u00ab\u00a0c\u2019est un miracle qu\u2019il soit revenu, mais il n\u2019a pas retrouv\u00e9 le niveau qu\u2019il avait avant\u00a0\u00bb.<\/p>\n<blockquote>\n<p>Le retour de Neuer en s\u00e9lection est une possibilit\u00e9. Rudi V\u00f6ller a \u00e9chang\u00e9 avec lui \u00e0 ce sujet.<\/p>\n<\/blockquote>\n<p>Bodo Menze, fondateur du centre de formation de Schalke 04<\/p>\n<p>Pourtant, m\u00eame diminu\u00e9, Neuer reste une r\u00e9f\u00e9rence : \u00ab\u00a0Quand le Bayern gagne le titre 2022-2023 avec Yann Sommer, c\u2019est quand m\u00eame lui qui vient soulever le troph\u00e9e \u00e0 la fin\u00a0\u00bb, glisse Barnerat, preuve que son aura d\u00e9passe de loin la ligne de but. \u00c0 39 ans, Neuer n\u2019a plus la m\u00eame explosivit\u00e9, mais son exp\u00e9rience et sa lecture du jeu pourraient bien peser dans la balance. Et puis, entre un gardien mythique un peu rouill\u00e9 et un titulaire de circonstance, le choix n\u2019est pas si absurde.<\/p>\n<p>Les jeunes, encore trop verts<\/p>\n<p>L\u2019alternative des jeunes talents ne convainc personne. Noah Atubolu et Jonas Urbig ont du potentiel, mais pas encore les \u00e9paules. \u00ab\u00a0Ce sont de tr\u00e8s bons talents, mais ils n\u2019ont pas encore une grande exp\u00e9rience\u00a0\u00bb, confirme Menze, prudent. Barnerat, lui, est plus cat\u00e9gorique : \u00ab\u00a0C\u2019est impossible de lancer des jeunes aujourd\u2019hui. Vous \u00eates l\u2019Allemagne, une des quatre meilleures nations du monde. Si vous alignez un jeune, c\u2019est qu\u2019il joue la Ligue des champions et qu\u2019il conna\u00eet la pression des grands matchs.\u00a0\u00bb En clair, on ne lance pas un gamin de 22 ans dans une Coupe du monde juste parce qu\u2019on a peur d\u2019appeler un v\u00e9t\u00e9ran. Pas en Allemagne, en tout cas.<\/p>\n<p>Tout d\u00e9pendra d\u00e9sormais du r\u00e9tablissement de Ter Stegen. <a target=\"_blank\" href=\"https:\/\/www.sofoot.com\/breves\/marc-andre-ter-stegen-enterre-la-hache-de-guerre-avec-le-barca\" rel=\"noopener\">S\u2019il revient \u00e0 temps, le d\u00e9bat s\u2019\u00e9teindra de lui-m\u00eame<\/a>. Sinon, le retour de Neuer pourrait passer du fantasme au plan B tr\u00e8s concret. \u00ab\u00a0Si Ter Stegen ne peut pas revenir, on est oblig\u00e9s de prendre Neuer, tranche Barnerat sans d\u00e9tour. Mais s\u2019il est \u00e0 100%, Neuer restera chez lui.\u00a0\u00bb Le paradoxe est cruel : l\u2019Allemagne, pays de Kahn, Lehmann et Sepp Maier, se retrouve \u00e0 court de gardiens capables d\u2019endosser le costume. Face \u00e0 ce vide g\u00e9n\u00e9rationnel, la tentation de rappeler le dernier grand nom devient presque rationnelle. Apr\u00e8s tout, comme le glisse Menze, \u00ab\u00a0Neuer est un talent tellement extraordinaire qu\u2019on ne trouve pas partout. Je ne peux le comparer qu\u2019avec Lev Yachine, et encore.\u00a0\u00bb Alors, tant qu\u2019il est encore l\u00e0, pourquoi ne pas lui offrir une derni\u00e8re danse sous le maillot blanc \u00e0 40 ans ?<\/p>\n<p>\t\t\t\t\t\t\t\t\t\t<a class=\"lien-connexe\" href=\"https:\/\/www.sofoot.com\/breves\/le-magnifique-hommage-du-chanteur-deagles-of-death-metal-aux-victimes-du-13-novembre\" target=\"_blank\" rel=\"noopener\">Le magnifique \u00ab\u202fYou&rsquo;ll Never Walk Alone\u202f\u00bb pour les comm\u00e9morations du 13 novembre<\/a>\t\t\t\t\t<\/p>\n","protected":false},"excerpt":{"rendered":"Entre ses deux derniers matchs de qualification \u2013 ce vendredi face au Luxembourg, puis lundi contre la Slovaquie&hellip;\n","protected":false},"author":2,"featured_media":533340,"comment_status":"","ping_status":"","sticky":false,"template":"","format":"standard","meta":{"footnotes":""},"categories":[1587],"tags":[47,11,61,672,69,1804,65,1805,1803,64,1777,674,63,1801,68,66,12,62,70,1802,67],"class_list":{"0":"post-533339","1":"post","2":"type-post","3":"status-publish","4":"format-standard","5":"has-post-thumbnail","7":"category-allemagne","8":"tag-actualite","9":"tag-actualites","10":"tag-actus-football","11":"tag-allemagne","12":"tag-bundesliga","13":"tag-bundesrepublik-deutschland","14":"tag-championnats-europeens","15":"tag-de","16":"tag-deutschland","17":"tag-equipe-de-france","18":"tag-eu","19":"tag-europe","20":"tag-football","21":"tag-germany","22":"tag-ligua","23":"tag-ligue-1","24":"tag-news","25":"tag-news-foot","26":"tag-premier-league","27":"tag-republique-federale-dallemagne","28":"tag-serie-a"},"share_on_mastodon":{"url":"https:\/\/pubeurope.com\/@fr\/115547351673548705","error":""},"_links":{"self":[{"href":"https:\/\/www.europesays.com\/fr\/wp-json\/wp\/v2\/posts\/533339","targetHints":{"allow":["GET"]}}],"collection":[{"href":"https:\/\/www.europesays.com\/fr\/wp-json\/wp\/v2\/posts"}],"about":[{"href":"https:\/\/www.europesays.com\/fr\/wp-json\/wp\/v2\/types\/post"}],"author":[{"embeddable":true,"href":"https:\/\/www.europesays.com\/fr\/wp-json\/wp\/v2\/users\/2"}],"replies":[{"embeddable":true,"href":"https:\/\/www.europesays.com\/fr\/wp-json\/wp\/v2\/comments?post=533339"}],"version-history":[{"count":0,"href":"https:\/\/www.europesays.com\/fr\/wp-json\/wp\/v2\/posts\/533339\/revisions"}],"wp:featuredmedia":[{"embeddable":true,"href":"https:\/\/www.europesays.com\/fr\/wp-json\/wp\/v2\/media\/533340"}],"wp:attachment":[{"href":"https:\/\/www.europesays.com\/fr\/wp-json\/wp\/v2\/media?parent=533339"}],"wp:term":[{"taxonomy":"category","embeddable":true,"href":"https:\/\/www.europesays.com\/fr\/wp-json\/wp\/v2\/categories?post=533339"},{"taxonomy":"post_tag","embeddable":true,"href":"https:\/\/www.europesays.com\/fr\/wp-json\/wp\/v2\/tags?post=533339"}],"curies":[{"name":"wp","href":"https:\/\/api.w.org\/{rel}","templated":true}]}}