{"id":533350,"date":"2025-11-14T09:38:16","date_gmt":"2025-11-14T09:38:16","guid":{"rendered":"https:\/\/www.europesays.com\/fr\/533350\/"},"modified":"2025-11-14T09:38:16","modified_gmt":"2025-11-14T09:38:16","slug":"novak-djokovic-lidole-du-peuple-serbe-devenue-la-cible-du-president-aleksandar-vucic","status":"publish","type":"post","link":"https:\/\/www.europesays.com\/fr\/533350\/","title":{"rendered":"Novak Djokovic, l\u2019idole du peuple serbe devenue la cible du pr\u00e9sident Aleksandar Vucic"},"content":{"rendered":"<p>                     <img loading=\"lazy\" decoding=\"async\" src=\"https:\/\/www.europesays.com\/fr\/wp-content\/uploads\/2025\/11\/80633bd_ftp-import-images-1-f0crvxzwtrzm-d85d1b1abb1042499c25d15b58c09e74-0-129bc53599fb4c74a4ac3059.jpeg\" alt=\"Novak Djokovic of Serbia reacts after winning the ATP 250 tennis tournament final match against Lorenzo Musetti of Italy, in Athens, Greece, Saturday, Nov. 8, 2025. (AP Photo\/Yorgos Karahalis)\"   width=\"664\" height=\"443\"\/>    Novak Djokovic of Serbia reacts after winning the ATP 250 tennis tournament final match against Lorenzo Musetti of Italy, in Athens, Greece, Saturday, Nov. 8, 2025. (AP Photo\/Yorgos Karahalis)  YORGOS KARAHALIS \/ AP                 <\/p>\n<p class=\"article__paragraph  \">La saison 2025 de Novak Djokovic s\u2019est conclue par un titre \u00e0 Ath\u00e8nes, samedi 8\u00a0novembre, <a href=\"https:\/\/www.lemonde.fr\/sport\/article\/2025\/11\/08\/tennis-vainqueur-a-athenes-novak-djokovic-gagne-un-101-titre-a-38-ans_6652753_3242.html\" rel=\"nofollow noopener\" target=\"_blank\">le 101e de son impressionnante carri\u00e8re<\/a> sur le circuit professionnel. Le tennisman serbe, num\u00e9ro\u00a04 mondial, a choisi de faire l\u2019impasse sur les ATP Finals, traditionnel rendez-vous de fin de saison qui r\u00e9unit, jusqu\u2019\u00e0 dimanche 16\u00a0novembre, \u00e0 Turin (Italie), les huit meilleurs joueurs de l\u2019ann\u00e9e. Cependant, il continue de faire parler de lui, en \u00e9tant devenu la cible de critiques virulentes de la part du pr\u00e9sident nationaliste Aleksandar Vucic, l\u2019homme qui dirige d\u2019une main de fer cet Etat des Balkans depuis 2014, et des m\u00e9dias qui lui sont favorables.<\/p>\n<p class=\"article__paragraph  \">V\u00e9ritable idole nationale, longtemps r\u00e9put\u00e9 proche de M.\u00a0Vucic, l\u2019athl\u00e8te avait d\u00e9j\u00e0 pris position contre le pouvoir en d\u00e9non\u00e7ant, en\u00a02021 et 2022, le tr\u00e8s contest\u00e9 projet de mine de lithium de Rio Tinto, dans l\u2019ouest du pays. Mais la rupture est totale depuis que Novak Djokovic a multipli\u00e9 les t\u00e9moignages de soutien aux manifestations estudiantines, d\u00e9clench\u00e9es par l\u2019effondrement de l\u2019auvent de la gare fra\u00eechement r\u00e9nov\u00e9e de Novi Sad (Nord), en novembre\u00a02024. Un drame largement attribu\u00e9 \u00e0 la corruption, qui avait caus\u00e9 la mort de 16\u00a0personnes, dont un enfant de 6\u00a0ans.<\/p>\n<p class=\"reading-mode-only \"><strong>Il vous reste 81.71% de cet article \u00e0 lire. La suite est r\u00e9serv\u00e9e aux abonn\u00e9s.<\/strong><\/p>\n","protected":false},"excerpt":{"rendered":"Novak Djokovic of Serbia reacts after winning the ATP 250 tennis tournament final match against Lorenzo Musetti of&hellip;\n","protected":false},"author":2,"featured_media":533351,"comment_status":"","ping_status":"","sticky":false,"template":"","format":"standard","meta":{"footnotes":""},"categories":[1415],"tags":[1011,27,60,1467],"class_list":{"0":"post-533350","1":"post","2":"type-post","3":"status-publish","4":"format-standard","5":"has-post-thumbnail","7":"category-tennis","8":"tag-fr","9":"tag-france","10":"tag-sports","11":"tag-tennis"},"share_on_mastodon":{"url":"https:\/\/pubeurope.com\/@fr\/115547387728900358","error":""},"_links":{"self":[{"href":"https:\/\/www.europesays.com\/fr\/wp-json\/wp\/v2\/posts\/533350","targetHints":{"allow":["GET"]}}],"collection":[{"href":"https:\/\/www.europesays.com\/fr\/wp-json\/wp\/v2\/posts"}],"about":[{"href":"https:\/\/www.europesays.com\/fr\/wp-json\/wp\/v2\/types\/post"}],"author":[{"embeddable":true,"href":"https:\/\/www.europesays.com\/fr\/wp-json\/wp\/v2\/users\/2"}],"replies":[{"embeddable":true,"href":"https:\/\/www.europesays.com\/fr\/wp-json\/wp\/v2\/comments?post=533350"}],"version-history":[{"count":0,"href":"https:\/\/www.europesays.com\/fr\/wp-json\/wp\/v2\/posts\/533350\/revisions"}],"wp:featuredmedia":[{"embeddable":true,"href":"https:\/\/www.europesays.com\/fr\/wp-json\/wp\/v2\/media\/533351"}],"wp:attachment":[{"href":"https:\/\/www.europesays.com\/fr\/wp-json\/wp\/v2\/media?parent=533350"}],"wp:term":[{"taxonomy":"category","embeddable":true,"href":"https:\/\/www.europesays.com\/fr\/wp-json\/wp\/v2\/categories?post=533350"},{"taxonomy":"post_tag","embeddable":true,"href":"https:\/\/www.europesays.com\/fr\/wp-json\/wp\/v2\/tags?post=533350"}],"curies":[{"name":"wp","href":"https:\/\/api.w.org\/{rel}","templated":true}]}}