{"id":533354,"date":"2025-11-14T09:43:17","date_gmt":"2025-11-14T09:43:17","guid":{"rendered":"https:\/\/www.europesays.com\/fr\/533354\/"},"modified":"2025-11-14T09:43:17","modified_gmt":"2025-11-14T09:43:17","slug":"apres-la-treve-lol-a-un-dernier-mois-a-bien-gerer","status":"publish","type":"post","link":"https:\/\/www.europesays.com\/fr\/533354\/","title":{"rendered":"Apr\u00e8s la tr\u00eave, l\u2019OL a un dernier mois \u00e0 bien g\u00e9rer"},"content":{"rendered":"<p>                            <img width=\"770\" height=\"433\" src=\"https:\/\/www.europesays.com\/fr\/wp-content\/uploads\/2025\/11\/AFP__20251109__83JR2DY__v1__HighRes__FblFraLigue1LyonPsg-770x433.jpg\" class=\"attachment-article size-article wp-post-image\" alt=\"Les joueurs de l'OL apr\u00e8s le but d'Ainsley Maitland-Niles contre le PSG\" decoding=\"async\" fetchpriority=\"high\"  \/><\/p>\n<p>Les joueurs de l\u2019OL apr\u00e8s le but d\u2019Ainsley Maitland-Niles contre le PSG (Photo by Jean-Philippe KSIAZEK \/ AFP)<\/p>\n<p>Dans le dur au niveau comptable, l\u2019OL a encore sept matchs \u00e0 disputer avant la tr\u00eave internationale. Autant de rendez-vous abordables sur le papier, mais qu\u2019il ne faudra pas prendre \u00e0 la l\u00e9g\u00e8re.<\/p>\n<p>Deux points sur neuf possibles. Le bilan des derni\u00e8res sorties en Ligue 1 est loin d\u2019\u00eatre emballant pour l\u2019<strong>OL<\/strong>. Pourtant avec le\u00a0<strong>Paris FC<\/strong>\u00a0et\u00a0<strong>Brest<\/strong>\u00a0au programme, il n\u2019aurait pas \u00e9t\u00e9 choquant d\u2019imaginer la formation lyonnaise avec quelques points suppl\u00e9mentaires. C\u2019est en substance ce qui aurait d\u00fb arriver. Il aurait fallu que les joueurs de Paulo\u00a0<strong>Fonseca<\/strong>\u00a0ne craquent dans la capitale apr\u00e8s avoir men\u00e9 3-0. Entre ce nul et la\u00a0<a href=\"https:\/\/www.olympique-et-lyonnais.com\/apres-avoir-tenu-lol-craque-dans-les-derniers-instants-contre-le-psg,384414.html\" rel=\"nofollow noopener\" target=\"_blank\">perte d\u2019un point<\/a>\u00a0contre le\u00a0<strong>PSG<\/strong>\u00a0dimanche soir, c\u2019est un peu le temps des regrets \u00e0 D\u00e9cines. Mais l\u2019heure n\u2019est plus \u00e0 se morfondre, et plut\u00f4t \u00e0 voir ce qui arrive. \u00ab\u00a0On est encore dans le bon wagon, souligne Nicolas Puydebois dans <a href=\"https:\/\/www.youtube.com\/watch?v=MAI9TyhYKK4\" rel=\"nofollow noopener\" target=\"_blank\">&lsquo;Tant qu&rsquo;il y aura des Gones&rsquo;<\/a>. Une victoire et tu te retrouves quatri\u00e8me \u00e0 port\u00e9e de fusil. Avec l&rsquo;effectif qu&rsquo;on a, les blessures et les expulsions du monde, Fonseca tire la quintessence de son groupe.\u00a0\u00bb Si la tr\u00eave internationale a dispatch\u00e9 le groupe lyonnais sur l\u2019ensemble du globe, le retour de la Ligue 1 est pr\u00e9vu pour le dimanche 23 novembre (15h) \u00e0\u00a0<strong>Auxerre<\/strong>.<\/p>\n<p>Un calendrier pour remonter au classement<\/p>\n<p>Un premier rendez-vous qui en appelle six autres d\u2019ici \u00e0 la tr\u00eave hivernale. Entre championnat, Ligue Europa et entr\u00e9e en lice en Coupe de France, le menu s\u2019annonce copieux. L\u2019<strong>OL<\/strong>\u00a0n\u2019a surtout plus le droit de laisser des points en route. \u00ab\u00a0On se doit de reprendre une dynamique positive apr\u00e8s la tr\u00eave\u00a0\u00bb, poursuit notre consultant. Solides contre les gros malgr\u00e9 la d\u00e9faite dimanche dernier, les co\u00e9quipiers de Corentin\u00a0<strong><a href=\"https:\/\/www.olympique-et-lyonnais.com\/encore-enerve-tolisso-ol-propose-une-rencontre-aux-arbitres,384487.html\" rel=\"nofollow noopener\" target=\"_blank\">Tolisso<\/a><\/strong>\u00a0doivent maintenir ce niveau d\u2019exigence m\u00eame face aux \u00ab\u00a0petits\u00a0\u00bb.<\/p>\n<p>Contre\u00a0<strong>Toulouse<\/strong>\u00a0ou encore le\u00a0<strong>Paris FC<\/strong>, l\u2019OL a perdu des points b\u00eates. Avec l\u2019AJA,\u00a0<strong>Nantes<\/strong>\u00a0(16e),\u00a0<strong>Lorient<\/strong>\u00a0(17e) et\u00a0<strong>Le Havre<\/strong>\u00a0(12e), l\u2019adversit\u00e9 est plus qu\u2019abordable sur le papier. Il faudra ainsi faire le plein de points, comme en Ligue Europa. Apr\u00e8s avoir \u00ab\u00a0l\u00e2ch\u00e9\u00a0\u00bb le match contre le\u00a0<strong>Real Betis<\/strong>, le\u00a0<strong>Maccabi Tel Aviv<\/strong> (34e) et\u00a0<strong>Go Ahead Eagle<\/strong>\u00a0(21e) doivent servir \u00e0 assurer une place dans le top 8 europ\u00e9en. Un mois, un dernier coup de collier avant de se projeter sur 2026 avec les mouvements qui pourraient arriver avec le mercato hivernal, mais aussi les retours de blessure de certains. Avec l&rsquo;espoir d&rsquo;un OL nouveau pour cette nouvelle ann\u00e9e ?<\/p><\/p>\n","protected":false},"excerpt":{"rendered":"Les joueurs de l\u2019OL apr\u00e8s le but d\u2019Ainsley Maitland-Niles contre le PSG (Photo by Jean-Philippe KSIAZEK \/ AFP)&hellip;\n","protected":false},"author":2,"featured_media":533355,"comment_status":"","ping_status":"","sticky":false,"template":"","format":"standard","meta":{"footnotes":""},"categories":[1410],"tags":[63,1011,27,66,241,978,60],"class_list":{"0":"post-533354","1":"post","2":"type-post","3":"status-publish","4":"format-standard","5":"has-post-thumbnail","7":"category-football","8":"tag-football","9":"tag-fr","10":"tag-france","11":"tag-ligue-1","12":"tag-ol","13":"tag-olympique-lyonnais","14":"tag-sports"},"share_on_mastodon":{"url":"https:\/\/pubeurope.com\/@fr\/115547407975424397","error":""},"_links":{"self":[{"href":"https:\/\/www.europesays.com\/fr\/wp-json\/wp\/v2\/posts\/533354","targetHints":{"allow":["GET"]}}],"collection":[{"href":"https:\/\/www.europesays.com\/fr\/wp-json\/wp\/v2\/posts"}],"about":[{"href":"https:\/\/www.europesays.com\/fr\/wp-json\/wp\/v2\/types\/post"}],"author":[{"embeddable":true,"href":"https:\/\/www.europesays.com\/fr\/wp-json\/wp\/v2\/users\/2"}],"replies":[{"embeddable":true,"href":"https:\/\/www.europesays.com\/fr\/wp-json\/wp\/v2\/comments?post=533354"}],"version-history":[{"count":0,"href":"https:\/\/www.europesays.com\/fr\/wp-json\/wp\/v2\/posts\/533354\/revisions"}],"wp:featuredmedia":[{"embeddable":true,"href":"https:\/\/www.europesays.com\/fr\/wp-json\/wp\/v2\/media\/533355"}],"wp:attachment":[{"href":"https:\/\/www.europesays.com\/fr\/wp-json\/wp\/v2\/media?parent=533354"}],"wp:term":[{"taxonomy":"category","embeddable":true,"href":"https:\/\/www.europesays.com\/fr\/wp-json\/wp\/v2\/categories?post=533354"},{"taxonomy":"post_tag","embeddable":true,"href":"https:\/\/www.europesays.com\/fr\/wp-json\/wp\/v2\/tags?post=533354"}],"curies":[{"name":"wp","href":"https:\/\/api.w.org\/{rel}","templated":true}]}}