{"id":533363,"date":"2025-11-14T09:49:20","date_gmt":"2025-11-14T09:49:20","guid":{"rendered":"https:\/\/www.europesays.com\/fr\/533363\/"},"modified":"2025-11-14T09:49:20","modified_gmt":"2025-11-14T09:49:20","slug":"nouvelle-image-de-la-suite-qui-ramene-le-grand-mechant-pour-le-temple-des-morts","status":"publish","type":"post","link":"https:\/\/www.europesays.com\/fr\/533363\/","title":{"rendered":"nouvelle image de la suite, qui ram\u00e8ne le grand m\u00e9chant pour Le Temple des Morts"},"content":{"rendered":"<p><strong>La sortie de <a href=\"https:\/\/www.ecranlarge.com\/films\/28-years-later-part-2-the-bone-temple\" data-type=\"films\" data-id=\"1253001\" rel=\"nofollow noopener\" target=\"_blank\">28 Ans plus tard : Le Temple des Morts<\/a>, la suite de <a href=\"https:\/\/www.ecranlarge.com\/films\/1483101-28-years-later\" data-type=\"films\" data-id=\"796053\" rel=\"nofollow noopener\" target=\"_blank\">28 Ans plus tard<\/a> tout court, se rapproche, comme en t\u00e9moigne la nouvelle image du film qui vient d\u2019\u00eatre d\u00e9voil\u00e9e.<\/strong><\/p>\n<p>La saga culte mais (jusque-l\u00e0) inaboutie des <strong>28 [trucs] plus tard<\/strong> est enfin revenue en 2025 avec <strong>28 Ans plus tard<\/strong>, arriv\u00e9 en r\u00e9alit\u00e9 18 ans apr\u00e8s <strong>28 Semaines plus tard<\/strong> et 23 ans apr\u00e8s <strong>28 Jours plus tard<\/strong>. Mais, aujourd\u2019hui, plus question que <a href=\"https:\/\/www.ecranlarge.com\/personnalite\/652014-danny-boyle\" data-type=\"people\" data-id=\"17863\" rel=\"nofollow noopener\" target=\"_blank\">Danny Boyle<\/a> et <a href=\"https:\/\/www.ecranlarge.com\/personnalite\/651332-alex-garland\" data-type=\"people\" data-id=\"23354\" rel=\"nofollow noopener\" target=\"_blank\">Alex Garland<\/a> laissent leur b\u00e9b\u00e9 d\u00e9p\u00e9rir, et le deuxi\u00e8me volet de la nouvelle trilogie, tourn\u00e9 en m\u00eame temps que le premier mais r\u00e9alis\u00e9 par <a href=\"https:\/\/www.ecranlarge.com\/personnalite\/1018857-nia-dacosta\" data-type=\"people\" data-id=\"481325\" rel=\"nofollow noopener\" target=\"_blank\">Nia DaCosta<\/a>, doit arriver d\u00e8s janvier 2026.<\/p>\n<p>                    <img decoding=\"async\" alt=\"\" class=\"wp-image-518375\" style=\"object-fit:cover;width:25px;height:25px\" src=\"https:\/\/www.ecranlarge.com\/content\/uploads\/2023\/09\/arrow-right-circle.svg\"\/><\/p>\n<p>Suite directe du film de <a href=\"https:\/\/www.ecranlarge.com\/personnalite\/652014-danny-boyle\" data-type=\"people\" data-id=\"17863\" rel=\"nofollow noopener\" target=\"_blank\">Danny Boyle<\/a>, on y retrouvera <a href=\"https:\/\/www.ecranlarge.com\/personnalite\/656138-ralph-fiennes\" data-type=\"people\" data-id=\"307927\" rel=\"nofollow noopener\" target=\"_blank\">Ralph Fiennes<\/a>, <a href=\"https:\/\/www.ecranlarge.com\/personnalite\/alfie-williams\" data-type=\"people\" data-id=\"1304270\" rel=\"nofollow noopener\" target=\"_blank\">Alfie Williams<\/a>, <a href=\"https:\/\/www.ecranlarge.com\/personnalite\/1076459-erin-kellyman\" data-type=\"people\" data-id=\"498391\" rel=\"nofollow noopener\" target=\"_blank\">Erin Kellyman<\/a> et <a href=\"https:\/\/www.ecranlarge.com\/personnalite\/726385-jack-o-connell-ii\" data-type=\"people\" data-id=\"369870\" rel=\"nofollow noopener\" target=\"_blank\">Jack O\u2019Connell<\/a> dans le r\u00f4le de Jimmy Crystal. On devrait \u00e9galement y apercevoir <a href=\"https:\/\/www.ecranlarge.com\/personnalite\/651899-cillian-murphy\" data-type=\"people\" data-id=\"304109\" rel=\"nofollow noopener\" target=\"_blank\">Cillian Murphy<\/a>, h\u00e9ros du film original, et qui sait si <a href=\"https:\/\/www.ecranlarge.com\/personnalite\/706820-aaron-taylor-johnson\" data-type=\"people\" data-id=\"353793\" rel=\"nofollow noopener\" target=\"_blank\">Aaron Taylor-Johnson<\/a> n\u2019a pas pr\u00e9vu de passer une t\u00eate lui aussi ? Toujours est-il que<strong> c\u2019est bien le personnage du docteur Kelson (<a href=\"https:\/\/www.ecranlarge.com\/personnalite\/656138-ralph-fiennes\" data-type=\"people\" data-id=\"307927\" rel=\"nofollow noopener\" target=\"_blank\">Ralph Fiennes<\/a>) qui devrait \u00eatre central dans le film<\/strong>, et c\u2019est lui (et le grand m\u00e9chant) que concerne la toute nouvelle image d\u00e9voil\u00e9e par Collider.<\/p>\n<p><a href=\"https:\/\/www.ecranlarge.com\/content\/uploads\/2025\/11\/image-48.png\" rel=\"nofollow noopener\" target=\"_blank\"><\/p>\n<p><img loading=\"lazy\" decoding=\"async\" alt=\"\" src=\"https:\/\/www.europesays.com\/fr\/wp-content\/uploads\/2025\/11\/image-48-1260x709.png\" width=\"1260\" height=\"709\"  \/><\/p>\n<p><\/a>En qu\u00eate d\u2019une place dans le RER E28 Ans plus tard et le mal Alpha<\/p>\n<p>Sur cette photo figurent deux personnages d\u00e9j\u00e0 connus du public qui a eu tout le loisir de faire leur connaissance dans 28 Ans plus tard. \u00c0 droite, le docteur Kelson, toujours camp\u00e9 par Ralph Fiennes. \u00c0 gauche, assis sur une chaise de fortune, Samson, l\u2019Alpha que le docteur semblait vouloir prendre pour sujet d\u2019\u00e9tude,<strong> quitte \u00e0 flirter dangereusement avec la mort<\/strong>.<\/p>\n<p>Cette image, qui donne l\u2019impression d\u2019un dialogue (verbal ou non) et peut-\u00eatre m\u00eame d\u2019<strong>un semblant de relation humaine entre les deux personnages,<\/strong> annonce d\u00e9j\u00e0 que le film va activement poursuivre la piste lanc\u00e9e par son pr\u00e9d\u00e9cesseur : et <strong>si les infect\u00e9s \u00e9voluaient et devenaient capables de d\u00e9velopper une conscience ?<\/strong><\/p>\n<p><a href=\"https:\/\/www.ecranlarge.com\/content\/uploads\/2025\/11\/image-50.png\" rel=\"nofollow noopener\" target=\"_blank\"><\/p>\n<p><img loading=\"lazy\" decoding=\"async\" alt=\"ralph fiennes Chi Lewis-Parry 28 Ans plus tard : le temple des Morts\" src=\"https:\/\/www.europesays.com\/fr\/wp-content\/uploads\/2025\/11\/image-50-1260x840.png\" width=\"1260\" height=\"840\"  \/><\/p>\n<p><\/a>Le feu de camp \u00e0 la fin de la colo<\/p>\n<p>Le seul fait que l\u2019Alpha (incarn\u00e9 par Chi Lewis-Parry) soit assis sur une chaise, alors qu\u2019il \u00e9tait largement caract\u00e9ris\u00e9 dans le premier film par sa stature et son allure sauvage, apporte d\u00e9j\u00e0 l\u2019id\u00e9e d\u2019un d\u00e9but de processus d\u2019humanisation. Entre eux, il y a un feu,<strong> symbole mythologique et historique de la civilisation moderne<\/strong>, et ce n\u2019est s\u00fbrement pas un hasard. Le film promet de belles r\u00e9flexions autour de la possible naissance (ou renaissance) d\u2019un apprentissage civilisationnel chez les infect\u00e9s.<\/p>\n<p>Il semblerait donc que le docteur Kelson continue de pousser ses recherches et son \u00e9tude du comportement humain, ou plut\u00f4t humain infect\u00e9. <strong>Y laissera-t-il des plumes pour de bon ?<\/strong> L\u2019image apporte aussi la certitude (si le titre du film ne suffisait pas) que le temple d\u2019os du docteur sera de nouveau l\u2019un des d\u00e9cors principaux de l\u2019histoire. Pour en savoir plus, <strong>rendez-vous en salles le 14 janvier 2026<\/strong>.<\/p>\n","protected":false},"excerpt":{"rendered":"La sortie de 28 Ans plus tard : Le Temple des Morts, la suite de 28 Ans plus&hellip;\n","protected":false},"author":2,"featured_media":533364,"comment_status":"","ping_status":"","sticky":false,"template":"","format":"standard","meta":{"footnotes":""},"categories":[1354],"tags":[58,59,1346,1011,27,1360],"class_list":{"0":"post-533363","1":"post","2":"type-post","3":"status-publish","4":"format-standard","5":"has-post-thumbnail","7":"category-films","8":"tag-divertissement","9":"tag-entertainment","10":"tag-films","11":"tag-fr","12":"tag-france","13":"tag-movies"},"share_on_mastodon":{"url":"https:\/\/pubeurope.com\/@fr\/115547432407366541","error":""},"_links":{"self":[{"href":"https:\/\/www.europesays.com\/fr\/wp-json\/wp\/v2\/posts\/533363","targetHints":{"allow":["GET"]}}],"collection":[{"href":"https:\/\/www.europesays.com\/fr\/wp-json\/wp\/v2\/posts"}],"about":[{"href":"https:\/\/www.europesays.com\/fr\/wp-json\/wp\/v2\/types\/post"}],"author":[{"embeddable":true,"href":"https:\/\/www.europesays.com\/fr\/wp-json\/wp\/v2\/users\/2"}],"replies":[{"embeddable":true,"href":"https:\/\/www.europesays.com\/fr\/wp-json\/wp\/v2\/comments?post=533363"}],"version-history":[{"count":0,"href":"https:\/\/www.europesays.com\/fr\/wp-json\/wp\/v2\/posts\/533363\/revisions"}],"wp:featuredmedia":[{"embeddable":true,"href":"https:\/\/www.europesays.com\/fr\/wp-json\/wp\/v2\/media\/533364"}],"wp:attachment":[{"href":"https:\/\/www.europesays.com\/fr\/wp-json\/wp\/v2\/media?parent=533363"}],"wp:term":[{"taxonomy":"category","embeddable":true,"href":"https:\/\/www.europesays.com\/fr\/wp-json\/wp\/v2\/categories?post=533363"},{"taxonomy":"post_tag","embeddable":true,"href":"https:\/\/www.europesays.com\/fr\/wp-json\/wp\/v2\/tags?post=533363"}],"curies":[{"name":"wp","href":"https:\/\/api.w.org\/{rel}","templated":true}]}}