{"id":533380,"date":"2025-11-14T09:58:13","date_gmt":"2025-11-14T09:58:13","guid":{"rendered":"https:\/\/www.europesays.com\/fr\/533380\/"},"modified":"2025-11-14T09:58:13","modified_gmt":"2025-11-14T09:58:13","slug":"nos-idees-sorties-du-week-end-des-21-22-et-23-novembre-2025-dans-la-loire","status":"publish","type":"post","link":"https:\/\/www.europesays.com\/fr\/533380\/","title":{"rendered":"Nos id\u00e9es sorties du week-end des 21, 22 et 23 novembre 2025 dans la Loire"},"content":{"rendered":"<p class=\"is-style-chapo\">Voici la s\u00e9lection de la r\u00e9daction de If Saint-Etienne pour se divertir et s\u2019amuser dans la Loire le week-end prochain, soit les 21, 22 et 23 novembre. Une liste d\u2019\u00e9v\u00e9nements, s\u00e9lectionn\u00e9s de mani\u00e8re ind\u00e9pendante et, bien entendu, non-exhaustive.<\/p>\n<p><img loading=\"lazy\" decoding=\"async\" width=\"1024\" height=\"576\" src=\"https:\/\/www.europesays.com\/fr\/wp-content\/uploads\/2025\/11\/20211119_200637-1024x576.png\" alt=\"\" class=\"wp-image-45033\"  \/>\u00a9 NB\/If M\u00e9dia<\/p>\n<p>1 \u2013 Miam\u00a0!<\/p>\n<p>Le Salon <a href=\"https:\/\/www.cesttoutchocolat.fr\/\" target=\"_blank\" rel=\"noreferrer noopener\">C\u2019est tout chocolat<\/a> revient \u00e0 Saint-Just-Saint-Rambert les 21, 22 et 23 novembre. Plus de trente exposants \u2013 chocolatiers, p\u00e2tissiers et passionn\u00e9s du cacao \u2013 invitent le grand public \u00e0 d\u00e9couvrir l\u2019excellence de leurs cr\u00e9ations artisanales r\u00e9alis\u00e9es \u00e0 base de chocolat.<\/p>\n<p>2 \u2013 Histoire<\/p>\n<p>A Montbrison, les 20 et 21 novembre, quinze historiens, universitaires, et chercheurs vous donnent rendez-vous autour du th\u00e8me : l\u2019Homme, l\u2019Arbre et la For\u00eat. Un festival d\u2019histoire organis\u00e9 par <a href=\"https:\/\/www.ladiana.com\/\" target=\"_blank\" rel=\"noreferrer noopener\">La Diana<\/a> avec de nombreuses animations en parall\u00e8le de ce colloque universitaire, dont des expositions dans la ville, un salon du livre ou encore des s\u00e9ances de cin\u00e9ma.<\/p>\n<p>3 \u2013 Ho ho ho\u00a0!<\/p>\n<p>Vendredi 21 novembre marque l\u2019ouverture du <a href=\"https:\/\/www.if-saint-etienne.fr\/politique-societe\/le-marche-de-noel-de-saint-etienne-annule-et-4-masques-distribues-aux-eleves-stephanois\" target=\"_blank\" rel=\"noreferrer noopener\">march\u00e9 de No\u00ebl<\/a> de Saint-Etienne place Jean Jaur\u00e8s, de l\u2019H\u00f4tel-de-Ville, et Dorian. De nombreuses animations sont pr\u00e9vues jusqu\u2019au 31 d\u00e9cembre, dont le grand sapin, la grande roue, les chalets, ou encore l\u2019atelier du p\u00e8re No\u00ebl.<\/p>\n<p>4 \u2013 T\u2019as tout<\/p>\n<p>Le salon <a href=\"https:\/\/www.tatoujuste.org\/\" target=\"_blank\" rel=\"noreferrer noopener\">Tatou Juste<\/a> met en lumi\u00e8re les nombreuses initiatives qui agissent concr\u00e8tement et localement pour une soci\u00e9t\u00e9 plus respectueuse de l\u2019environnement, de l\u2019humain. Les 22 et 23 novembre, au parc expo de Saint-Etienne, 230 exposants seront pr\u00e9sents et une centaine d\u2019animations sont organis\u00e9es, dont de nombreuses conf\u00e9rences autour de th\u00e9matiques comme la d\u00e9mocratie, l\u2019\u00e9cologie ou encore l\u2019IA.<\/p>\n<p>5 \u2013 Solidaire<\/p>\n<p>Samedi 22 novembre, \u00e0 partir de 9h, l\u2019\u00e9cole Louise Weiss de Roanne organise une Bourse aux jouets \u00e0 la salle polyvalente jusqu\u2019\u00e0 17h30. L\u2019occasion d\u2019acheter des livres, des jouets, du mat\u00e9riel de pu\u00e9riculture ou encore des jeux \u00e0 l\u2019approche des f\u00eates.<\/p>\n","protected":false},"excerpt":{"rendered":"Voici la s\u00e9lection de la r\u00e9daction de If Saint-Etienne pour se divertir et s\u2019amuser dans la Loire le&hellip;\n","protected":false},"author":2,"featured_media":533381,"comment_status":"","ping_status":"","sticky":false,"template":"","format":"standard","meta":{"footnotes":""},"categories":[9653],"tags":[14428,1111,11,2430,1777,674,1011,27,34689,14429,65292,12,14430,25,4001],"class_list":{"0":"post-533380","1":"post","2":"type-post","3":"status-publish","4":"format-standard","5":"has-post-thumbnail","7":"category-saint-etienne","8":"tag-activites-week-end-loire","9":"tag-actu","10":"tag-actualites","11":"tag-auvergne-rhone-alpes","12":"tag-eu","13":"tag-europe","14":"tag-fr","15":"tag-france","16":"tag-idee-sortie-saint-etienne","17":"tag-idees-sorties-loire","18":"tag-marche-de-noel-de-saint-etienne","19":"tag-news","20":"tag-recreatif","21":"tag-republique-francaise","22":"tag-saint-etienne"},"share_on_mastodon":{"url":"https:\/\/pubeurope.com\/@fr\/115547466657163999","error":""},"_links":{"self":[{"href":"https:\/\/www.europesays.com\/fr\/wp-json\/wp\/v2\/posts\/533380","targetHints":{"allow":["GET"]}}],"collection":[{"href":"https:\/\/www.europesays.com\/fr\/wp-json\/wp\/v2\/posts"}],"about":[{"href":"https:\/\/www.europesays.com\/fr\/wp-json\/wp\/v2\/types\/post"}],"author":[{"embeddable":true,"href":"https:\/\/www.europesays.com\/fr\/wp-json\/wp\/v2\/users\/2"}],"replies":[{"embeddable":true,"href":"https:\/\/www.europesays.com\/fr\/wp-json\/wp\/v2\/comments?post=533380"}],"version-history":[{"count":0,"href":"https:\/\/www.europesays.com\/fr\/wp-json\/wp\/v2\/posts\/533380\/revisions"}],"wp:featuredmedia":[{"embeddable":true,"href":"https:\/\/www.europesays.com\/fr\/wp-json\/wp\/v2\/media\/533381"}],"wp:attachment":[{"href":"https:\/\/www.europesays.com\/fr\/wp-json\/wp\/v2\/media?parent=533380"}],"wp:term":[{"taxonomy":"category","embeddable":true,"href":"https:\/\/www.europesays.com\/fr\/wp-json\/wp\/v2\/categories?post=533380"},{"taxonomy":"post_tag","embeddable":true,"href":"https:\/\/www.europesays.com\/fr\/wp-json\/wp\/v2\/tags?post=533380"}],"curies":[{"name":"wp","href":"https:\/\/api.w.org\/{rel}","templated":true}]}}