{"id":533390,"date":"2025-11-14T10:03:13","date_gmt":"2025-11-14T10:03:13","guid":{"rendered":"https:\/\/www.europesays.com\/fr\/533390\/"},"modified":"2025-11-14T10:03:13","modified_gmt":"2025-11-14T10:03:13","slug":"revue-50-nuances-de-maitre-ferri-par-lunion-des-jeunes-avocats-de-toulon","status":"publish","type":"post","link":"https:\/\/www.europesays.com\/fr\/533390\/","title":{"rendered":"Revue \u201c50 nuances de Ma\u00eetre Ferri\u201d par l\u2019Union des Jeunes Avocats de Toulon"},"content":{"rendered":"<p>\t\t\t\t\t\t\t\t\u00a0L\u2019Union des Jeunes Avocats de Toulon : un pilier du barreau local<\/p>\n<p>Info83 re\u00e7oit Ma\u00eetre Aur\u00e9lie Dambrine, avocat au barreau de Toulon, et pr\u00e9sidente de l\u2019Union des Jeunes Avocats de Toulon.<\/p>\n<p>L\u2019Union des Jeunes Avocats de Toulon (UJA Toulon) est bien plus qu\u2019une simple association professionnelle. Elle rassemble les jeunes avocats du barreau toulonnais autour de valeurs fortes : solidarit\u00e9, confraternit\u00e9 et partage d\u2019exp\u00e9riences. Cr\u00e9\u00e9e pour accompagner les d\u00e9buts de carri\u00e8re souvent exigeants, l\u2019UJA Toulon offre un v\u00e9ritable r\u00e9seau d\u2019entraide et d\u2019\u00e9changes.<\/p>\n<p><img fetchpriority=\"high\" decoding=\"async\" class=\"size-full wp-image-57087\" src=\"https:\/\/www.europesays.com\/fr\/wp-content\/uploads\/2025\/11\/uja-toulon-Maitre-Aurelie-Dambrine-info83.jpg\" alt=\"Union des Jeunes Avocats de Toulon\" width=\"800\" height=\"402\"  \/>Ma\u00eetre Aur\u00e9lie Dambrine, avocat au barreau de Toulon, et pr\u00e9sidente de l\u2019Union des Jeunes Avocats de Toulon.<\/p>\n<p>Sous l\u2019impulsion de sa pr\u00e9sidente, Ma\u00eetre Aur\u00e9lie Dambrine, avocat au barreau de Toulon, l\u2019Union des Jeunes Avocats de Toulon s\u2019attache \u00e0 d\u00e9fendre les int\u00e9r\u00eats de ses membres tout en favorisant leur int\u00e9gration au sein de la profession. Chaque ann\u00e9e, une dizaine de nouveaux avocats pr\u00eatent serment \u00e0 Toulon. L\u2019UJA les aide \u00e0 franchir cette \u00e9tape avec s\u00e9r\u00e9nit\u00e9 gr\u00e2ce \u00e0 des conseils pratiques, des formations continues et des \u00e9v\u00e9nements conviviaux.<\/p>\n<p>Au-del\u00e0 de l\u2019accompagnement professionnel, l\u2019UJA Toulon promeut aussi une image humaine et accessible du m\u00e9tier d\u2019avocat. Son objectif : renforcer le lien entre les jeunes g\u00e9n\u00e9rations et les plus exp\u00e9riment\u00e9es, dans un climat d\u2019\u00e9coute et de respect mutuel.<\/p>\n<p>Des \u00e9v\u00e9nements f\u00e9d\u00e9rateurs et conviviaux tout au long de l\u2019ann\u00e9e<\/p>\n<p>L\u2019Union des Jeunes Avocats \u00e0 Toulon, c\u2019est aussi un esprit festif et une envie de cr\u00e9er du lien autrement.<\/p>\n<p>L\u2019un des \u00e9v\u00e9nements les plus attendus est sans doute <strong>la Revue des Jeunes Avocats<\/strong>, un spectacle unique organis\u00e9 tous les deux ans. Les avocats montent sur sc\u00e8ne pour chanter, danser et jouer des sketches humoristiques inspir\u00e9s de leur quotidien professionnel. Un moment \u00e0 la fois dr\u00f4le, critique et bienveillant, qui permet de d\u00e9dramatiser certaines r\u00e9alit\u00e9s du monde judiciaire.<br \/><strong>Cette ann\u00e9e, la revue intitul\u00e9e \u201c50 nuances de Ma\u00eetre Ferri\u201d rend hommage avec humour \u00e0 l\u2019actuel b\u00e2tonnier<\/strong>, dans une ambiance joyeuse et musicale.<br \/>Une trentaine d\u2019avocats participent \u00e0 ce spectacle, parfois issus du monde artistique, pour le plus grand plaisir du public compos\u00e9 de magistrats, greffiers, confr\u00e8res et partenaires. <strong>Ils vous donnent rendez-vous samedi 29 novembre 2025 \u00e0 partir de 19h au Casino de Hy\u00e8res.<br \/><\/strong><\/p>\n<blockquote>\n<p>Ces soir\u00e9es renforcent la coh\u00e9sion du barreau et illustrent la cr\u00e9ativit\u00e9 de la jeune g\u00e9n\u00e9ration d\u2019avocats toulonnais.<\/p>\n<\/blockquote>\n<p>En dehors de cet \u00e9v\u00e9nement phare, l\u2019Union des Jeunes Avocats \u00e0 Toulon organise aussi des ap\u00e9ritifs mensuels, des soir\u00e9es th\u00e9matiques et des formations pratiques. Ces moments permettent d\u2019\u00e9changer dans une atmosph\u00e8re d\u00e9contract\u00e9e et de cr\u00e9er de v\u00e9ritables synergies professionnelles.<\/p>\n<p><img loading=\"lazy\" decoding=\"async\" class=\"size-full wp-image-57085\" src=\"https:\/\/www.europesays.com\/fr\/wp-content\/uploads\/2025\/11\/uja-toulon-info83.jpg\" alt=\"Union des Jeunes Avocats de Toulon\" width=\"800\" height=\"552\"  \/>La revue \u201c50 nuances de Ma\u00eetre Ferri\u201d samedi 29 novembre 2025 \u00e0 partir de 19h au Casino de Hy\u00e8res.<\/p>\n<p>\u00a0<\/p>\n<p>\u00a0<\/p>\n<p>Foire aux questions sur l\u2019Union des Jeunes Avocats \u00e0 Toulon<\/p>\n<p><strong>Qu\u2019est-ce que l\u2019Union des Jeunes Avocats \u00e0 Toulon ?<\/strong><br \/>C\u2019est une association qui regroupe les jeunes avocats du barreau de Toulon pour les soutenir et les repr\u00e9senter.<\/p>\n<p><strong>Qui peut adh\u00e9rer \u00e0 l\u2019UJA Toulon ?<\/strong><br \/>Tout avocat inscrit au barreau de Toulon, g\u00e9n\u00e9ralement depuis moins de 10 ans, peut adh\u00e9rer.<\/p>\n<p><strong>Quels sont les objectifs de l\u2019UJA Toulon ?<\/strong><br \/>Accompagner les jeunes avocats, favoriser leur int\u00e9gration et d\u00e9fendre leurs int\u00e9r\u00eats professionnels.<\/p>\n<p><strong>L\u2019UJA Toulon propose-t-elle des formations ?<\/strong><br \/>Oui, l\u2019association organise r\u00e9guli\u00e8rement des formations juridiques et pratiques adapt\u00e9es \u00e0 la profession.<\/p>\n<p><strong>Qu\u2019est-ce que la revue des jeunes avocats ?<\/strong><br \/>C\u2019est un spectacle m\u00ealant humour, chant et th\u00e9\u00e2tre, jou\u00e9 par les avocats eux-m\u00eames.<\/p>\n<p><strong>L\u2019UJA Toulon est-elle ouverte au grand public ?<\/strong><br \/>Oui, certains \u00e9v\u00e9nements comme la revue sont ouverts \u00e0 tous, y compris aux non-juristes.<\/p>\n<p><strong>Comment rejoindre l\u2019Union des Jeunes Avocats \u00e0 Toulon ?<\/strong><br \/>Il suffit de contacter l\u2019association via l\u2019Ordre des avocats de Toulon ou directement<a href=\"https:\/\/www.facebook.com\/uja.toulon\/?locale=fr_FR\" target=\"_blank\" rel=\"noopener\"> sur ses r\u00e9seaux sociaux.<\/a><\/p>\n<p><strong>L\u2019UJA Toulon aide-t-elle \u00e0 trouver une collaboration ?<\/strong><br \/>Oui, elle met en relation jeunes et anciens avocats pour favoriser les collaborations professionnelles.<\/p>\n<p><strong>Quels avantages \u00e0 rejoindre l\u2019UJA Toulon ?<\/strong><br \/>Un r\u00e9seau solide, des formations, des \u00e9v\u00e9nements conviviaux et un vrai soutien entre confr\u00e8res.<\/p>\n<p><strong>O\u00f9 suivre les actualit\u00e9s de l\u2019UJA Toulon ?<\/strong><br \/>Sur les pages officielles de l\u2019<a href=\"https:\/\/www.facebook.com\/uja.toulon\/?locale=fr_FR\" target=\"_blank\" rel=\"noopener\">Union des Jeunes Avocats \u00e0 Toulon<\/a> et via les annonces du <a href=\"https:\/\/barreautoulon.fr\/\" target=\"_blank\" rel=\"noopener\">barreau de Toulon<\/a>.<\/p>\n<p><strong>\u00a0<\/strong><\/p>\n<p><strong>A voir aussi :<\/strong><br \/>\n<a href=\"https:\/\/www.info83.fr\/cabaret-gabrielle-toulon\/\" target=\"_blank\" rel=\"noopener\">Directrice du Cabaret moderne Gabrielle, Lily raconte avec passion la naissance de ce lieu unique \u00e0 Toulon<\/a><br \/>\n<a href=\"https:\/\/www.info83.fr\/maitre-olivier-ferri-batonnier-toulon-role-defis-2025\/\" target=\"_blank\" rel=\"noopener\">Ma\u00eetre Olivier Ferri ses ambitions pour 2025. D\u00e9couvrez le r\u00f4le de Ma\u00eetre Olivier Ferri, b\u00e2tonnier du barreau de Toulon : Une vision moderne de la profession d\u2019avocat !<\/a><\/p>\n<p>\u00a0<\/p>\n<p><strong><img decoding=\"async\" class=\"emoji\" role=\"img\" draggable=\"false\" src=\"https:\/\/s.w.org\/images\/core\/emoji\/13.1.0\/svg\/1f538.svg\" alt=\"\ud83d\udd38\" data-pin-no-hover=\"true\"\/>Info83, le Var proche de vous<br \/><\/strong><\/p>\n<p><img decoding=\"async\" class=\"emoji\" role=\"img\" draggable=\"false\" src=\"https:\/\/s.w.org\/images\/core\/emoji\/13.1.0\/svg\/27a1.svg\" alt=\"\u27a1\ufe0f\" data-pin-no-hover=\"true\"\/>\u00a0<a href=\"https:\/\/bit.ly\/2OZZMMK\" target=\"_blank\" rel=\"noopener noreferrer\">Facebook Info83<\/a><\/p>\n<p><img decoding=\"async\" class=\"emoji\" role=\"img\" draggable=\"false\" src=\"https:\/\/s.w.org\/images\/core\/emoji\/13.1.0\/svg\/27a1.svg\" alt=\"\u27a1\ufe0f\" data-pin-no-hover=\"true\"\/>\u00a0<a href=\"https:\/\/bit.ly\/2ONkTC9\" target=\"_blank\" rel=\"noopener noreferrer\">Youtube Info83<\/a><\/p>\n<p>\u00a0<\/p>\n","protected":false},"excerpt":{"rendered":"\u00a0L\u2019Union des Jeunes Avocats de Toulon : un pilier du barreau local Info83 re\u00e7oit Ma\u00eetre Aur\u00e9lie Dambrine, avocat&hellip;\n","protected":false},"author":2,"featured_media":533391,"comment_status":"","ping_status":"","sticky":false,"template":"","format":"standard","meta":{"footnotes":""},"categories":[9619],"tags":[1111,11,65293,65294,23755,24172,65295,65296,65297,1777,674,65298,65299,1011,27,65300,65301,12,882,25,65302,65303,65304,65305,65306,65307,2310,65308,65309,65310],"class_list":{"0":"post-533390","1":"post","2":"type-post","3":"status-publish","4":"format-standard","5":"has-post-thumbnail","7":"category-toulon","8":"tag-actu","9":"tag-actualites","10":"tag-actualites-avocats-toulon","11":"tag-association-avocats-toulon","12":"tag-avocats-toulonnais","13":"tag-barreau-de-toulon","14":"tag-batonnier-toulon","15":"tag-carriere-avocat-toulon","16":"tag-confraternite-avocats","17":"tag-eu","18":"tag-europe","19":"tag-evenement-juridique-toulon","20":"tag-formation-avocats-toulon","21":"tag-fr","22":"tag-france","23":"tag-integration-jeunes-avocats","24":"tag-jeunes-avocats-toulon","25":"tag-news","26":"tag-provence-alpes-cote-dazur","27":"tag-republique-francaise","28":"tag-reseau-avocats-toulon","29":"tag-revue-des-jeunes-avocats","30":"tag-solidarite-avocats-toulon","31":"tag-soutien-jeunes-avocats","32":"tag-spectacle-juridique-toulon","33":"tag-spectacle-uja-toulon","34":"tag-toulon","35":"tag-uja-toulon","36":"tag-union-des-jeunes-avocats-a-toulon","37":"tag-vie-du-barreau-toulon"},"share_on_mastodon":{"url":"","error":"Validation failed: Text character limit of 500 exceeded"},"_links":{"self":[{"href":"https:\/\/www.europesays.com\/fr\/wp-json\/wp\/v2\/posts\/533390","targetHints":{"allow":["GET"]}}],"collection":[{"href":"https:\/\/www.europesays.com\/fr\/wp-json\/wp\/v2\/posts"}],"about":[{"href":"https:\/\/www.europesays.com\/fr\/wp-json\/wp\/v2\/types\/post"}],"author":[{"embeddable":true,"href":"https:\/\/www.europesays.com\/fr\/wp-json\/wp\/v2\/users\/2"}],"replies":[{"embeddable":true,"href":"https:\/\/www.europesays.com\/fr\/wp-json\/wp\/v2\/comments?post=533390"}],"version-history":[{"count":0,"href":"https:\/\/www.europesays.com\/fr\/wp-json\/wp\/v2\/posts\/533390\/revisions"}],"wp:featuredmedia":[{"embeddable":true,"href":"https:\/\/www.europesays.com\/fr\/wp-json\/wp\/v2\/media\/533391"}],"wp:attachment":[{"href":"https:\/\/www.europesays.com\/fr\/wp-json\/wp\/v2\/media?parent=533390"}],"wp:term":[{"taxonomy":"category","embeddable":true,"href":"https:\/\/www.europesays.com\/fr\/wp-json\/wp\/v2\/categories?post=533390"},{"taxonomy":"post_tag","embeddable":true,"href":"https:\/\/www.europesays.com\/fr\/wp-json\/wp\/v2\/tags?post=533390"}],"curies":[{"name":"wp","href":"https:\/\/api.w.org\/{rel}","templated":true}]}}