{"id":533398,"date":"2025-11-14T10:07:16","date_gmt":"2025-11-14T10:07:16","guid":{"rendered":"https:\/\/www.europesays.com\/fr\/533398\/"},"modified":"2025-11-14T10:07:16","modified_gmt":"2025-11-14T10:07:16","slug":"aux-bons-souvenirs-de-rouen","status":"publish","type":"post","link":"https:\/\/www.europesays.com\/fr\/533398\/","title":{"rendered":"aux bons souvenirs de Rouen"},"content":{"rendered":"<p>\t\t\t\t\t\t\tSport.<\/p>\n<p>\t\t\t\t\tApr\u00e8s avoir fait tomb\u00e9 le leader, le FC Rouen, en septembre, la Berrichonne de Ch\u00e2teauroux a r\u00e9cidiv\u00e9 en battant cette fois Quevilly-Rouen (0-3) le week-end dernier.\u00a0\t\t\t\t<\/p>\n<p>\n\t\t\t\t\tPubli\u00e9 le<br \/>\n\t\t\t\t\t14\/11\/2025 \u00e0 10h25 &#8211; Par Anthony Moiny\t\t\t\t\t<\/p>\n<p>\t\t\t\t\t\t\t\t<img decoding=\"async\" class=\"media illustration\" src=\"https:\/\/www.europesays.com\/fr\/wp-content\/uploads\/2025\/11\/1763114836_11_\" width=\"1200\" height=\"578\" loading=\"eager\" fetchpriority=\"high\" alt=\"Football. Le coin de la Berri : aux bons souvenirs de Rouen\"\/><\/p>\n<p>\t\t\t\t\t\t\t\t\t\t\t\t\t\t\tLa Berri se d\u00e9place \u00e0 Biars-sur-C\u00e8re (R1) pour le 7e tour de la Coupe de France.<\/p>\n","protected":false},"excerpt":{"rendered":"Sport. Apr\u00e8s avoir fait tomb\u00e9 le leader, le FC Rouen, en septembre, la Berrichonne de Ch\u00e2teauroux a r\u00e9cidiv\u00e9&hellip;\n","protected":false},"author":2,"featured_media":533399,"comment_status":"","ping_status":"","sticky":false,"template":"","format":"standard","meta":{"footnotes":""},"categories":[9587],"tags":[1111,11,1777,674,1011,27,12,5161,25,9590],"class_list":{"0":"post-533398","1":"post","2":"type-post","3":"status-publish","4":"format-standard","5":"has-post-thumbnail","7":"category-rouen","8":"tag-actu","9":"tag-actualites","10":"tag-eu","11":"tag-europe","12":"tag-fr","13":"tag-france","14":"tag-news","15":"tag-normandie","16":"tag-republique-francaise","17":"tag-rouen"},"share_on_mastodon":{"url":"https:\/\/pubeurope.com\/@fr\/115547501553583506","error":""},"_links":{"self":[{"href":"https:\/\/www.europesays.com\/fr\/wp-json\/wp\/v2\/posts\/533398","targetHints":{"allow":["GET"]}}],"collection":[{"href":"https:\/\/www.europesays.com\/fr\/wp-json\/wp\/v2\/posts"}],"about":[{"href":"https:\/\/www.europesays.com\/fr\/wp-json\/wp\/v2\/types\/post"}],"author":[{"embeddable":true,"href":"https:\/\/www.europesays.com\/fr\/wp-json\/wp\/v2\/users\/2"}],"replies":[{"embeddable":true,"href":"https:\/\/www.europesays.com\/fr\/wp-json\/wp\/v2\/comments?post=533398"}],"version-history":[{"count":0,"href":"https:\/\/www.europesays.com\/fr\/wp-json\/wp\/v2\/posts\/533398\/revisions"}],"wp:featuredmedia":[{"embeddable":true,"href":"https:\/\/www.europesays.com\/fr\/wp-json\/wp\/v2\/media\/533399"}],"wp:attachment":[{"href":"https:\/\/www.europesays.com\/fr\/wp-json\/wp\/v2\/media?parent=533398"}],"wp:term":[{"taxonomy":"category","embeddable":true,"href":"https:\/\/www.europesays.com\/fr\/wp-json\/wp\/v2\/categories?post=533398"},{"taxonomy":"post_tag","embeddable":true,"href":"https:\/\/www.europesays.com\/fr\/wp-json\/wp\/v2\/tags?post=533398"}],"curies":[{"name":"wp","href":"https:\/\/api.w.org\/{rel}","templated":true}]}}