{"id":533410,"date":"2025-11-14T10:13:15","date_gmt":"2025-11-14T10:13:15","guid":{"rendered":"https:\/\/www.europesays.com\/fr\/533410\/"},"modified":"2025-11-14T10:13:15","modified_gmt":"2025-11-14T10:13:15","slug":"strasbourg-venez-faire-estimer-vos-objets-darts-et-de-collection-gratuitement-ce-mardi-18-novembre","status":"publish","type":"post","link":"https:\/\/www.europesays.com\/fr\/533410\/","title":{"rendered":"Strasbourg. Venez faire estimer vos objets d&rsquo;arts et de collection gratuitement ce mardi 18 novembre"},"content":{"rendered":"<p>Chacun est invit\u00e9 \u00e0 venir avec ses tableaux, bijoux, sculptures, pi\u00e8ces d\u2019or de bourse ou de collection, objets d\u2019art du monde, jouets, instruments de musique, livres anciens, meubles et design. L\u2019expertise se fait directement et l\u2019estimation qui en d\u00e9coule est donn\u00e9e au regard des derniers r\u00e9sultats de ventes aux ench\u00e8res et des tendances du march\u00e9.<\/p>\n<p>Ces rendez-vous sont sans engagement de vente, chacun est donc libre de repartir avec ses objets et de les conserver en famille. \u00c0 l\u2019inverse, si une personne souhaite les vendre, un service cl\u00e9s en main est propos\u00e9 avec un contrat de mandat autorisant \u00e0 vendre les biens sur la base d\u2019un prix de r\u00e9serve\u00a0\u2013 en dessous duquel l\u2019objet n\u2019est pas vendu. Il sera int\u00e9gr\u00e9 dans une vente th\u00e9matique \u00e0 l\u2019H\u00f4tel des ventes de Drouot. Lorsqu\u2019un objet est vendu, une commission de 22,8\u00a0% TTC du prix de vente est retenue. Si un objet ne trouve pas preneur, il n\u2019y a aucun frais et la restitution est gratuite.<\/p>\n<p>  Des tr\u00e9sors \u00e0 faire expertiser<\/p>\n<p>Parmi les tr\u00e9sors d\u00e9couverts chez les particuliers, se trouvent parfois des tableaux de grands ma\u00eetres des XIXe et XXe\u00a0si\u00e8cles ou plus anciens, des sculptures, des collections oubli\u00e9es dans la poussi\u00e8re des greniers\u2026 Mais le plus souvent, ce sont des bijoux et des pi\u00e8ces de monnaie (bague d\u2019une grand-m\u00e8re, collier d\u2019une grand-tante ou parfois bas de laine de pi\u00e8ces d\u2019or louis ou napol\u00e9ons). Des objets de moindre valeur sont \u00e9galement expertis\u00e9s comme les petites voitures Dinky Toys par exemple.<\/p>\n<p>Quentin Breda, responsable d\u2019estimations, et Me Fran\u00e7ois-Xavier Poncet, commissaire-priseur, seront tous les deux pr\u00e9sents le mardi 18\u00a0novembre de 9\u200ah\u200a30 \u00e0 18\u200ah \u00e0 l\u2019Ibis Centre Historique, 7, rue de Molsheim \u00e0 Strasbourg, o\u00f9 une salle de r\u00e9union a \u00e9t\u00e9 lou\u00e9e.<\/p>\n<p class=\"note\">Rendez-vous (obligatoire) aupr\u00e8s de Me Poncet au 06\u200a64\u200a88\u200a59\u200a97 ou par mail \u00e0 l\u2019adresse\u200a: contact@argoencheres.fr<\/p>\n","protected":false},"excerpt":{"rendered":"Chacun est invit\u00e9 \u00e0 venir avec ses tableaux, bijoux, sculptures, pi\u00e8ces d\u2019or de bourse ou de collection, objets&hellip;\n","protected":false},"author":2,"featured_media":533411,"comment_status":"","ping_status":"","sticky":false,"template":"","format":"standard","meta":{"footnotes":""},"categories":[2820],"tags":[1111,11,1477,4406,33,2880,1777,674,107,1011,27,775,1116,12,25,640,216],"class_list":{"0":"post-533410","1":"post","2":"type-post","3":"status-publish","4":"format-standard","5":"has-post-thumbnail","7":"category-strasbourg","8":"tag-actu","9":"tag-actualites","10":"tag-artisanat","11":"tag-commerce-et-services","12":"tag-economie","13":"tag-edition-strasbourg","14":"tag-eu","15":"tag-europe","16":"tag-fil-info","17":"tag-fr","18":"tag-france","19":"tag-grand-est","20":"tag-immobilier","21":"tag-news","22":"tag-republique-francaise","23":"tag-strasbourg","24":"tag-vie-des-entreprises"},"share_on_mastodon":{"url":"https:\/\/pubeurope.com\/@fr\/115547524598431209","error":""},"_links":{"self":[{"href":"https:\/\/www.europesays.com\/fr\/wp-json\/wp\/v2\/posts\/533410","targetHints":{"allow":["GET"]}}],"collection":[{"href":"https:\/\/www.europesays.com\/fr\/wp-json\/wp\/v2\/posts"}],"about":[{"href":"https:\/\/www.europesays.com\/fr\/wp-json\/wp\/v2\/types\/post"}],"author":[{"embeddable":true,"href":"https:\/\/www.europesays.com\/fr\/wp-json\/wp\/v2\/users\/2"}],"replies":[{"embeddable":true,"href":"https:\/\/www.europesays.com\/fr\/wp-json\/wp\/v2\/comments?post=533410"}],"version-history":[{"count":0,"href":"https:\/\/www.europesays.com\/fr\/wp-json\/wp\/v2\/posts\/533410\/revisions"}],"wp:featuredmedia":[{"embeddable":true,"href":"https:\/\/www.europesays.com\/fr\/wp-json\/wp\/v2\/media\/533411"}],"wp:attachment":[{"href":"https:\/\/www.europesays.com\/fr\/wp-json\/wp\/v2\/media?parent=533410"}],"wp:term":[{"taxonomy":"category","embeddable":true,"href":"https:\/\/www.europesays.com\/fr\/wp-json\/wp\/v2\/categories?post=533410"},{"taxonomy":"post_tag","embeddable":true,"href":"https:\/\/www.europesays.com\/fr\/wp-json\/wp\/v2\/tags?post=533410"}],"curies":[{"name":"wp","href":"https:\/\/api.w.org\/{rel}","templated":true}]}}