{"id":533412,"date":"2025-11-14T10:14:15","date_gmt":"2025-11-14T10:14:15","guid":{"rendered":"https:\/\/www.europesays.com\/fr\/533412\/"},"modified":"2025-11-14T10:14:15","modified_gmt":"2025-11-14T10:14:15","slug":"armee-de-terre-nouvelle-periode-de-recrutements-au-cirfa-terre-de-nice","status":"publish","type":"post","link":"https:\/\/www.europesays.com\/fr\/533412\/","title":{"rendered":"Arm\u00e9e de Terre : nouvelle p\u00e9riode de recrutements au CIRFA Terre de Nice"},"content":{"rendered":"<p>                    <img loading=\"lazy\" decoding=\"async\" src=\"https:\/\/www.europesays.com\/fr\/wp-content\/uploads\/2025\/11\/0a7eb76274bf7f609fd428c16d6763.png\" class=\"img-responsive post-image\" width=\"680\" height=\"510\" alt=\"Arm\u00e9e de Terre : nouvelle\" title=\"Arm\u00e9e de Terre : nouvelle p\u00e9riode de recrutements au CIRFA Terre de Nice \"\/><\/p>\n<p class=\"chapo\">Alors que l\u2019ann\u00e9e 2025 s\u2019ach\u00e8ve sur de tr\u00e8s bons r\u00e9sultats, avec pr\u00e8s de 150 contrats sign\u00e9s au CIRFA Terre de Nice, la mission de recrutement continue. L\u2019arm\u00e9e de Terre lance un appel \u00e0 tous les jeunes Fran\u00e7ais \u00e2g\u00e9s de 17,5 \u00e0 32 ans, motiv\u00e9s et dynamiques, pour rejoindre ses rangs et d\u00e9couvrir une carri\u00e8re riche de sens et d\u2019action.<\/p>\n<p><strong>L\u2019arm\u00e9e de Terre recrute et forme chaque ann\u00e9e 16 000 hommes et femmes dans des m\u00e9tiers divers et exigeants.<\/strong>  L\u2019arm\u00e9e de Terre propose des m\u00e9tiers vari\u00e9s et passionnants dans plus de 100 sp\u00e9cialit\u00e9s, allant de la m\u00e9canique et la logistique aux t\u00e9l\u00e9communications, en passant par le renseignement, la restauration ou encore les m\u00e9tiers combattants. Chaque parcours offre une exp\u00e9rience humaine et professionnelle intense, accompagn\u00e9e de formations continues pour pr\u00e9parer aux missions les plus exigeantes.<\/p>\n<p>Pour qui\u00a0?<\/p>\n<p><strong>Les contrats s\u2019adaptent \u00e0 chaque profil\u00a0:<\/strong><br class=\"autobr\"\/><br \/>\nMilitaire du rang\u00a0: accessible sans dipl\u00f4me<br class=\"autobr\"\/><br \/>\nSous-officier\u00a0: accessible d\u00e8s le Bac<br class=\"autobr\"\/><br \/>\nOfficier\u00a0: accessible \u00e0 partir d\u2019un Bac +2<br class=\"autobr\"\/><br \/>\nAvec des dur\u00e9es de contrat flexibles, allant de 1 \u00e0 9 ans, chacun peut trouver sa place et \u00e9voluer selon ses ambitions.<br class=\"autobr\"\/><br \/>\nRejoindre l\u2019arm\u00e9e de Terre, c\u2019est aussi choisir un<strong> employeur de r\u00e9f\u00e9rence, reconnu pour\u00a0:<\/strong><br class=\"autobr\"\/><br \/>\n\u00catre un des premiers recruteurs de jeunes<br class=\"autobr\"\/><br \/>\nOffrir une exp\u00e9rience professionnelle sans \u00e9quivalent<br class=\"autobr\"\/><br \/>\nGarantir l\u2019\u00e9quit\u00e9 salariale entre hommes et femmes<br class=\"autobr\"\/><br \/>\nD\u00e9velopper des qualit\u00e9s reconnues dans le civil\u00a0: rigueur, fiabilit\u00e9, ma\u00eetrise de soi et go\u00fbt de l\u2019effort<\/p>\n<p>Vous \u00eates curieux et souhaitez en savoir plus\u00a0?<\/p>\n<p>Le CIRFA Terre de Nice invite tous les candidats \u00e0 venir se renseigner au 2 rue Sincaire \u00e0 Nice, du lundi au jeudi de 8h \u00e0 17h et le vendredi de 8h \u00e0 12h. Informations et inscriptions sont \u00e9galement possibles par t\u00e9l\u00e9phone au 04 93 62 78 73 ou sur le site sengager.fr.<\/p>\n<p>Visuel de Une Illustration \u00a9DR<\/p>\n","protected":false},"excerpt":{"rendered":"Alors que l\u2019ann\u00e9e 2025 s\u2019ach\u00e8ve sur de tr\u00e8s bons r\u00e9sultats, avec pr\u00e8s de 150 contrats sign\u00e9s au CIRFA&hellip;\n","protected":false},"author":2,"featured_media":533413,"comment_status":"","ping_status":"","sticky":false,"template":"","format":"standard","meta":{"footnotes":""},"categories":[2819],"tags":[1111,11,2408,1777,674,1011,27,12,2401,882,25],"class_list":{"0":"post-533412","1":"post","2":"type-post","3":"status-publish","4":"format-standard","5":"has-post-thumbnail","7":"category-nice","8":"tag-actu","9":"tag-actualites","10":"tag-appels-d","11":"tag-eu","12":"tag-europe","13":"tag-fr","14":"tag-france","15":"tag-news","16":"tag-nice","17":"tag-provence-alpes-cote-dazur","18":"tag-republique-francaise"},"share_on_mastodon":{"url":"https:\/\/pubeurope.com\/@fr\/115547529661610320","error":""},"_links":{"self":[{"href":"https:\/\/www.europesays.com\/fr\/wp-json\/wp\/v2\/posts\/533412","targetHints":{"allow":["GET"]}}],"collection":[{"href":"https:\/\/www.europesays.com\/fr\/wp-json\/wp\/v2\/posts"}],"about":[{"href":"https:\/\/www.europesays.com\/fr\/wp-json\/wp\/v2\/types\/post"}],"author":[{"embeddable":true,"href":"https:\/\/www.europesays.com\/fr\/wp-json\/wp\/v2\/users\/2"}],"replies":[{"embeddable":true,"href":"https:\/\/www.europesays.com\/fr\/wp-json\/wp\/v2\/comments?post=533412"}],"version-history":[{"count":0,"href":"https:\/\/www.europesays.com\/fr\/wp-json\/wp\/v2\/posts\/533412\/revisions"}],"wp:featuredmedia":[{"embeddable":true,"href":"https:\/\/www.europesays.com\/fr\/wp-json\/wp\/v2\/media\/533413"}],"wp:attachment":[{"href":"https:\/\/www.europesays.com\/fr\/wp-json\/wp\/v2\/media?parent=533412"}],"wp:term":[{"taxonomy":"category","embeddable":true,"href":"https:\/\/www.europesays.com\/fr\/wp-json\/wp\/v2\/categories?post=533412"},{"taxonomy":"post_tag","embeddable":true,"href":"https:\/\/www.europesays.com\/fr\/wp-json\/wp\/v2\/tags?post=533412"}],"curies":[{"name":"wp","href":"https:\/\/api.w.org\/{rel}","templated":true}]}}