{"id":533416,"date":"2025-11-14T10:16:19","date_gmt":"2025-11-14T10:16:19","guid":{"rendered":"https:\/\/www.europesays.com\/fr\/533416\/"},"modified":"2025-11-14T10:16:19","modified_gmt":"2025-11-14T10:16:19","slug":"cest-quoi-ce-son-de-cloche-quon-entend-a-heure-fixe-dans-la-ville-depuis-plusieurs-jours","status":"publish","type":"post","link":"https:\/\/www.europesays.com\/fr\/533416\/","title":{"rendered":"C\u2019est quoi ce son de cloche qu\u2019on entend \u00e0 heure fixe dans la ville depuis plusieurs jours\u00a0?"},"content":{"rendered":"<p>Impossible de ne pas les avoir entendues dans les rues de <a href=\"https:\/\/www.20minutes.fr\/nantes\/\" target=\"_blank\" class=\"c-link c-link--is-underlined\" rel=\"noopener\">Nantes<\/a> ces derniers jours. A heure fixe, une ribambelle de cloches, dont les intonations ne semblent pas <a href=\"https:\/\/www.20minutes.fr\/societe\/4077700-20240226-toutes-heures-insupportable-debat-cloches-eglises-fait-grand-bruit\" class=\"c-link c-link--is-underlined\" target=\"_blank\" rel=\"noopener\">provenir d\u2019une \u00e9glise<\/a>, r\u00e9sonnent dans toute la ville. Si \u00e0 l\u2019oreille, le son n\u2019a rien d\u2019alarmant, il peut faire na\u00eetre quelques interrogations.<\/p>\n<p>Dans le cadre du Voyage en hiver de Nantes \u2013 d\u00e9clinaison hivernale du <a href=\"https:\/\/www.20minutes.fr\/dossier\/voyage-nantes\" target=\"_blank\" class=\"c-link c-link--is-underlined\" rel=\"noopener\">Voyage \u00e0 Nantes \u2013<\/a> et pour c\u00e9l\u00e9brer les f\u00eates de fin d\u2019ann\u00e9e, l\u2019artiste contemporain Dominique Blais a conceptualis\u00e9 un parcours sonore pour faire \u00ab\u00a0vibrer la ville au rythme des cloches\u00a0\u00bb, indique Nantes m\u00e9tropole.<\/p>\n<p>Plusieurs points d\u2019\u00e9coute<\/p>\n<p>Avec la Loire comme point de d\u00e9part, la ballade \u00c0 flot d\u2019airain, est compos\u00e9e de plusieurs points d\u2019\u00e9coute install\u00e9s passerelle Schoelcher, pont Haudaudine, pont Saint-Mihiel en passant par le Lieu unique, porte Saint-Pierre et quai Ceineray. <a href=\"https:\/\/www.20minutes.fr\/nantes\/4173686-20250917-nantes-apres-cinq-ans-silence-cloches-cathedrale-retentiront-nouveau-vendredi\" target=\"_blank\" class=\"c-link c-link--is-underlined\" rel=\"noopener\">Les cloches<\/a> y sonnent toutes les heures, de 9 heures \u00e0 21 heures aux diff\u00e9rents emplacements.<\/p>\n<p>\u00ab\u00a0Temps fort de cette ballade sonore, une sixi\u00e8me cloche de l\u2019abbaye de Fontevraud fait son apparition \u00e0 l\u2019angle du quai Ceineray et du square du Maquis-de-Saffr\u00e9\u00a0\u00bb, pr\u00e9cise la m\u00e9tropole. Cette pi\u00e8ce de cinq tonnes et deux m\u00e8tres de haut baptis\u00e9e \u00ab\u00a0Robert\u00a0\u00bb a \u00e9t\u00e9 con\u00e7ue par la plasticienne Fran\u00e7oise P\u00e9trovitch et sonne \u00e0 13 heures, 17 heures et 18 heures quai Ceineray.<\/p>\n","protected":false},"excerpt":{"rendered":"Impossible de ne pas les avoir entendues dans les rues de Nantes ces derniers jours. A heure fixe,&hellip;\n","protected":false},"author":2,"featured_media":533417,"comment_status":"","ping_status":"","sticky":false,"template":"","format":"standard","meta":{"footnotes":""},"categories":[2818],"tags":[1111,11,1777,674,1011,27,3047,36053,766,12,15830,2636,1306,25],"class_list":{"0":"post-533416","1":"post","2":"type-post","3":"status-publish","4":"format-standard","5":"has-post-thumbnail","7":"category-nantes","8":"tag-actu","9":"tag-actualites","10":"tag-eu","11":"tag-europe","12":"tag-fr","13":"tag-france","14":"tag-loire-atlantique","15":"tag-marche-de-noel","16":"tag-nantes","17":"tag-news","18":"tag-noel","19":"tag-pays-de-la-loire","20":"tag-regions","21":"tag-republique-francaise"},"share_on_mastodon":{"url":"https:\/\/pubeurope.com\/@fr\/115547536350210116","error":""},"_links":{"self":[{"href":"https:\/\/www.europesays.com\/fr\/wp-json\/wp\/v2\/posts\/533416","targetHints":{"allow":["GET"]}}],"collection":[{"href":"https:\/\/www.europesays.com\/fr\/wp-json\/wp\/v2\/posts"}],"about":[{"href":"https:\/\/www.europesays.com\/fr\/wp-json\/wp\/v2\/types\/post"}],"author":[{"embeddable":true,"href":"https:\/\/www.europesays.com\/fr\/wp-json\/wp\/v2\/users\/2"}],"replies":[{"embeddable":true,"href":"https:\/\/www.europesays.com\/fr\/wp-json\/wp\/v2\/comments?post=533416"}],"version-history":[{"count":0,"href":"https:\/\/www.europesays.com\/fr\/wp-json\/wp\/v2\/posts\/533416\/revisions"}],"wp:featuredmedia":[{"embeddable":true,"href":"https:\/\/www.europesays.com\/fr\/wp-json\/wp\/v2\/media\/533417"}],"wp:attachment":[{"href":"https:\/\/www.europesays.com\/fr\/wp-json\/wp\/v2\/media?parent=533416"}],"wp:term":[{"taxonomy":"category","embeddable":true,"href":"https:\/\/www.europesays.com\/fr\/wp-json\/wp\/v2\/categories?post=533416"},{"taxonomy":"post_tag","embeddable":true,"href":"https:\/\/www.europesays.com\/fr\/wp-json\/wp\/v2\/tags?post=533416"}],"curies":[{"name":"wp","href":"https:\/\/api.w.org\/{rel}","templated":true}]}}