{"id":533436,"date":"2025-11-14T10:27:15","date_gmt":"2025-11-14T10:27:15","guid":{"rendered":"https:\/\/www.europesays.com\/fr\/533436\/"},"modified":"2025-11-14T10:27:15","modified_gmt":"2025-11-14T10:27:15","slug":"le-corps-sans-vie-du-jeune-etudiant-de-lem-lyon-retrouve-dans-le-rhone-par-les-enqueteurs","status":"publish","type":"post","link":"https:\/\/www.europesays.com\/fr\/533436\/","title":{"rendered":"le corps sans vie du jeune \u00e9tudiant de l\u2019EM Lyon retrouv\u00e9 dans le Rh\u00f4ne par les enqu\u00eateurs"},"content":{"rendered":"<p>\n    Deux semaines apr\u00e8s sa disparition, le corps du jeune Flynn Ganneval a \u00e9t\u00e9 retrouv\u00e9 jeudi \u00e0 hauteur du barrage entre le Rh\u00f4ne et l\u2019Yzeron, au sud de Lyon.<\/p>\n<p class=\"fig-paragraph\">Apr\u00e8s plusieurs semaines de recherche, le corps sans vie du jeune Flynn Ganneval, \u00e9tudiant\u00a0<a href=\"http:\/\/www.lefigaro.fr\/lyon\/un-etudiant-de-l-em-lyon-porte-disparu-depuis-une-soiree-d-halloween-a-la-confluence-20251103\" data-fig-type=\"NewsFlash\" data-gtm-custom-categorie=\"navigation\" data-gtm-custom-action=\"crossclick\" data-gtm-custom-label=\"Contextuel\" data-gtm-event=\"customEventSPE\" data-fig-domain=\"LEFIGARO\" rel=\"nofollow noopener\" target=\"_blank\">\u00e0 l\u2019EM Lyon<\/a>\u00a0disparu le 30 octobre dernier lors d\u2019une soir\u00e9e d\u2019Halloween, a \u00e9t\u00e9 retrouv\u00e9 jeudi \u00e0 hauteur du barrage entre le Rh\u00f4ne et l\u2019Yzeron, au sud de Lyon, indique le Parquet de Lyon au Figaro, confirmant une information\u00a0<a href=\"https:\/\/actu.fr\/auvergne-rhone-alpes\/oullins-pierre-benite_69149\/le-corps-d-un-homme-retrouve-dans-le-rhone-au-sud-de-lyon-la-police-sur-place_63433040.html\" target=\"_blank\" rel=\"sponsored noopener nofollow\" data-gtm-custom-categorie=\"navigation\" data-gtm-custom-action=\"crossclick\" data-gtm-custom-label=\"Contextuel\" data-gtm-event=\"customEventSPE\">d\u2019ActuLyon<\/a>.<\/p>\n<p class=\"fig-paragraph\">La d\u00e9couverte a \u00e9t\u00e9 r\u00e9alis\u00e9e par les forces de l\u2019ordre engag\u00e9es dans le cadre de l\u2019enqu\u00eate judiciaire diligent\u00e9e par le parquet de Lyon, pr\u00e9cise le bureau du procureur. Les v\u00eatements et les papiers d\u2019identit\u00e9 retrouv\u00e9s sur le corps ont permis de l\u2019identifier comme \u00e9tant celui du jeune Franco-Autrichien, \u00e9tudiant \u00e0 l\u2019<a href=\"https:\/\/www.lefigaro.fr\/actualite-france\/em-lyon-je-veux-renouer-avec-les-eleves-de-prepa-20201124\" data-fig-type=\"Article\" data-gtm-custom-categorie=\"navigation\" data-gtm-custom-action=\"crossclick\" data-gtm-custom-label=\"Contextuel\" data-gtm-event=\"customEventSPE\" data-fig-domain=\"LEFIGARO\" rel=\"nofollow noopener\" target=\"_blank\">EM Lyon<\/a>. \u00abAucune l\u00e9sion n\u2019a \u00e9t\u00e9 d\u00e9couverte et aucun \u00e9l\u00e9ment, en l\u2019\u00e9tat, ne laisse craindre l\u2019intervention d\u2019un tiers\u00bb, pr\u00e9cise le parquet.<\/p>\n<p>                                    <a class=\"fig-a11y-skip a11y-hidden\" href=\"#fig-a11y-skip-main-inarticle\"><br \/>\n        Passer la publicit\u00e9<br \/>\n    <\/a><\/p>\n<p>Une autopsie demand\u00e9e<\/p>\n<p class=\"fig-paragraph\">Le 30 octobre vers 1 heure du matin, le jeune homme a disparu pr\u00e8s des clubs Le Azar et Le Sucre, pr\u00e8s de la Sa\u00f4ne, dans le quartier de la\u00a0<a href=\"http:\/\/www.lefigaro.fr\/lyon\/lyon-la-subvention-du-musee-des-confluences-va-encore-baisser-en-2025-20250228\" data-fig-type=\"NewsFlash\" data-gtm-custom-categorie=\"navigation\" data-gtm-custom-action=\"crossclick\" data-gtm-custom-label=\"Contextuel\" data-gtm-event=\"customEventSPE\" data-fig-domain=\"LEFIGARO\" rel=\"nofollow noopener\" target=\"_blank\">Confluence\u00a0<\/a>apr\u00e8s une soir\u00e9e Halloween. Il s\u2019est \u00e9loign\u00e9 de ses amis quelques instants et n\u2019a plus \u00e9t\u00e9 revu ensuite.<\/p>\n<p class=\"fig-paragraph\">En plus des moyens d\u2019enqu\u00eate polici\u00e8re, les proches de Flynn Ganneval ont men\u00e9\u00a0<a href=\"http:\/\/www.lefigaro.fr\/lyon\/enqueteurs-prives-drones-cagnotte-a-lyon-des-moyens-inedits-pour-retrouver-un-etudiant-disparu-depuis-deux-semaines-20251112\" data-fig-type=\"NewsFlash\" data-gtm-custom-categorie=\"navigation\" data-gtm-custom-action=\"crossclick\" data-gtm-custom-label=\"Contextuel\" data-gtm-event=\"customEventSPE\" data-fig-domain=\"LEFIGARO\" rel=\"nofollow noopener\" target=\"_blank\">des recherches compl\u00e9mentaires par leurs propres moyens<\/a>\u00a0autour de la Confluence et en aval du lieu de disparition. Des drones \u00abavec une technologie de pointe\u00bb ont notamment \u00e9t\u00e9 utilis\u00e9s par des enqu\u00eateurs priv\u00e9s sur tous les quais de Sa\u00f4ne. Une autopsie doit d\u00e9sormais avoir lieu pour d\u00e9terminer la cause de sa mort.<\/p>\n","protected":false},"excerpt":{"rendered":"Deux semaines apr\u00e8s sa disparition, le corps du jeune Flynn Ganneval a \u00e9t\u00e9 retrouv\u00e9 jeudi \u00e0 hauteur du&hellip;\n","protected":false},"author":2,"featured_media":533437,"comment_status":"","ping_status":"","sticky":false,"template":"","format":"standard","meta":{"footnotes":""},"categories":[1889],"tags":[1111,11,2430,2715,1777,674,1011,27,2428,12,7781,25],"class_list":{"0":"post-533436","1":"post","2":"type-post","3":"status-publish","4":"format-standard","5":"has-post-thumbnail","7":"category-lyon","8":"tag-actu","9":"tag-actualites","10":"tag-auvergne-rhone-alpes","11":"tag-disparition","12":"tag-eu","13":"tag-europe","14":"tag-fr","15":"tag-france","16":"tag-lyon","17":"tag-news","18":"tag-noyade","19":"tag-republique-francaise"},"share_on_mastodon":{"url":"https:\/\/pubeurope.com\/@fr\/115547579535371378","error":""},"_links":{"self":[{"href":"https:\/\/www.europesays.com\/fr\/wp-json\/wp\/v2\/posts\/533436","targetHints":{"allow":["GET"]}}],"collection":[{"href":"https:\/\/www.europesays.com\/fr\/wp-json\/wp\/v2\/posts"}],"about":[{"href":"https:\/\/www.europesays.com\/fr\/wp-json\/wp\/v2\/types\/post"}],"author":[{"embeddable":true,"href":"https:\/\/www.europesays.com\/fr\/wp-json\/wp\/v2\/users\/2"}],"replies":[{"embeddable":true,"href":"https:\/\/www.europesays.com\/fr\/wp-json\/wp\/v2\/comments?post=533436"}],"version-history":[{"count":0,"href":"https:\/\/www.europesays.com\/fr\/wp-json\/wp\/v2\/posts\/533436\/revisions"}],"wp:featuredmedia":[{"embeddable":true,"href":"https:\/\/www.europesays.com\/fr\/wp-json\/wp\/v2\/media\/533437"}],"wp:attachment":[{"href":"https:\/\/www.europesays.com\/fr\/wp-json\/wp\/v2\/media?parent=533436"}],"wp:term":[{"taxonomy":"category","embeddable":true,"href":"https:\/\/www.europesays.com\/fr\/wp-json\/wp\/v2\/categories?post=533436"},{"taxonomy":"post_tag","embeddable":true,"href":"https:\/\/www.europesays.com\/fr\/wp-json\/wp\/v2\/tags?post=533436"}],"curies":[{"name":"wp","href":"https:\/\/api.w.org\/{rel}","templated":true}]}}