{"id":533438,"date":"2025-11-14T10:29:14","date_gmt":"2025-11-14T10:29:14","guid":{"rendered":"https:\/\/www.europesays.com\/fr\/533438\/"},"modified":"2025-11-14T10:29:14","modified_gmt":"2025-11-14T10:29:14","slug":"coudray-montceaux-la-gare-renovee-accueille-la-maison-des-berges-de-seine","status":"publish","type":"post","link":"https:\/\/www.europesays.com\/fr\/533438\/","title":{"rendered":"Coudray-Montceaux\u202f:la gare r\u00e9nov\u00e9e accueille la Maison des Berges de Seine"},"content":{"rendered":"<p><img loading=\"lazy\" decoding=\"async\" alt=\"\u00a9Facebook\/Karl Dirat - Au Coudray-Montceau, La Maison des Berges de Seine a \u00e9t\u00e9 officiellement inaugur\u00e9e ce 7 novembre, en pr\u00e9sence notamment de Val\u00e9rie P\u00e9cresse, pr\u00e9sidente de la R\u00e9gion \u00cele-de-France, et d\u2019Aur\u00e9lie Gros.\" data-zoom-src=\"https:\/\/www.europesays.com\/fr\/wp-content\/uploads\/2025\/11\/initial-578101805-10164612345033836-2477544701999641857-n.jpg\" data-zoomable=\"\" height=\"702\" src=\"https:\/\/www.europesays.com\/fr\/wp-content\/uploads\/2025\/11\/initial-578101805-10164612345033836-2477544701999641857-n.jpg\" width=\"1248\"\/>  <\/p>\n<p class=\"article-desc\">\u00a9Facebook\/Karl Dirat &#8211; Au Coudray-Montceau, La Maison des Berges de Seine a \u00e9t\u00e9 officiellement inaugur\u00e9e ce 7 novembre, en pr\u00e9sence notamment de Val\u00e9rie P\u00e9cresse, pr\u00e9sidente de la R\u00e9gion \u00cele-de-France, et d\u2019Aur\u00e9lie Gros. <\/p>\n<p>La <strong>gare du Coudray-Montceaux<\/strong>, en Essonne,\u00a0a chang\u00e9 de visage.\u00a0Alors que\u00a0pr\u00e8s de\u00a085 000 voyageurs\u00a0la fr\u00e9quentent chaque ann\u00e9e pour prendre leur\u00a0train\u00a0sur la ligne du\u00a0<strong>RER D\u00a0<\/strong>entre\u00a0Paris-Gare-de-Lyon\u202fet\u202fMelun\u202f(Seine-et-Marne),\u00a0le\u00a0b\u00e2timent voyageurs,\u00a0ferm\u00e9\u00a0depuis\u00a0plusieurs\u00a0ann\u00e9es, a subi une\u00a0r\u00e9novation compl\u00e8te\u00a0pour accueillir aujourd\u2019hui\u00a0<strong>La\u00a0Maison des\u00a0Berges de Seine<\/strong>.\u00a0Cette r\u00e9habilitation\u00a0s\u2019inscrit dans\u00a0le cadre du\u00a0programme\u00a0\u201c<a href=\"https:\/\/mesinfos.fr\/ile-de-france\/les-locaux-vacants-des-gares-en-quete-de-repreneurs-227650.html\" rel=\"noopener\" target=\"_blank\">Gares de Demain<\/a>\u201c, port\u00e9 par <a href=\"https:\/\/mesinfos.fr\/ile-de-france\/ile-de-france-mobilites-cree-1600-places-de-velos-dans-12-gares-et-stations-111174.html\" rel=\"noopener\" target=\"_blank\">\u00cele-de-France Mobilit\u00e9s<\/a> et <strong>SNCF Gares &amp; Connexions<\/strong>,\u00a0visant\u00a0\u00e0 redonner vie aux petites gares franciliennes en y d\u00e9veloppant des services du quotidien et des activit\u00e9s locales.\u00a0 <\/p>\n<p>Lanc\u00e9 en 2020, le\u00a0programme\u00a0\u201c<strong>Gares de Demain<\/strong>\u201c\u00a0a d\u00e9j\u00e0 permis de r\u00e9aliser\u00a0quatorze\u00a0projets\u00a0parmi lesquels\u00a0une\u00a0boutique de produits locaux\u00a0dans la gare de\u00a0<strong>Santeuil-Le\u00a0Perchay\u00a0<\/strong>et un fleuriste\u00a0dans celle de\u00a0<strong>Bessancourt<\/strong>, toutes\u00a0deux\u00a0situ\u00e9es\u00a0dans le Val d\u2019Oise. Un\u00a0salon de th\u00e9 et lieu culturel\u00a0a vu le jour, lui, dans la gare de\u00a0L&rsquo;\u00c9tang-la-Ville, dans les\u00a0Yvelines.\u00a020 autres\u00a0projets\u00a0ont\u00a0r\u00e9cemment\u00a0\u00e9t\u00e9 retenus\u00a0pour un financement et une r\u00e9alisation progressive entre 2026 et 2028.\u00a0Les\u00a0gares de <strong>Dourdan<\/strong> et de <strong>Saint-Ch\u00e9ron<\/strong>, en Essonne,\u00a0situ\u00e9es sur la ligne du RER C\u00a0\u00e0 partir\u00a0de Br\u00e9tigny-sur-Orge,\u00a0font parties\u00a0de la liste en vue d\u2019une r\u00e9habilitation.\u00a0\u00a0 <\/p>\n<p>Projet financ\u00e9 par\u00a0\u00cele-de-France Mobilit\u00e9s et SNCF Gares &amp; Connexions\u00a0 <\/p>\n<p>Au Coudray-Montceau,\u00a0La Maison des Berges de Seine a \u00e9t\u00e9 officiellement inaugur\u00e9e ce vendredi 7 novembre, en pr\u00e9sence notamment de\u00a0<strong>Val\u00e9rie P\u00e9cresse<\/strong>, Pr\u00e9sidente de la R\u00e9gion \u00cele-de-France, et\u00a0d\u2019<strong>Aur\u00e9lie Gros<\/strong>, l\u2019\u00e9dile. Le projet, dont le co\u00fbt s\u2019\u00e9l\u00e8ve \u00e0\u00a0800 000 euros\u00a0(\u20ac), a b\u00e9n\u00e9fici\u00e9 d\u2019un financement de 500 000 \u20ac par \u00cele-de-France Mobilit\u00e9s et de 300 000 \u20ac par SNCF Gares &amp; Connexions. Les travaux ont permis de restaurer enti\u00e8rement\u00a0le b\u00e2timent voyageurs, de le mettre aux <strong>normes d\u2019accessibilit\u00e9<\/strong>, de r\u00e9nover les structures et menuiseries en bois,\u00a0et\u00a0de refaire la toiture sous la supervision des Architectes des B\u00e2timents de France. <\/p>\n<p>Dor\u00e9navant,\u00a0l\u2019endroit\u00a0dispose, au rez-de-chauss\u00e9e,\u00a0d\u2019un nouvel espace d\u00e9j\u00e0\u00a0ouvert au public\u00a0permettant d\u2019offrir aux voyageurs un <strong>lieu d\u2019\u00e9coute et de service<\/strong>.\u00a0Il\u00a0a aussi pour\u00a0vocation\u00a0d\u2019accueillir\u00a0des\u00a0<strong>activit\u00e9s associatives<\/strong>\u00a0et des \u00e9v\u00e9nements en lien avec la vie de la commune.\u00a0L&rsquo;\u00e9tage est,\u00a0quant \u00e0 lui,\u00a0occup\u00e9 par le\u00a0<strong>club d&rsquo;aviron du Coudray-Montceaux<\/strong>, cr\u00e9\u00e9 en 2012 et affili\u00e9 \u00e0 la F\u00e9d\u00e9ration Fran\u00e7aise dudit sport. La structure sportive, labellis\u00e9e <strong>Aviron Sant\u00e9<\/strong> sous ordonnance et <strong>Aviron Handicaps<\/strong>, b\u00e9n\u00e9ficie d\u00e9sormais de nouveaux espaces d&rsquo;entra\u00eenement couverts pour la saison hivernale.\u00a0<\/p>\n","protected":false},"excerpt":{"rendered":"\u00a9Facebook\/Karl Dirat &#8211; Au Coudray-Montceau, La Maison des Berges de Seine a \u00e9t\u00e9 officiellement inaugur\u00e9e ce 7 novembre,&hellip;\n","protected":false},"author":2,"featured_media":533439,"comment_status":"","ping_status":"","sticky":false,"template":"","format":"standard","meta":{"footnotes":""},"categories":[1592],"tags":[1111,11,1777,674,1011,27,662,12,626,25,10713],"class_list":{"0":"post-533438","1":"post","2":"type-post","3":"status-publish","4":"format-standard","5":"has-post-thumbnail","7":"category-ile-de-france","8":"tag-actu","9":"tag-actualites","10":"tag-eu","11":"tag-europe","12":"tag-fr","13":"tag-france","14":"tag-ile-de-france","15":"tag-news","16":"tag-paris","17":"tag-republique-francaise","18":"tag-u00cele-de-france-mobilitu00e9s"},"share_on_mastodon":{"url":"https:\/\/pubeurope.com\/@fr\/115547588277211211","error":""},"_links":{"self":[{"href":"https:\/\/www.europesays.com\/fr\/wp-json\/wp\/v2\/posts\/533438","targetHints":{"allow":["GET"]}}],"collection":[{"href":"https:\/\/www.europesays.com\/fr\/wp-json\/wp\/v2\/posts"}],"about":[{"href":"https:\/\/www.europesays.com\/fr\/wp-json\/wp\/v2\/types\/post"}],"author":[{"embeddable":true,"href":"https:\/\/www.europesays.com\/fr\/wp-json\/wp\/v2\/users\/2"}],"replies":[{"embeddable":true,"href":"https:\/\/www.europesays.com\/fr\/wp-json\/wp\/v2\/comments?post=533438"}],"version-history":[{"count":0,"href":"https:\/\/www.europesays.com\/fr\/wp-json\/wp\/v2\/posts\/533438\/revisions"}],"wp:featuredmedia":[{"embeddable":true,"href":"https:\/\/www.europesays.com\/fr\/wp-json\/wp\/v2\/media\/533439"}],"wp:attachment":[{"href":"https:\/\/www.europesays.com\/fr\/wp-json\/wp\/v2\/media?parent=533438"}],"wp:term":[{"taxonomy":"category","embeddable":true,"href":"https:\/\/www.europesays.com\/fr\/wp-json\/wp\/v2\/categories?post=533438"},{"taxonomy":"post_tag","embeddable":true,"href":"https:\/\/www.europesays.com\/fr\/wp-json\/wp\/v2\/tags?post=533438"}],"curies":[{"name":"wp","href":"https:\/\/api.w.org\/{rel}","templated":true}]}}