{"id":533457,"date":"2025-11-14T10:39:16","date_gmt":"2025-11-14T10:39:16","guid":{"rendered":"https:\/\/www.europesays.com\/fr\/533457\/"},"modified":"2025-11-14T10:39:16","modified_gmt":"2025-11-14T10:39:16","slug":"un-faux-pilote-aurait-fait-voler-des-airbus-a320-a-travers-leurope-sans-aucun-diplome","status":"publish","type":"post","link":"https:\/\/www.europesays.com\/fr\/533457\/","title":{"rendered":"Un \u00ab\u00a0faux pilote\u00a0\u00bb aurait fait voler des Airbus A320 \u00e0 travers l\u2019Europe sans aucun dipl\u00f4me"},"content":{"rendered":"<p>Une histoire compl\u00e8tement folle. Un \u00ab\u00a0faux pilote\u00a0\u00bb d\u2019<a href=\"https:\/\/www.20minutes.fr\/dossier\/airbus\" class=\"c-link c-link--is-underlined\" target=\"_blank\" rel=\"noopener\">Airbus<\/a> A320 aurait fait voyager des centaines de passagers \u00e0 travers l\u2019<a href=\"https:\/\/www.20minutes.fr\/dossier\/europe\" class=\"c-link c-link--is-underlined\" target=\"_blank\" rel=\"noopener\">Europe<\/a>, le tout sans aucun dipl\u00f4me. L\u2019information a \u00e9t\u00e9 r\u00e9v\u00e9l\u00e9e lundi\u00a0par le m\u00e9dia\u00a0sp\u00e9cialis\u00e9 <a href=\"https:\/\/www.aerotelegraph.com\/sicherheit\/falscher-kapitaen-flog-reisende-durch-europa\/flmgjqe\" target=\"_blank\" class=\"c-link c-link--is-underlined\" rel=\"noopener\">Aero Telegraph<\/a>, et confirm\u00e9e par la <a href=\"https:\/\/www.20minutes.fr\/dossier\/compagnie_aerienne\" class=\"c-link c-link--is-underlined\" target=\"_blank\" rel=\"noopener\">compagnie a\u00e9rienne<\/a> en question, Avion Express.<\/p>\n<p>\u00ab\u00a0Nous confirmons que la personne concern\u00e9e \u00e9tait\u00a0un ancien pilote ayant travaill\u00e9 pour notre entreprise. L\u2019entreprise a r\u00e9cemment pris connaissance d\u2019informations non v\u00e9rifi\u00e9es concernant son exp\u00e9rience professionnelle\u00a0\u00bb, indique un porte-parole de la compagnie lituanienne, pr\u00e9cisant qu\u2019une enqu\u00eate interne a \u00ab\u00a0imm\u00e9diatement\u00a0\u00bb \u00e9t\u00e9 ouverte. Elle est toujours en cours.<\/p>\n<p>Il aurait falsifi\u00e9 des documents<\/p>\n<p>Avant de rejoindre la compagnie lituanienne, l\u2019homme concern\u00e9\u00a0aurait seulement\u00a0occup\u00e9 un poste de copilote chez Garuda Indonesia. Il\u00a0aurait falsifi\u00e9 des documents sur son exp\u00e9rience professionnelle afin d\u2019\u00eatre embauch\u00e9 comme commandant de bord sur des\u00a0Airbus A320. Pourtant, Avion Express insiste sur le fait qu\u2019elle respecte des proc\u00e9dures de recrutement \u00ab\u00a0strictes\u00a0\u00bb afin de garantir la s\u00e9curit\u00e9 de ses vols.<\/p>\n<\/p>\n<p>Le \u00ab\u00a0faux pilote\u00a0\u00bb aurait op\u00e9r\u00e9\u00a0dans plusieurs pays europ\u00e9ens jusqu\u2019\u00e0 cet \u00e9t\u00e9. Il est suspendu depuis.\u00a0D\u2019apr\u00e8s le m\u00e9dia sp\u00e9cialis\u00e9, il aurait \u00e9galement travaill\u00e9 pour des compagnies a\u00e9riennes d\u2019Europe occidentale, notamment Eurowings. La compagnie allemande affirme avoir fait appel \u00e0 ses \u00ab\u00a0experts en s\u00e9curit\u00e9 afin qu\u2019ils proc\u00e8dent \u00e0 un examen plus approfondi\u00a0\u00bb.<\/p>\n","protected":false},"excerpt":{"rendered":"Une histoire compl\u00e8tement folle. Un \u00ab\u00a0faux pilote\u00a0\u00bb d\u2019Airbus A320 aurait fait voyager des centaines de passagers \u00e0 travers&hellip;\n","protected":false},"author":2,"featured_media":533458,"comment_status":"","ping_status":"","sticky":false,"template":"","format":"standard","meta":{"footnotes":""},"categories":[1586],"tags":[47,11,60756,37,8763,1777,674,1011,27,1757,74,12,25],"class_list":{"0":"post-533457","1":"post","2":"type-post","3":"status-publish","4":"format-standard","5":"has-post-thumbnail","7":"category-europe","8":"tag-actualite","9":"tag-actualites","10":"tag-airbus-a320","11":"tag-avion","12":"tag-compagnie-aerienne","13":"tag-eu","14":"tag-europe","15":"tag-fr","16":"tag-france","17":"tag-insolite","18":"tag-monde","19":"tag-news","20":"tag-republique-francaise"},"share_on_mastodon":{"url":"https:\/\/pubeurope.com\/@fr\/115547626809730140","error":""},"_links":{"self":[{"href":"https:\/\/www.europesays.com\/fr\/wp-json\/wp\/v2\/posts\/533457","targetHints":{"allow":["GET"]}}],"collection":[{"href":"https:\/\/www.europesays.com\/fr\/wp-json\/wp\/v2\/posts"}],"about":[{"href":"https:\/\/www.europesays.com\/fr\/wp-json\/wp\/v2\/types\/post"}],"author":[{"embeddable":true,"href":"https:\/\/www.europesays.com\/fr\/wp-json\/wp\/v2\/users\/2"}],"replies":[{"embeddable":true,"href":"https:\/\/www.europesays.com\/fr\/wp-json\/wp\/v2\/comments?post=533457"}],"version-history":[{"count":0,"href":"https:\/\/www.europesays.com\/fr\/wp-json\/wp\/v2\/posts\/533457\/revisions"}],"wp:featuredmedia":[{"embeddable":true,"href":"https:\/\/www.europesays.com\/fr\/wp-json\/wp\/v2\/media\/533458"}],"wp:attachment":[{"href":"https:\/\/www.europesays.com\/fr\/wp-json\/wp\/v2\/media?parent=533457"}],"wp:term":[{"taxonomy":"category","embeddable":true,"href":"https:\/\/www.europesays.com\/fr\/wp-json\/wp\/v2\/categories?post=533457"},{"taxonomy":"post_tag","embeddable":true,"href":"https:\/\/www.europesays.com\/fr\/wp-json\/wp\/v2\/tags?post=533457"}],"curies":[{"name":"wp","href":"https:\/\/api.w.org\/{rel}","templated":true}]}}