{"id":533471,"date":"2025-11-14T10:47:12","date_gmt":"2025-11-14T10:47:12","guid":{"rendered":"https:\/\/www.europesays.com\/fr\/533471\/"},"modified":"2025-11-14T10:47:12","modified_gmt":"2025-11-14T10:47:12","slug":"coupe-davis-alcaraz-attend-une-reforme-il-faut-absolument-quils-fassent-quelque-chose-pour-cet-evenement-jouer-chaque-annee-ce-nest-pas-aussi-bien-que-si-on-y-jouait-tous-les-deux-ou-trois-an","status":"publish","type":"post","link":"https:\/\/www.europesays.com\/fr\/533471\/","title":{"rendered":"Coupe Davis > Alcaraz attend une r\u00e9forme : \u00ab\u00a0Il faut absolument qu&rsquo;ils fassent quelque chose pour cet \u00e9v\u00e9nement. Jouer chaque ann\u00e9e, ce n&rsquo;est pas aussi bien que si on y jouait tous les deux ou trois ans\u00a0\u00bb"},"content":{"rendered":"<p>Lors de sa conf\u00e9\u00adrence de presse, Carlos qui parti\u00adci\u00adpera \u00e0 la finale de la Coupe Davis a exprim\u00e9 l\u2019id\u00e9e qu\u2019il fallait abso\u00adlu\u00adment r\u00e9aliser une r\u00e9forme de cette comp\u00e9\u00adti\u00adtion l\u00e9gendaire.<\/p>\n<p>\u00ab\u202f<strong>Franchement, je pense que la Coupe Davis fait partie de ces tour\u00adnois auxquels on n\u2019est pas habitu\u00e9, car on joue pour son pays, avec ses co\u00e9qui\u00adpiers. C\u2019est compl\u00e8\u00adte\u00adment diff\u00e9\u00adrent. Je crois que repr\u00e9\u00adsenter son pays est l\u2019un des plus grands privi\u00adl\u00e8ges qu\u2019on puisse avoir dans notre sport. Je suis d\u2019ac\u00adcord, il faut abso\u00adlu\u00adment qu\u2019ils fassent quelque chose pour cet \u00e9v\u00e9ne\u00adment. Jouer chaque ann\u00e9e, ce n\u2019est pas aussi bien que si on y jouait tous les deux ou trois ans. Je pense que si le tournoi avait lieu tous les deux ou trois ans, l\u2019en\u00adga\u00adge\u00adment des joueurs serait encore plus fort, car ce serait un \u00e9v\u00e9ne\u00adment unique et diff\u00e9\u00adrent. On ne peut pas y jouer tous les ans. Je dirais qu\u2019ils doivent faire quelque chose pour rendre la Coupe Davis unique\u202f\u00bb<\/strong><\/p>\n<p class=\"post-published-date\" style=\"color: silver; font-size: 75%; text-align: left;\">Publi\u00e9 le vendredi 14 novembre 2025 \u00e0 10:10<\/p>\n","protected":false},"excerpt":{"rendered":"Lors de sa conf\u00e9\u00adrence de presse, Carlos qui parti\u00adci\u00adpera \u00e0 la finale de la Coupe Davis a exprim\u00e9&hellip;\n","protected":false},"author":2,"featured_media":533472,"comment_status":"","ping_status":"","sticky":false,"template":"","format":"standard","meta":{"footnotes":""},"categories":[1415],"tags":[1744,1011,27,60,1467],"class_list":{"0":"post-533471","1":"post","2":"type-post","3":"status-publish","4":"format-standard","5":"has-post-thumbnail","7":"category-tennis","8":"tag-alcaraz","9":"tag-fr","10":"tag-france","11":"tag-sports","12":"tag-tennis"},"share_on_mastodon":{"url":"https:\/\/pubeurope.com\/@fr\/115547658215950482","error":""},"_links":{"self":[{"href":"https:\/\/www.europesays.com\/fr\/wp-json\/wp\/v2\/posts\/533471","targetHints":{"allow":["GET"]}}],"collection":[{"href":"https:\/\/www.europesays.com\/fr\/wp-json\/wp\/v2\/posts"}],"about":[{"href":"https:\/\/www.europesays.com\/fr\/wp-json\/wp\/v2\/types\/post"}],"author":[{"embeddable":true,"href":"https:\/\/www.europesays.com\/fr\/wp-json\/wp\/v2\/users\/2"}],"replies":[{"embeddable":true,"href":"https:\/\/www.europesays.com\/fr\/wp-json\/wp\/v2\/comments?post=533471"}],"version-history":[{"count":0,"href":"https:\/\/www.europesays.com\/fr\/wp-json\/wp\/v2\/posts\/533471\/revisions"}],"wp:featuredmedia":[{"embeddable":true,"href":"https:\/\/www.europesays.com\/fr\/wp-json\/wp\/v2\/media\/533472"}],"wp:attachment":[{"href":"https:\/\/www.europesays.com\/fr\/wp-json\/wp\/v2\/media?parent=533471"}],"wp:term":[{"taxonomy":"category","embeddable":true,"href":"https:\/\/www.europesays.com\/fr\/wp-json\/wp\/v2\/categories?post=533471"},{"taxonomy":"post_tag","embeddable":true,"href":"https:\/\/www.europesays.com\/fr\/wp-json\/wp\/v2\/tags?post=533471"}],"curies":[{"name":"wp","href":"https:\/\/api.w.org\/{rel}","templated":true}]}}