{"id":533475,"date":"2025-11-14T10:53:22","date_gmt":"2025-11-14T10:53:22","guid":{"rendered":"https:\/\/www.europesays.com\/fr\/533475\/"},"modified":"2025-11-14T10:53:22","modified_gmt":"2025-11-14T10:53:22","slug":"avec-marjolaine-gaetan-roussel-cultive-toujours-le-gout-des-autres-actualites","status":"publish","type":"post","link":"https:\/\/www.europesays.com\/fr\/533475\/","title":{"rendered":"Avec \u00ab\u00a0Marjolaine\u00a0\u00bb, Ga\u00ebtan Roussel cultive toujours le go\u00fbt des autres : Actualit\u00e9s"},"content":{"rendered":"<p class=\"lead \">Jamais loin de sa guitare \u00e0 53 ans, Ga\u00ebtan Roussel fait r\u00e9sonner sa voix, connue de plusieurs g\u00e9n\u00e9rations depuis le succ\u00e8s du groupe folk-rock Louise Attaque, dans les ballades de son nouvel album \u00ab\u00a0Marjolaine\u00a0\u00bb, qui sort vendredi.<\/p>\n<p class=\"lead \">En choisissant ce titre, le chanteur aux textes po\u00e9tiques et \u00e0 la voix un brin rocailleuse fait une double r\u00e9f\u00e9rence, \u00e0 une plante aromatique mais aussi \u00e0 un pr\u00e9nom \u00ab\u00a0propice \u00e0 l&rsquo;imaginaire\u00a0\u00bb, a-t-il confi\u00e9 \u00e0 l&rsquo;AFP lors d&rsquo;une rencontre \u00e0 Paris.<\/p>\n<p class=\"lead \">Dans cet opus toujours introspectif mais plus zen que l&rsquo;\u00e9poque \u00ab\u00a0Help Myself (Nous ne faisons que passer)\u00a0\u00bb en 2010, Ga\u00ebtan Roussel, qui repartira en tourn\u00e9e au printemps prochain, a conserv\u00e9 intact son go\u00fbt des autres, signant deux duos avec le v\u00e9t\u00e9ran Bernard Lavilliers et la r\u00e9v\u00e9lation Solann. <\/p>\n<p class=\"lead \"><strong>QUESTION: Dans quel \u00e9tat d&rsquo;esprit avez-vous cr\u00e9\u00e9 ce sixi\u00e8me album solo ?<\/strong><\/p>\n<p class=\"lead \">REPONSE: \u00ab\u00a0Quand j&rsquo;ai commenc\u00e9 \u00e0 l&rsquo;\u00e9crire, je cherchais \u00e0 garder une colonne vert\u00e9brale li\u00e9e \u00e0 ma guitare acoustique. J&rsquo;avais envie de faire un album simple, limpide, lisible, direct, m\u00e9lodique. Et d&rsquo;aller vers des gens que je ne connaissais pas encore (comme les producteurs Marso, ou encore Marlon B qui a notamment travaill\u00e9 pour Juliette Armanet, NDLR). Mais je voulais aussi que ma voix penche du c\u00f4t\u00e9 des mots plut\u00f4t que des notes.\u00a0\u00bb<\/p>\n<p class=\"lead \"><strong>Q: Que repr\u00e9sente le fait de sortir un album, \u00e0 une \u00e9poque o\u00f9 la musique se consomme de plus en plus en streaming ?<\/strong><\/p>\n<p class=\"lead \">R: \u00ab\u00a0Aujourd&rsquo;hui, souvent, on se pose cette question: est-ce qu&rsquo;on sort un album dans son int\u00e9gralit\u00e9 ? Est-ce qu&rsquo;on peut sortir des chansons, parce que le format playlist fonctionne beaucoup, \u00e0 raison ? Moi, je crois que \u00e7a vaut toujours le coup. D&rsquo;ailleurs, il y a plein de disques qui sortent encore, quel que soit le style musical. Il y a une histoire qui est racont\u00e9e. Donc cr\u00e9er un album o\u00f9 les ballades vous prennent par la main et votre propre interpr\u00e9tation se met \u00e0 travailler, \u00e7a me pla\u00eet.\u00a0\u00bb <\/p>\n<p class=\"lead \"><strong>Q: Pourquoi avoir eu envie de partager un duo avec Solann, un des nouveaux visages de la sc\u00e8ne fran\u00e7aise ?<\/strong><\/p>\n<p class=\"lead \">R: \u00ab\u00a0Parce que j&rsquo;aime sa singularit\u00e9, j&rsquo;aime sa voix. Chanter avec quelqu&rsquo;un d&rsquo;autre, \u00e9crire une chanson avec quelqu&rsquo;un d&rsquo;autre, c&rsquo;est parler de la m\u00eame chose, mais de mani\u00e8re diff\u00e9rente. Quand on n&rsquo;est pas de la m\u00eame g\u00e9n\u00e9ration, on ne va pas forc\u00e9ment utiliser les m\u00eames mots, on n&rsquo;interpr\u00e8te pas les notes de la m\u00eame mani\u00e8re. Cette id\u00e9e de confronter mon univers \u00e0 d&rsquo;autres, ce n&rsquo;est pas du tout le perdre, au contraire, c&rsquo;est l&rsquo;enrichir.\u00a0\u00bb <\/p>\n<p class=\"lead \"><strong>Q: Les rencontres sont inscrites dans l&rsquo;ADN de votre parcours artistique&#8230;<\/strong><\/p>\n<p class=\"lead \">R: \u00ab\u00a0Je suis n\u00e9 en groupe, avec mes camarades de Louise Attaque. Il y avait d\u00e9j\u00e0 cette d\u00e9marche de collectif. J&rsquo;ai fait un pr\u00e9c\u00e9dent album, +\u00c9clect!que+ (2023), qui n&rsquo;est qu&rsquo;un album de duos tr\u00e8s vari\u00e9s. Faire partie d&rsquo;un groupe, \u00eatre en solo, avoir la chance de produire l&rsquo;album des autres, \u00e9crire pour d&rsquo;autres (comme pour Vanessa Paradis ou Louane, NDLR), tout \u00e7a tourne autour des mots et de la m\u00e9lodie. \u00c7a fait plus de 25 ans que je fais ce m\u00e9tier, que j&rsquo;ai la chance d&rsquo;en vivre. Si je m&rsquo;ennuyais, je m&rsquo;en voudrais. Donc, je fais mon maximum pour ne pas m&rsquo;ennuyer.\u00a0\u00bb<\/p>\n<p class=\"lead \"><strong>Q: Ce que vous d\u00e9crivez semble \u00e0 l&rsquo;oppos\u00e9 de la musique g\u00e9n\u00e9r\u00e9e par intelligence artificielle, \u00e0 base d&rsquo;un simple prompt&#8230;<\/strong><\/p>\n<p class=\"lead \">R: \u00ab\u00a0Je crois que nous avons besoin de plus en plus &#8211; et \u00e7a ne va pas s&rsquo;arr\u00eater &#8211; d&rsquo;humains. Je vois l&rsquo;artiste Ril\u00e8s qui a fait une performance de 24 heures (le rappeur a produit lui-m\u00eame ses pochettes d&rsquo;album \u00e0 la cha\u00eene, en octobre, NDLR). C&rsquo;est une d\u00e9marche qui prouve bien que ce qu&rsquo;on souhaite finalement, c&rsquo;est avoir un peu de l&rsquo;autre et un peu de son humanit\u00e9. Donc je crois que ce n&rsquo;est pas perdu. De temps en temps, on se prom\u00e8ne dans des contre-all\u00e9es, mais ce fil-l\u00e0 n&rsquo;est pas du tout cass\u00e9.\u00a0\u00bb<\/p>\n<p class=\"small font-weight-bold text-gray3 \"> publi\u00e9 le 14 novembre \u00e0 09h19, AFP<\/p>\n<p>                             Partager<\/p>\n","protected":false},"excerpt":{"rendered":"Jamais loin de sa guitare \u00e0 53 ans, Ga\u00ebtan Roussel fait r\u00e9sonner sa voix, connue de plusieurs g\u00e9n\u00e9rations&hellip;\n","protected":false},"author":2,"featured_media":533476,"comment_status":"","ping_status":"","sticky":false,"template":"","format":"standard","meta":{"footnotes":""},"categories":[1359],"tags":[1971,58,59,1011,27,873,973],"class_list":{"0":"post-533475","1":"post","2":"type-post","3":"status-publish","4":"format-standard","5":"has-post-thumbnail","7":"category-people","8":"tag-clbrits","9":"tag-divertissement","10":"tag-entertainment","11":"tag-fr","12":"tag-france","13":"tag-musique","14":"tag-people"},"share_on_mastodon":{"url":"https:\/\/pubeurope.com\/@fr\/115547681860716844","error":""},"_links":{"self":[{"href":"https:\/\/www.europesays.com\/fr\/wp-json\/wp\/v2\/posts\/533475","targetHints":{"allow":["GET"]}}],"collection":[{"href":"https:\/\/www.europesays.com\/fr\/wp-json\/wp\/v2\/posts"}],"about":[{"href":"https:\/\/www.europesays.com\/fr\/wp-json\/wp\/v2\/types\/post"}],"author":[{"embeddable":true,"href":"https:\/\/www.europesays.com\/fr\/wp-json\/wp\/v2\/users\/2"}],"replies":[{"embeddable":true,"href":"https:\/\/www.europesays.com\/fr\/wp-json\/wp\/v2\/comments?post=533475"}],"version-history":[{"count":0,"href":"https:\/\/www.europesays.com\/fr\/wp-json\/wp\/v2\/posts\/533475\/revisions"}],"wp:featuredmedia":[{"embeddable":true,"href":"https:\/\/www.europesays.com\/fr\/wp-json\/wp\/v2\/media\/533476"}],"wp:attachment":[{"href":"https:\/\/www.europesays.com\/fr\/wp-json\/wp\/v2\/media?parent=533475"}],"wp:term":[{"taxonomy":"category","embeddable":true,"href":"https:\/\/www.europesays.com\/fr\/wp-json\/wp\/v2\/categories?post=533475"},{"taxonomy":"post_tag","embeddable":true,"href":"https:\/\/www.europesays.com\/fr\/wp-json\/wp\/v2\/tags?post=533475"}],"curies":[{"name":"wp","href":"https:\/\/api.w.org\/{rel}","templated":true}]}}