{"id":533479,"date":"2025-11-14T10:56:13","date_gmt":"2025-11-14T10:56:13","guid":{"rendered":"https:\/\/www.europesays.com\/fr\/533479\/"},"modified":"2025-11-14T10:56:13","modified_gmt":"2025-11-14T10:56:13","slug":"jespere-que-vous-mesurez-la-taille-reglementaire-marine-star-academy-se-lance-dans-une-nouvelle-aventure","status":"publish","type":"post","link":"https:\/\/www.europesays.com\/fr\/533479\/","title":{"rendered":"\u00ab\u00a0J&rsquo;esp\u00e8re que vous mesurez la taille r\u00e9glementaire&#8230;\u00a0\u00bb : Marine (Star Academy) se lance dans une nouvelle aventure !"},"content":{"rendered":"<p class=\"ap-StoryElement ap-StoryElement--mb ap-StoryText\">Rien ne semble pouvoir arr\u00eater Marine, la grande gagnante de la saison 12 de la Star Academy et R\u00e9v\u00e9lation f\u00e9minine francophone de l&rsquo;ann\u00e9e aux NRJ Music Awards.<\/p>\n<p class=\"ap-StoryElement ap-StoryElement--mb ap-StoryText\">Apr\u00e8s avoir d\u00e9croch\u00e9 son tout premier troph\u00e9e le 31 octobre dernier et vu son titre \u00ab\u00a0Reste d&rsquo;averses\u00a0\u00bb choisi comme g\u00e9n\u00e9rique du film Regretting You, la jeune artiste s&rsquo;attaque d\u00e9sormais \u00e0 un tout nouveau domaine : le cin\u00e9ma !<\/p>\n<p><a href=\"https:\/\/www.dhnet.be\/medias\/television\/2025\/11\/13\/je-ne-comprends-pas-cette-mise-a-lecart-une-ancienne-finaliste-de-la-star-academy-absente-du-prime-des-anciens-ce-vendredi-YTCE2YW2WRCF5HOXOOMKTXJ22A\/\" target=\"_self\" class=\"ap-StoryInterstitialLink ap-StoryElement ap-StoryElement--mb\" rel=\"noopener\">\u00ab\u00a0Je ne comprends pas cette mise \u00e0 l&rsquo;\u00e9cart\u00a0\u00bb: une ancienne finaliste de la Star Academy absente du prime des anciens ce vendredi<\/a><b>Apr\u00e8s la musique, le cin\u00e9ma <\/b><\/p>\n<p class=\"ap-StoryElement ap-StoryElement--mb ap-StoryText\">C&rsquo;est avec humour qu&rsquo;elle a annonc\u00e9 la nouvelle ce jeudi : \u00ab\u00a0J&rsquo;esp\u00e8re que vous mesurez la taille r\u00e9glementaire&#8230;\u00a0\u00bb, a-t-elle publi\u00e9 sur son compte Instagram. Un clin d&rsquo;\u0153il \u00e0 son prochain projet, puisqu&rsquo;elle pr\u00eatera bient\u00f4t sa voix \u00e0 un personnage de dessin anim\u00e9. \u00ab\u00a0Quel r\u00eave de doubler une voix dans un dessin anim\u00e9 !\u00a0\u00bb, continue celle qui incarnera l&rsquo;ouvreuse d&rsquo;un parc d&rsquo;attractions dans \u00ab\u00a0Bob l&rsquo;\u00e9ponge \u2013 Le film : un pour tous, tous pirates !\u00a0\u00bb, attendu dans les salles le 24 d\u00e9cembre prochain.<\/p>\n","protected":false},"excerpt":{"rendered":"Rien ne semble pouvoir arr\u00eater Marine, la grande gagnante de la saison 12 de la Star Academy et&hellip;\n","protected":false},"author":2,"featured_media":533480,"comment_status":"","ping_status":"","sticky":false,"template":"","format":"standard","meta":{"footnotes":""},"categories":[1356],"tags":[6516,58,59,3057,1011,27,1227,3754,1361,252,1364],"class_list":{"0":"post-533479","1":"post","2":"type-post","3":"status-publish","4":"format-standard","5":"has-post-thumbnail","7":"category-television","8":"tag-award","9":"tag-divertissement","10":"tag-entertainment","11":"tag-essential","12":"tag-fr","13":"tag-france","14":"tag-horizontal","15":"tag-media","16":"tag-music","17":"tag-television","18":"tag-tv"},"share_on_mastodon":{"url":"https:\/\/pubeurope.com\/@fr\/115547693759193813","error":""},"_links":{"self":[{"href":"https:\/\/www.europesays.com\/fr\/wp-json\/wp\/v2\/posts\/533479","targetHints":{"allow":["GET"]}}],"collection":[{"href":"https:\/\/www.europesays.com\/fr\/wp-json\/wp\/v2\/posts"}],"about":[{"href":"https:\/\/www.europesays.com\/fr\/wp-json\/wp\/v2\/types\/post"}],"author":[{"embeddable":true,"href":"https:\/\/www.europesays.com\/fr\/wp-json\/wp\/v2\/users\/2"}],"replies":[{"embeddable":true,"href":"https:\/\/www.europesays.com\/fr\/wp-json\/wp\/v2\/comments?post=533479"}],"version-history":[{"count":0,"href":"https:\/\/www.europesays.com\/fr\/wp-json\/wp\/v2\/posts\/533479\/revisions"}],"wp:featuredmedia":[{"embeddable":true,"href":"https:\/\/www.europesays.com\/fr\/wp-json\/wp\/v2\/media\/533480"}],"wp:attachment":[{"href":"https:\/\/www.europesays.com\/fr\/wp-json\/wp\/v2\/media?parent=533479"}],"wp:term":[{"taxonomy":"category","embeddable":true,"href":"https:\/\/www.europesays.com\/fr\/wp-json\/wp\/v2\/categories?post=533479"},{"taxonomy":"post_tag","embeddable":true,"href":"https:\/\/www.europesays.com\/fr\/wp-json\/wp\/v2\/tags?post=533479"}],"curies":[{"name":"wp","href":"https:\/\/api.w.org\/{rel}","templated":true}]}}