{"id":533483,"date":"2025-11-14T10:58:19","date_gmt":"2025-11-14T10:58:19","guid":{"rendered":"https:\/\/www.europesays.com\/fr\/533483\/"},"modified":"2025-11-14T10:58:19","modified_gmt":"2025-11-14T10:58:19","slug":"les-internautes-souffles-par-la-bande-annonce-du-diable-shabille-en-prada-2","status":"publish","type":"post","link":"https:\/\/www.europesays.com\/fr\/533483\/","title":{"rendered":"les internautes souffl\u00e9s par la bande-annonce du Diable s\u2019habille en Prada 2"},"content":{"rendered":"<p>\n    D\u00e9voil\u00e9e le 12 novembre, la premi\u00e8re bande-annonce officielle du nouveau volet du film culte des ann\u00e9es 2000 avec Meryl Streep et Anne Hathaway a fait son petit effet sur les r\u00e9seaux sociaux.<\/p>\n<p class=\"fig-paragraph\">Depuis le 30 juin, date \u00e0 laquelle\u00a0<a href=\"http:\/\/madame.lefigaro.fr\/style\/news\/accrochez-vos-ceintures-l-annonce-d-un-diable-s-habille-en-prada-2-avec-meryl-streep-et-anne-hathaway-hysterise-les-reseaux-sociaux-20250701\" target=\"_blank\" data-fig-type=\"Article\" rel=\"noopener\" data-gtm-custom-categorie=\"navigation\" data-gtm-custom-action=\"crossclick\" data-gtm-custom-label=\"Contextuel\" data-gtm-event=\"customEventSPE\" data-fig-domain=\"MADAME\">un myst\u00e9rieux teaser du Diable s\u2019habille en Prada 2 a \u00e9t\u00e9 d\u00e9voil\u00e9<\/a>, les fans de mode et de cin\u00e9ma n\u2019attendaient qu\u2019une chose\u00a0: voir, de leurs propres yeux, les premi\u00e8res images film\u00e9es et mont\u00e9es de ce deuxi\u00e8me volet. V\u0153u exauc\u00e9 le 12 novembre en fin de journ\u00e9e lorsque l\u2019actrice Anne Hathaway, qui c\u00e9l\u00e9brait en m\u00eame temps ses 43 ans, a partag\u00e9 sur son compte Instagram la premi\u00e8re, et tant attendue, bande-annonce officielle. Quelques secondes de vid\u00e9o rythm\u00e9es par l\u2019embl\u00e9matique titre Vogue de Madonna, o\u00f9\u00a0<a href=\"http:\/\/madame.lefigaro.fr\/style\/news\/face-a-une-anna-wintour-surprise-meryl-streep-debarque-en-miranda-priestly-au-defile-dolce-gabbana-20250927\" target=\"_blank\" data-fig-type=\"Article\" rel=\"noopener\" data-gtm-custom-categorie=\"navigation\" data-gtm-custom-action=\"crossclick\" data-gtm-custom-label=\"Contextuel\" data-gtm-event=\"customEventSPE\" data-fig-domain=\"MADAME\">Miranda Priestley<\/a>, incarn\u00e9e par Meryl Streep, d\u00e9ambule dans les couloirs du magazine Runway en chaussures Valentino, avant d\u2019\u00eatre rejointe dans l\u2019ascenseur par Andy Sachs. Assez symbolique pour \u00abhyst\u00e9riser\u00bb Internet.<\/p>\n<p>    Meryl Streep et Anne Hathaway dans la premi\u00e8re bande-annonce du Diable s\u2019habille en Prada 2.<br \/>\n                Capture d\u2019\u00e9cran<\/p>\n<p>\u00abJe me suis litt\u00e9ralement assise pour regarder\u00bb<\/p>\n<p class=\"fig-paragraph\">Lik\u00e9e par plus de 4 millions de personnes et d\u00e9j\u00e0 visionn\u00e9e plus de 52 millions de fois rien que sur le compte Instagram d\u2019<a href=\"http:\/\/madame.lefigaro.fr\/celebrites\/actu-people\/c-est-l-anniversaire-de-tout-le-monde-anne-hathaway-fete-ses-43-ans-en-devoilant-le-premier-teaser-du-diable-s-habille-en-prada-2-20251113\" target=\"_blank\" data-fig-type=\"Article\" rel=\"noopener\" data-gtm-custom-categorie=\"navigation\" data-gtm-custom-action=\"crossclick\" data-gtm-custom-label=\"Contextuel\" data-gtm-event=\"customEventSPE\" data-fig-domain=\"MADAME\">Anne Hathaway<\/a>, cette bande-annonce a fait l\u2019objet d\u2019une bombe chez les passionn\u00e9s de mode. \u00abJe me suis litt\u00e9ralement assise pour regarder\u00bb, \u00abJ\u2019ai attendu toute ma vie pour vivre ce moment\u00bb, \u00abJe n\u2019ai pas \u00e9t\u00e9 aussi excit\u00e9e depuis le jour o\u00f9 j\u2019ai r\u00e9cup\u00e9r\u00e9 toute ma garde-robe apr\u00e8s mon divorce\u00a0!\u00bb, \u00abJe ne peux m\u00eame pas expliquer ce que cela repr\u00e9sente pour moi\u00bb, peut-on lire sous la publication Instagram d\u2019Anne Hathaway. \u00abC\u2019\u00e9tait un vrai plaisir de vous entra\u00eener tous les trois pour ce film\u00a0! J\u2019ai h\u00e2te de le voir\u00a0!\u00bb, a de son c\u00f4t\u00e9 comment\u00e9 la coach Monique Eastwood en incluant l\u2019acteur Stanley Tucci dans son mot, tandis que Donatella Versace a souhait\u00e9 un bon anniversaire \u00e0 l\u2019actrice am\u00e9ricaine.<\/p>\n<p>                                    <a class=\"fig-a11y-skip a11y-hidden\" href=\"#fig-a11y-skip-main-inarticle\"><br \/>\n        Passer la publicit\u00e9<br \/>\n    <\/a><\/p>\n<p class=\"fig-paragraph\">Les commentaires enjou\u00e9s se sont aussi multipli\u00e9s sous une publication de Variety, qui a \u00e9t\u00e9 l\u2019un des premiers m\u00e9dias \u00e0 divulguer la bande-annonce sur son compte Instagram\u00a0: \u00abMon c\u0153ur s\u2019est arr\u00eat\u00e9\u00bb, \u00abC\u2019est \u00e7a, montrez aux gens comment on r\u00e9alise une suite\u00a0!\u00bb, \u00abMeryl Streep est magnifique\u00bb, \u00abJ\u2019ai h\u00e2te\u00a0! C\u2019est incroyable \u00e0 quel point elles ont vieilli comme du bon vin\u00bb, \u00abJe suis contente que ce soit toujours le casting original. J\u2019aurais \u00e9t\u00e9 d\u00e9\u00e7ue si cela n\u2019avait pas \u00e9t\u00e9 le cas.\u00bb Des r\u00e9actions largement plus enthousiastes qu\u2019il y a quelques mois, o\u00f9 beaucoup d\u2019internautes craignaient que les costumes du film, pourtant toujours sign\u00e9s par Patricia Field, ne soient pas \u00e0 la hauteur du premier opus.<\/p>\n<p class=\"fig-body-link&#10;    \">\n            \u00c0 lire aussi<br \/>\n        <a class=\"fig-body-link__link\" href=\"http:\/\/madame.lefigaro.fr\/celebrites\/cinema\/la-chute-spectaculaire-d-anne-hathaway-sur-le-tournage-du-diable-s-habille-en-prada-2-20250828\" target=\"_blank\" data-fig-type=\"Article\" rel=\"noopener\" data-gtm-custom-categorie=\"navigation\" data-gtm-custom-action=\"crossclick\" data-gtm-custom-label=\"Contextuel\" data-gtm-event=\"customEventSPE\" data-fig-domain=\"MADAME\"><br \/>\n        La chute spectaculaire d\u2019Anne Hathaway sur le tournage du Diable s\u2019habille en Prada 2 <\/a>\n<\/p>\n<p class=\"fig-paragraph\">Car si cette premi\u00e8re bande-annonce officialise la sortie du Diable s\u2019habille en Prada 2, cela fait en r\u00e9alit\u00e9 des mois que le film est teas\u00e9 par l\u2019\u00e9quipe. Le tournage, qui s\u2019est majoritairement d\u00e9roul\u00e9 \u00e0 New York, a \u00e9t\u00e9 l\u2019occasion pour de nombreux paparazzis et fans de mode d\u2019immortaliser les looks des deux actrices principales. Fin ao\u00fbt, le Vogue am\u00e9ricain est m\u00eame all\u00e9 jusqu\u2019\u00e0\u00a0<a href=\"https:\/\/www.vogue.com\/slideshow\/all-the-costumes-from-the-devil-wears-prada-2\" target=\"_blank\" rel=\"sponsored noopener\" data-gtm-custom-categorie=\"navigation\" data-gtm-custom-action=\"crossclick\" data-gtm-custom-label=\"Contextuel\" data-gtm-event=\"customEventSPE\">regrouper dans un article l\u2019int\u00e9gralit\u00e9 des tenues<\/a>\u00a0ayant fuit\u00e9 depuis le premier jour de tournage, soit plus de 40 \u00e0 ce jour. En septembre, lors du d\u00e9fil\u00e9 Dolce &amp; Gabbana \u00e0 Milan, une sc\u00e8ne a m\u00eame \u00e9t\u00e9 tourn\u00e9e en direct\u00a0<a href=\"http:\/\/madame.lefigaro.fr\/style\/news\/face-a-une-anna-wintour-surprise-meryl-streep-debarque-en-miranda-priestly-au-defile-dolce-gabbana-20250927\" target=\"_blank\" data-fig-type=\"Article\" rel=\"noopener\" data-gtm-custom-categorie=\"navigation\" data-gtm-custom-action=\"crossclick\" data-gtm-custom-label=\"Contextuel\" data-gtm-event=\"customEventSPE\" data-fig-domain=\"MADAME\">lorsque Meryl Streep s\u2019est install\u00e9e au premier rang du show<\/a>\u00a0dans la peau de son personnage. Reste \u00e0 savoir si le r\u00e9sultat final, que les spectateurs pourront d\u00e9couvrir en salles le 29 avril 2026, sera \u00e0 la hauteur de cette promotion d\u00e9mesur\u00e9e.<\/p>\n","protected":false},"excerpt":{"rendered":"D\u00e9voil\u00e9e le 12 novembre, la premi\u00e8re bande-annonce officielle du nouveau volet du film culte des ann\u00e9es 2000 avec&hellip;\n","protected":false},"author":2,"featured_media":533484,"comment_status":"","ping_status":"","sticky":false,"template":"","format":"standard","meta":{"footnotes":""},"categories":[1354],"tags":[11607,650,58,59,1346,1011,27,40528,985,1360],"class_list":{"0":"post-533483","1":"post","2":"type-post","3":"status-publish","4":"format-standard","5":"has-post-thumbnail","7":"category-films","8":"tag-anne-hathaway","9":"tag-cinema","10":"tag-divertissement","11":"tag-entertainment","12":"tag-films","13":"tag-fr","14":"tag-france","15":"tag-meryl-streep","16":"tag-mode","17":"tag-movies"},"share_on_mastodon":{"url":"https:\/\/pubeurope.com\/@fr\/115547701534830124","error":""},"_links":{"self":[{"href":"https:\/\/www.europesays.com\/fr\/wp-json\/wp\/v2\/posts\/533483","targetHints":{"allow":["GET"]}}],"collection":[{"href":"https:\/\/www.europesays.com\/fr\/wp-json\/wp\/v2\/posts"}],"about":[{"href":"https:\/\/www.europesays.com\/fr\/wp-json\/wp\/v2\/types\/post"}],"author":[{"embeddable":true,"href":"https:\/\/www.europesays.com\/fr\/wp-json\/wp\/v2\/users\/2"}],"replies":[{"embeddable":true,"href":"https:\/\/www.europesays.com\/fr\/wp-json\/wp\/v2\/comments?post=533483"}],"version-history":[{"count":0,"href":"https:\/\/www.europesays.com\/fr\/wp-json\/wp\/v2\/posts\/533483\/revisions"}],"wp:featuredmedia":[{"embeddable":true,"href":"https:\/\/www.europesays.com\/fr\/wp-json\/wp\/v2\/media\/533484"}],"wp:attachment":[{"href":"https:\/\/www.europesays.com\/fr\/wp-json\/wp\/v2\/media?parent=533483"}],"wp:term":[{"taxonomy":"category","embeddable":true,"href":"https:\/\/www.europesays.com\/fr\/wp-json\/wp\/v2\/categories?post=533483"},{"taxonomy":"post_tag","embeddable":true,"href":"https:\/\/www.europesays.com\/fr\/wp-json\/wp\/v2\/tags?post=533483"}],"curies":[{"name":"wp","href":"https:\/\/api.w.org\/{rel}","templated":true}]}}