{"id":533504,"date":"2025-11-14T11:11:20","date_gmt":"2025-11-14T11:11:20","guid":{"rendered":"https:\/\/www.europesays.com\/fr\/533504\/"},"modified":"2025-11-14T11:11:20","modified_gmt":"2025-11-14T11:11:20","slug":"nationale-2-lex-belfortain-leo-bouget-sepanouit-au-nancy-handball-javais-besoin-de-reprendre-confiance","status":"publish","type":"post","link":"https:\/\/www.europesays.com\/fr\/533504\/","title":{"rendered":"Nationale 2. L\u2019ex-Belfortain L\u00e9o Bouget s\u2019\u00e9panouit au Nancy Handball\u00a0: \u00ab\u00a0J\u2019avais besoin de reprendre confiance\u00a0\u00bb"},"content":{"rendered":"<p>Nancy &#8211; Abbeville<\/p>\n<p>Samedi, \u00e0 Proven\u00e7al (20h30)<\/p>\n<p>Il n\u2019a pas forc\u00e9ment choisi la p\u00e9riode la plus simple pour int\u00e9grer la maison \u00ab\u00a0Bleu et or\u00a0\u00bb, chahut\u00e9e jusqu\u2019\u00e0 ses fondations \u00ab\u00a0associatives\u00a0\u00bb par l\u2019effondrement de sa structure professionnelle\u2026 Mais apr\u00e8s sept journ\u00e9es de \u00ab\u00a0N2\u00a0\u00bb, L\u00e9o Bouget ne regrette pas une seconde d\u2019avoir pos\u00e9 ses valises (d\u2019\u00e9tudiant) \u00e0 Nancy, et ses baskets dans le vestiaire du gymnase Proven\u00e7al.<\/p>\n<p>Il faut dire que le jeune demi-centre franc-comtois (19 ans) sortait d\u2019une saison frustrante avec le BAUHB (N1), durant laquelle il aura, certes, compil\u00e9 les \u00ab\u00a0feuilles de match\u00a0\u00bb (16), mais, au final trop peu jou\u00e9 pour satisfaire sa \u00ab\u00a0faim\u00a0\u00bb de ballons.<\/p>\n<p>Ce contenu est bloqu\u00e9 car vous n&rsquo;avez pas accept\u00e9 les cookies et autres traceurs.<\/p>\n<p>En cliquant sur \u00ab J\u2019accepte \u00bb, les cookies et autres traceurs seront d\u00e9pos\u00e9s et vous pourrez visualiser les contenus  (<a href=\"\" class=\"consentModule_policy\" target=\"_blank\" title=\"Consulter la politique de protection des donn\u00e9es du fournisseur\">plus d&rsquo;informations<\/a>).<\/p>\n<p>En cliquant sur \u00ab J\u2019accepte tous les cookies \u00bb, vous autorisez des d\u00e9p\u00f4ts de cookies et autres traceurs pour le stockage de vos donn\u00e9es sur nos sites et applications \u00e0 des fins de personnalisation et de ciblage publicitaire.<\/p>\n<p class=\"consentModule_secondaryText\">Vous gardez la possibilit\u00e9 de retirer votre consentement \u00e0 tout moment en consultant notre <a href=\"https:\/\/www.estrepublicain.fr\/protection-des-donnees\" target=\"_blank\" title=\"Consulter notre politique de protection des donn\u00e9es\" rel=\"noopener\">politique de protection des donn\u00e9es<\/a>. <br \/>&#13;<br \/>\n            <a href=\"https:\/\/www.estrepublicain.fr\/sport\/2025\/11\/14\/javascript:Didomi.notice.show()\" class=\"consentModule_cmp\" target=\"_blank\" rel=\"noopener\">G\u00e9rer mes choix<\/a>&#13;\n        <\/p>\n<p>&#13;<br \/>\n                        J&rsquo;accepte&#13;<br \/>\n            J&rsquo;accepte tous les cookies&#13;\n        <\/p>\n<p>\u00ab\u00a0C\u2019est vrai que \u00e7a n\u2019a pas \u00e9t\u00e9 simple. Le groupe \u00e9tait tr\u00e8s fort, essentiellement compos\u00e9 de joueurs dot\u00e9s d\u2019une maturit\u00e9 et d\u2019une exp\u00e9rience bien sup\u00e9rieures \u00e0 la mienne. Cette ann\u00e9e, j\u2019avais envie de retrouver du temps de jeu. J\u2019avais aussi besoin de reprendre confiance, de reprendre du plaisir sur le terrain. M\u00eame si mon choix de m\u2019installer \u00e0 Nancy \u00e9tait avant tout guid\u00e9 par mes \u00e9tudes (Ndlr. Il \u00e9tudiant en BTS MCO &#8211; Management commercial), j\u2019y ai red\u00e9couvert une autre vision du handball. Et je suis beaucoup plus heureux d\u2019aller m\u2019entra\u00eener avec des jeunes de mon \u00e2ge\u00a0\u00bb, assure l\u2019int\u00e9ress\u00e9, sans doute l\u00e2ch\u00e9 un peu t\u00f4t dans un championnat de Nationale 1 tr\u00e8s abrupte, alors que son cursus de formation l\u2019avait jusque-l\u00e0 amen\u00e9 \u00e0 se partager entre les ambiances &#8211; un peu plus \u00ab\u00a0ouat\u00e9es\u00a0\u00bb &#8211; de la r\u00e9serve du Grand Besan\u00e7on (N3) et du P\u00f4le Espoir de Dijon. Un cursus, du reste, assez original pour le natif de Bourg-en-Bresse, \u00e9lev\u00e9 entre la Haute-Sa\u00f4ne (Chenebier) et\u2026 la Martinique (o\u00f9 le papa, prof de physique-chimie, avait obtenu une mutation).<\/p>\n<p>  \u00ab\u00a0Il nous fallait absolument r\u00e9agir\u00a0\u00bb<\/p>\n<p>Mais si L\u00e9o Bouget (3,6 buts de moyenne cette saison) est particuli\u00e8rement \u00ab\u00a0heureux\u00a0\u00bb en ce mois de novembre, c\u2019est aussi parce que le Nancy handball a retrouv\u00e9 le chemin du succ\u00e8s (*) apr\u00e8s un d\u00e9but de championnat chaotique. \u00ab\u00a0Il nous fallait absolument r\u00e9agir. Depuis un mois, on travaille bien, dans une bonne coh\u00e9sion. On a r\u00e9ussi \u00e0 mettre en place de nouveaux plans de jeu et, notamment, une nouvelle d\u00e9fense, qui nous r\u00e9ussit bien <a href=\"https:\/\/www.estrepublicain.fr\/sport\/2025\/11\/09\/le-nancy-hb-(2)-sans-souci\" target=\"_blank\" rel=\"noopener\">depuis trois matchs<\/a>. Aujourd\u2019hui, je pense sinc\u00e8rement que nous pouvons grappiller encore des places et nous inviter dans le haut de tableau\u00a0\u00bb, estime L\u00e9o Bouget.<\/p>\n<p>Pour cela, les Bleu et or ont tout int\u00e9r\u00eat \u00e0 l\u2019emporter, samedi, face \u00e0 une \u00e9quipe d\u2019Abbeville sans piti\u00e9 pour P2H (34-40), il y a deux semaines, \u00e0 Herserange.<\/p>\n<p class=\"note\">(*) La jeune garde nanc\u00e9ienne reste sur trois victoires face \u00e0 Savigny (19-26), \u00c9lite Axonaise (28-25) et Thionville (26-38).<\/p>\n","protected":false},"excerpt":{"rendered":"Nancy &#8211; Abbeville Samedi, \u00e0 Proven\u00e7al (20h30) Il n\u2019a pas forc\u00e9ment choisi la p\u00e9riode la plus simple pour&hellip;\n","protected":false},"author":2,"featured_media":533505,"comment_status":"","ping_status":"","sticky":false,"template":"","format":"standard","meta":{"footnotes":""},"categories":[9635],"tags":[1111,11,1704,1777,674,107,1701,1011,27,775,1792,1702,13622,1703,12,25,517,1700],"class_list":{"0":"post-533504","1":"post","2":"type-post","3":"status-publish","4":"format-standard","5":"has-post-thumbnail","7":"category-nancy","8":"tag-actu","9":"tag-actualites","10":"tag-edition-nancy-et-agglomeration","11":"tag-eu","12":"tag-europe","13":"tag-fil-info","14":"tag-fil-info-sport","15":"tag-fr","16":"tag-france","17":"tag-grand-est","18":"tag-handball","19":"tag-nancy","20":"tag-nancy-handball","21":"tag-nancy-ville-54b","22":"tag-news","23":"tag-republique-francaise","24":"tag-sport","25":"tag-sport-lorrain"},"share_on_mastodon":{"url":"https:\/\/pubeurope.com\/@fr\/115547752545795308","error":""},"_links":{"self":[{"href":"https:\/\/www.europesays.com\/fr\/wp-json\/wp\/v2\/posts\/533504","targetHints":{"allow":["GET"]}}],"collection":[{"href":"https:\/\/www.europesays.com\/fr\/wp-json\/wp\/v2\/posts"}],"about":[{"href":"https:\/\/www.europesays.com\/fr\/wp-json\/wp\/v2\/types\/post"}],"author":[{"embeddable":true,"href":"https:\/\/www.europesays.com\/fr\/wp-json\/wp\/v2\/users\/2"}],"replies":[{"embeddable":true,"href":"https:\/\/www.europesays.com\/fr\/wp-json\/wp\/v2\/comments?post=533504"}],"version-history":[{"count":0,"href":"https:\/\/www.europesays.com\/fr\/wp-json\/wp\/v2\/posts\/533504\/revisions"}],"wp:featuredmedia":[{"embeddable":true,"href":"https:\/\/www.europesays.com\/fr\/wp-json\/wp\/v2\/media\/533505"}],"wp:attachment":[{"href":"https:\/\/www.europesays.com\/fr\/wp-json\/wp\/v2\/media?parent=533504"}],"wp:term":[{"taxonomy":"category","embeddable":true,"href":"https:\/\/www.europesays.com\/fr\/wp-json\/wp\/v2\/categories?post=533504"},{"taxonomy":"post_tag","embeddable":true,"href":"https:\/\/www.europesays.com\/fr\/wp-json\/wp\/v2\/tags?post=533504"}],"curies":[{"name":"wp","href":"https:\/\/api.w.org\/{rel}","templated":true}]}}