{"id":533513,"date":"2025-11-14T11:17:14","date_gmt":"2025-11-14T11:17:14","guid":{"rendered":"https:\/\/www.europesays.com\/fr\/533513\/"},"modified":"2025-11-14T11:17:14","modified_gmt":"2025-11-14T11:17:14","slug":"nationale-le-portrait-de-la-semaine-nicolas-nieto-rouen-un-homme-daventure-et-de-defi","status":"publish","type":"post","link":"https:\/\/www.europesays.com\/fr\/533513\/","title":{"rendered":"Nationale &#8211; Le portrait de la semaine : Nicolas Nieto (Rouen), un homme d\u2019aventure et de d\u00e9fi"},"content":{"rendered":"<p>\n                Pour la venue de Niort, l\u2019attaquant normand retrouve son club formateur, o\u00f9 il a d\u00e9but\u00e9 en seniors \u00e0 18 ans.\n            <\/p>\n<p>Arriv\u00e9 \u00e0 Rouen en 2024, Nicolas Nieto a su s\u2019imposer comme un centre combatif et agressif. Tr\u00e8s utilis\u00e9 par S\u00e9bastien Tillous Borde la saison derni\u00e8re, il l\u2019est tout autant par le duo Nyanga-Sola cette ann\u00e9e et se place comme une valeur s\u00fbre. Son parcours est \u00e9tonnant, fait de choix que certains auraient repouss\u00e9s. Un homme d\u2019aventure et de d\u00e9fi. Form\u00e9 \u00e0 Niort, titulaire en F\u00e9d\u00e9rale 1 \u00e0 l\u2019\u00e9poque, il impressionne par sa maturit\u00e9. Il est le mod\u00e8le de son jeune fr\u00e8re Rapha\u00ebl, qui \u00e9volue toujours au NRC.<\/p>\n<p>Mais Nicolas a fait d\u2019autres choix, dont celui de suivre, en 2018, sa femme, joueuse professionnelle elle aussi, dans son aventure aux Harlequins. Deux ann\u00e9es \u00e0 Londres puis l\u2019appel des origines, la premi\u00e8re division espagnole avec Santander (Independiente RC). Le jeune centre s\u2019y \u00e9clate, jusqu\u2019\u00e0 taper dans l\u2019\u0153il des s\u00e9lectionneurs nationaux. Il joue alors pour le XV d\u2019Espagne, rejoint par son fr\u00e8re, mais r\u00eave surtout de 7. L\u2019\u00e9t\u00e9 dernier, il affirme son choix et annonce qu\u2019il choisit le 7 avec, au loin, comme un Graal, Los Angeles et les JO 2028.<\/p>\n<p>Quant \u00e0 son fr\u00e8re, lui reste fid\u00e8le \u00e0 la s\u00e9lection quinziste. Une nouvelle s\u00e9paration. \u00ab\u00a0C\u2019est dommage. Je ne verrais pas Raph ce week-end car il a \u00e9t\u00e9 convoqu\u00e9 avec l\u2019Espagne. Cela aurait ajout\u00e9 de la saveur car c\u2019est vrai que aujourd\u2019hui, je ne connais plus grand monde \u00e0 Niort. Le club est sur une dynamique de mont\u00e9e et fait un tr\u00e8s bon championnat. J\u2019ai pr\u00e9venu mes co\u00e9quipiers que \u00e7a n\u2019allait pas \u00eatre simple du tout\u00a0\u00bb, confie Nicolas Nieto.<\/p>\n<p>Et pourtant, le RNR a besoin de se ressaisir. Tr\u00e8s loin de son standing annonc\u00e9, les Normands peinent \u00e0 trouver la bonne formule et sont encore en construction avec de nombreuses rotations. \u00ab\u00a0Moi, j\u2019ai confiance, affirme l\u2019int\u00e9ress\u00e9. Le groupe vit bien, on a de la qualit\u00e9 et on tombe souvent pas loin au score. On manque juste de justesse dans la zone de marque et nous sommes trop souvent p\u00e9nalis\u00e9s. Moi j\u2019ai un jeu qui m\u2019a d\u00e9j\u00e0 co\u00fbt\u00e9 des sanctions (carton jaune face \u00e0 Bourgoin notamment; N.D.L.R.) mais je corrige, je travaille. Je ne veux pas perdre ce qui est un atout, mon agressivit\u00e9, mais je peux progresser en ma\u00eetrise et en pr\u00e9cision.\u00a0\u00bb<\/p>\n<p>Un avenir sans nuages<\/p>\n<p>Sous contrat jusqu\u2019en juin 2026, le trentenaire n\u2019est pas entr\u00e9 en discussion avec le staff pour une prolongation et veut avant tout \u00eatre eu rendez-vous du prochain match. \u00ab\u00a0J\u2019ai toujours \u00e9t\u00e9 comme \u00e7a. Je ne fais pas de plan sur la com\u00e8te, je vise le match d\u2019apr\u00e8s. J\u2019attends mon deuxi\u00e8me enfant, \u00e7a c\u2019est un objectif de vie. Le rugby, on sait que c\u2019est \u00e9ph\u00e9m\u00e8re, donc il faut profiter sans s\u2019alourdir la t\u00eate.\u00a0\u00bb<\/p>\n<p>Face \u00e0 des Niortais en confiance, qui sont sur une dynamique de mont\u00e9e, m\u00ealant structure d\u2019avants et dynamisme du jeu arri\u00e8re, Rouen, s\u2019il n\u2019impose pas de rythme, pourrait s\u2019en mordre les doigts (encore) \u00ab\u00a0La ville de Niort a chang\u00e9. Je suis all\u00e9 les voir jouer en phase finale l\u2019an pass\u00e9 et les commer\u00e7ants sont derri\u00e8re le club. La structuration, les \u00e9quipements sont bien agenc\u00e9s, la Mairie a beaucoup fait. Niort devient un mod\u00e8le \u00e0 suivre et b\u00e9n\u00e9ficie du bassin de La Rochelle ou de Soyaux-Angoul\u00eame pour avoir de bons joueurs\u00a0\u00bb conclut le num\u00e9ro 13 rouennais.<\/p>\n","protected":false},"excerpt":{"rendered":"Pour la venue de Niort, l\u2019attaquant normand retrouve son club formateur, o\u00f9 il a d\u00e9but\u00e9 en seniors \u00e0&hellip;\n","protected":false},"author":2,"featured_media":533514,"comment_status":"","ping_status":"","sticky":false,"template":"","format":"standard","meta":{"footnotes":""},"categories":[9587],"tags":[1111,11,1777,674,1011,27,12,5161,25,9590],"class_list":{"0":"post-533513","1":"post","2":"type-post","3":"status-publish","4":"format-standard","5":"has-post-thumbnail","7":"category-rouen","8":"tag-actu","9":"tag-actualites","10":"tag-eu","11":"tag-europe","12":"tag-fr","13":"tag-france","14":"tag-news","15":"tag-normandie","16":"tag-republique-francaise","17":"tag-rouen"},"share_on_mastodon":{"url":"https:\/\/pubeurope.com\/@fr\/115547776266461722","error":""},"_links":{"self":[{"href":"https:\/\/www.europesays.com\/fr\/wp-json\/wp\/v2\/posts\/533513","targetHints":{"allow":["GET"]}}],"collection":[{"href":"https:\/\/www.europesays.com\/fr\/wp-json\/wp\/v2\/posts"}],"about":[{"href":"https:\/\/www.europesays.com\/fr\/wp-json\/wp\/v2\/types\/post"}],"author":[{"embeddable":true,"href":"https:\/\/www.europesays.com\/fr\/wp-json\/wp\/v2\/users\/2"}],"replies":[{"embeddable":true,"href":"https:\/\/www.europesays.com\/fr\/wp-json\/wp\/v2\/comments?post=533513"}],"version-history":[{"count":0,"href":"https:\/\/www.europesays.com\/fr\/wp-json\/wp\/v2\/posts\/533513\/revisions"}],"wp:featuredmedia":[{"embeddable":true,"href":"https:\/\/www.europesays.com\/fr\/wp-json\/wp\/v2\/media\/533514"}],"wp:attachment":[{"href":"https:\/\/www.europesays.com\/fr\/wp-json\/wp\/v2\/media?parent=533513"}],"wp:term":[{"taxonomy":"category","embeddable":true,"href":"https:\/\/www.europesays.com\/fr\/wp-json\/wp\/v2\/categories?post=533513"},{"taxonomy":"post_tag","embeddable":true,"href":"https:\/\/www.europesays.com\/fr\/wp-json\/wp\/v2\/tags?post=533513"}],"curies":[{"name":"wp","href":"https:\/\/api.w.org\/{rel}","templated":true}]}}