{"id":533519,"date":"2025-11-14T11:20:17","date_gmt":"2025-11-14T11:20:17","guid":{"rendered":"https:\/\/www.europesays.com\/fr\/533519\/"},"modified":"2025-11-14T11:20:17","modified_gmt":"2025-11-14T11:20:17","slug":"a-rennes-christian-guillemot-de-retour-a-la-direction-de-la-start-up-ama-toujours-dans-le-dur","status":"publish","type":"post","link":"https:\/\/www.europesays.com\/fr\/533519\/","title":{"rendered":"\u00c0 Rennes, Christian Guillemot de retour \u00e0 la direction de la start-up AMA, toujours dans le dur"},"content":{"rendered":"<p><a href=\"https:\/\/www.letelegramme.fr\/economie\/en-difficulte-la-start-up-rennaise-de-la-famille-guillemot-cherche-a-se-donner-de-lair-6372740.php\" target=\"_blank\" rel=\"noopener\">En difficult\u00e9<\/a> sur son march\u00e9 des logiciels pour lunettes connect\u00e9es, AMA, la start-up rennaise de la famille Guillemot, change de directeur g\u00e9n\u00e9ral. <a href=\"https:\/\/www.letelegramme.fr\/ille-et-vilaine\/rennes-35000\/nouveau-dg-suppressions-de-postes-ama-la-start-up-rennaise-de-la-famille-guillemot-veut-se-relancer-6594498.php\" target=\"_blank\" rel=\"noopener\">Nomm\u00e9 directeur g\u00e9n\u00e9ral<\/a> en mai 2024, \u00c9tienne Guillemot quitte son poste, o\u00f9 il est remplac\u00e9 par son p\u00e8re, Christian, ancien P.-D.G jusqu\u2019alors recentr\u00e9 sur le r\u00f4le de pr\u00e9sident. \u00ab \u00c9tienne Guillemot a d\u00e9cid\u00e9 de se retirer de ses fonctions de directeur g\u00e9n\u00e9ral, pour des motifs personnels, sans lien avec l\u2019\u00e9volution d\u2019AMA \u00bb, explique l\u2019entreprise dans un communiqu\u00e9. Son remplacement par Christian Guillemot doit permettre \u00ab d\u2019assurer la continuit\u00e9 de la gouvernance et de l\u2019ex\u00e9cution de la feuille de route. La transition est organis\u00e9e de mani\u00e8re ordonn\u00e9e et n\u2019emporte pas de changement strat\u00e9gique \u00bb.<\/p>\n<p>\u00c0 la t\u00eate d\u2019AMA, Christian Guillemot aura fort \u00e0 faire. Apr\u00e8s trois ann\u00e9es en repli, le chiffre d\u2019affaires de la start-up a encore recul\u00e9 de 9 % au premier semestre 2025, \u00e0 1,2 M\u20ac. La perte nette, elle, s\u2019est r\u00e9sorb\u00e9e de 39 % et ressort \u00e0 -2,9 M\u20ac, sous l\u2019effet des mesures d\u2019\u00e9conomies mises en place (40 salari\u00e9s dans l\u2019entreprise d\u00e9sormais, contre 184 en 2022).<\/p>\n<p>Retour \u00e0 la croissance vis\u00e9 en 2026<\/p>\n<p>Pour relancer la machine des ventes, AMA parie particuli\u00e8rement sur l\u2019int\u00e9gration de solutions d\u2019intelligence artificielle dans son logiciel XpertEye. Probl\u00e8me, les commandes ne sont pas au rendez-vous (-26 % sur un an \u00e0 fin septembre). \u00ab Il appara\u00eet que la nouveaut\u00e9 [des] offres implique des cycles de d\u00e9cision plus longs, dans un climat \u00e9conomique et g\u00e9opolitique incertain qui freine les projets d\u2019investissement \u00bb, \u00e9crit l\u2019entreprise, qui estime qu\u2019elle ne pourra pas atteindre son objectif initial de croissance de son carnet de commandes en 2025.<\/p>\n<p>En cons\u00e9quence, elle annonce qu\u2019elle va renforcer sa \u00ab discipline financi\u00e8re \u00bb et simplifier son organisation. \u00ab Sur une base de co\u00fbts r\u00e9duite, AMA vise un red\u00e9marrage de la croissance \u00e0 horizon 2026, port\u00e9 par la poursuite du d\u00e9ploiement de ses briques IA et la mont\u00e9e en puissance des nouveaux usages d\u2019XpertEye \u00bb, indique la start-up.<\/p>\n","protected":false},"excerpt":{"rendered":"En difficult\u00e9 sur son march\u00e9 des logiciels pour lunettes connect\u00e9es, AMA, la start-up rennaise de la famille Guillemot,&hellip;\n","protected":false},"author":2,"featured_media":533520,"comment_status":"","ping_status":"","sticky":false,"template":"","format":"standard","meta":{"footnotes":""},"categories":[2821],"tags":[1111,11,829,1777,674,1011,27,848,4555,12,584,25],"class_list":{"0":"post-533519","1":"post","2":"type-post","3":"status-publish","4":"format-standard","5":"has-post-thumbnail","7":"category-rennes","8":"tag-actu","9":"tag-actualites","10":"tag-bretagne","11":"tag-eu","12":"tag-europe","13":"tag-fr","14":"tag-france","15":"tag-ille-et-vilaine","16":"tag-local","17":"tag-news","18":"tag-rennes","19":"tag-republique-francaise"},"share_on_mastodon":{"url":"https:\/\/pubeurope.com\/@fr\/115547788088966808","error":""},"_links":{"self":[{"href":"https:\/\/www.europesays.com\/fr\/wp-json\/wp\/v2\/posts\/533519","targetHints":{"allow":["GET"]}}],"collection":[{"href":"https:\/\/www.europesays.com\/fr\/wp-json\/wp\/v2\/posts"}],"about":[{"href":"https:\/\/www.europesays.com\/fr\/wp-json\/wp\/v2\/types\/post"}],"author":[{"embeddable":true,"href":"https:\/\/www.europesays.com\/fr\/wp-json\/wp\/v2\/users\/2"}],"replies":[{"embeddable":true,"href":"https:\/\/www.europesays.com\/fr\/wp-json\/wp\/v2\/comments?post=533519"}],"version-history":[{"count":0,"href":"https:\/\/www.europesays.com\/fr\/wp-json\/wp\/v2\/posts\/533519\/revisions"}],"wp:featuredmedia":[{"embeddable":true,"href":"https:\/\/www.europesays.com\/fr\/wp-json\/wp\/v2\/media\/533520"}],"wp:attachment":[{"href":"https:\/\/www.europesays.com\/fr\/wp-json\/wp\/v2\/media?parent=533519"}],"wp:term":[{"taxonomy":"category","embeddable":true,"href":"https:\/\/www.europesays.com\/fr\/wp-json\/wp\/v2\/categories?post=533519"},{"taxonomy":"post_tag","embeddable":true,"href":"https:\/\/www.europesays.com\/fr\/wp-json\/wp\/v2\/tags?post=533519"}],"curies":[{"name":"wp","href":"https:\/\/api.w.org\/{rel}","templated":true}]}}