{"id":533541,"date":"2025-11-14T11:33:15","date_gmt":"2025-11-14T11:33:15","guid":{"rendered":"https:\/\/www.europesays.com\/fr\/533541\/"},"modified":"2025-11-14T11:33:15","modified_gmt":"2025-11-14T11:33:15","slug":"jean-luc-moudenc-presente-son-premier-colistier-une-figure-du-commerce-local","status":"publish","type":"post","link":"https:\/\/www.europesays.com\/fr\/533541\/","title":{"rendered":"Jean-Luc Moudenc pr\u00e9sente son premier colistier, une figure du commerce local"},"content":{"rendered":"<p>                    Par<br \/>\n        <strong><br \/>\n            <a href=\"https:\/\/actu.fr\/auteur\/guillaume-laurens\" title=\"Consulter tous les articles de Guillaume Laurens\" target=\"_blank\" rel=\"noopener\">Guillaume Laurens<\/a><br \/>\n                    <\/strong><\/p>\n<p>        Publi\u00e9 le<\/p>\n<p>            14 nov. 2025 \u00e0 11h41        <\/p>\n<p>Une grosse semaine apr\u00e8s <a href=\"https:\/\/actu.fr\/occitanie\/toulouse_31555\/municipales-2026-a-toulouse-jean-luc-moudenc-je-suis-candidat-pour-proteger-l-avenir-des-toulousains_63397737.html\" target=\"_blank\" rel=\"noopener\">l\u2019annonce officielle de sa candidature \u00e0 sa r\u00e9\u00e9lection<\/a>, le maire (DVD) de Toulouse<a href=\"https:\/\/actu.fr\/toulouse\/politique\/elections-municipales\" target=\"_blank\" rel=\"noopener\"><strong> Jean-Luc Moudenc<\/strong><\/a> a d\u00e9voil\u00e9 vendredi 14\u00a0novembre 2025 le <strong>premier colistier<\/strong> de sa liste pour les \u00e9lections municipales 2026. Il s\u2019agit de\u00a0<strong>Guillaume Duval<\/strong>, le pr\u00e9sident de la (puissante) <strong>F\u00e9d\u00e9ration des commer\u00e7ants,<\/strong> artisans et professionnels de Toulouse, qui regroupe plus de 45 associations de la Ville rose.<\/p>\n<p>Un \u00ab\u2009parcours de vie int\u00e9ressant\u2009\u00bb, dit Jean-Luc Moudenc<\/p>\n<p class=\" wall-content\">Soucieux de pr\u00e9senter aux \u00e9lecteurs \u00ab\u2009une \u00e9quipe faite <strong>d\u2019exp\u00e9rience<\/strong> et de <strong>renouvellement\u2009\u00bb,<\/strong> Jean-Luc Moudenc a r\u00e9it\u00e9r\u00e9 sa volont\u00e9 de s\u2019entourer de \u00ab\u2009personnes qui n\u2019ont jamais appartenu \u00e0 un parti, mais ont un <strong>parcours de vie<\/strong> int\u00e9ressant\u2009\u00bb. D\u2019o\u00f9 son choix de se tourner vers Guillaume Duval, figure du petit commerce \u00e0 Toulouse.<\/p>\n<p class=\" wall-content\">\u00ab\u2009On travaille avec les commer\u00e7ants depuis des ann\u00e9es, c\u2019est quelqu\u2019un capable de rassembler et f\u00e9d\u00e9rer des temp\u00e9raments tr\u00e8s diff\u00e9rents\u2009\u00bb, a d\u00e9fendu le locataire du Capitole. \u00ab\u2009C\u2019est un commer\u00e7ant dans l\u2019\u00e2me et un <strong>d\u00e9fenseur des petits commerces<\/strong>, qui souffrent actuellement. C\u2019est un choix fondamental que je fais\u2009\u00bb, a insist\u00e9 Jean-Luc Moudenc. \u00ab\u2009Avoir dans l\u2019\u00e9quipe quelqu\u2019un qui a l\u2019habitude de monter au cr\u00e9neau pour d\u00e9fendre le petit commerce, c\u2019est utile. Il va amener sa sensibilit\u00e9 particuli\u00e8re\u2009\u00bb.<\/p>\n<p>Qui est Guillaume Duval\u2009?<\/p>\n<p class=\" wall-content\">Originaire de Toulouse, Guillaume Duval, 45\u00a0ans, est mari\u00e9 et a deux enfants. Il a fait sa scolarit\u00e9 dans la Ville rose, puis s\u2019est vite tourn\u00e9 vers l\u2019apprentissage. Titulaire d\u2019un CAP en boulangerie et d\u2019une formation dans l\u2019immobilier, il a ensuite \u00e9t\u00e9 <strong>patron de caf\u00e9<\/strong> puis de <strong>boulangerie<\/strong>. Joueur amateur de rugby, il s\u2019est donc investi au sein de la F\u00e9d\u00e9ration des commer\u00e7ants qu\u2019il pr\u00e9sidait depuis deux ans, apr\u00e8s en avoir \u00e9t\u00e9 directeur pendant deux ans. Il annonce \u00ab\u2009d\u00e9missionner dans les semaines qui viennent\u2009\u00bb, le temps d\u2019assurer la transition.<\/p>\n<p>\u00ab\u2009Amener un autre regard\u2009\u00bb sur la ville<\/p>\n<p class=\" wall-content\">S\u2019il a d\u00e9cid\u00e9 de rejoindre l\u2019\u00e9quipe de campagne, c\u2019est pour \u00ab\u2009amener un autre regard\u2009\u00bb sur la ville de Toulouse et son activit\u00e9. \u00ab\u2009Je ne suis pas un expert du commerce, mais un acteur du d\u00e9veloppement territorial qui a envie de se mettre au service des Toulousains\u2009\u00bb. Si le sortant appuie volontiers sur l\u2019expertise de Guillaume Duval en la mati\u00e8re, et assume qu\u2019il \u00ab\u2009sera <strong>mobilis\u00e9 sur ces sujets\u2009\u00bb<\/strong> li\u00e9s au petit commerce en cas d\u2019\u00e9lection, Jean-Luc Moudenc insiste sur sa volont\u00e9 de \u00ab\u2009ne pas distribuer les d\u00e9l\u00e9gations avant les \u00e9lections\u2009\u00bb.<\/p>\n<p>Vid\u00e9os : en ce moment sur Actu<\/p>\n<p class=\" wall-content\">Alors qu\u2019en 2020, le premier colistier qu\u2019il pr\u00e9sentait \u00e9tait <a href=\"https:\/\/actu.fr\/occitanie\/toulouse_31555\/toulouse-elu-a-la-mairie-avec-jean-luc-moudenc-l-astronaute-philippe-perrin-atterrit-dans-l-opposition_61629753.html\" target=\"_blank\" rel=\"noopener\">l\u2019astronaute Philippe Perrin \u2014 qui a finalement atterri sur les bancs de l\u2019opposition<\/a> et parmi les \u00e9cologistes \u2014, Jean-Luc Moudenc assume d\u2019avoir cette fois choisi \u00ab\u2009un homme de terrain\u2009\u00bb. Et de railler\u2009: \u00ab\u2009Avoir la t\u00eate dans l\u2019espace, c\u2019est bien, mais les pieds sur terre, c\u2019est pas mal non plus\u2009\u00bb.<\/p>\n<p class=\" wall-content\">Personnalisez votre actualit\u00e9 en ajoutant vos villes et m\u00e9dias en favori avec <a href=\"https:\/\/moncompte.actu.fr\" title=\"D\u00e9couvez Mon Actu\" rel=\"nofollow noopener\" data-trk=\"{&quot;cta&quot;:{&quot;action&quot;:&quot;https:\\\/\\\/moncompte.actu.fr&quot;,&quot;category&quot;:&quot;mon compte&quot;,&quot;from&quot;:&quot;article footer&quot;,&quot;name&quot;:&quot;Mon actu&quot;,&quot;type&quot;:&quot;cta&quot;}}\" target=\"_blank\">Mon Actu<\/a>.<\/p>\n","protected":false},"excerpt":{"rendered":"Par Guillaume Laurens Publi\u00e9 le 14 nov. 2025 \u00e0 11h41 Une grosse semaine apr\u00e8s l\u2019annonce officielle de sa&hellip;\n","protected":false},"author":2,"featured_media":533542,"comment_status":"","ping_status":"","sticky":false,"template":"","format":"standard","meta":{"footnotes":""},"categories":[2816],"tags":[1111,11,4188,1777,674,1011,27,2857,3434,12,2680,316,25,2312],"class_list":{"0":"post-533541","1":"post","2":"type-post","3":"status-publish","4":"format-standard","5":"has-post-thumbnail","7":"category-toulouse","8":"tag-actu","9":"tag-actualites","10":"tag-elections-municipales","11":"tag-eu","12":"tag-europe","13":"tag-fr","14":"tag-france","15":"tag-jean-luc-moudenc","16":"tag-municipales-2026","17":"tag-news","18":"tag-occitanie","19":"tag-politique","20":"tag-republique-francaise","21":"tag-toulouse"},"share_on_mastodon":{"url":"https:\/\/pubeurope.com\/@fr\/115547839384141812","error":""},"_links":{"self":[{"href":"https:\/\/www.europesays.com\/fr\/wp-json\/wp\/v2\/posts\/533541","targetHints":{"allow":["GET"]}}],"collection":[{"href":"https:\/\/www.europesays.com\/fr\/wp-json\/wp\/v2\/posts"}],"about":[{"href":"https:\/\/www.europesays.com\/fr\/wp-json\/wp\/v2\/types\/post"}],"author":[{"embeddable":true,"href":"https:\/\/www.europesays.com\/fr\/wp-json\/wp\/v2\/users\/2"}],"replies":[{"embeddable":true,"href":"https:\/\/www.europesays.com\/fr\/wp-json\/wp\/v2\/comments?post=533541"}],"version-history":[{"count":0,"href":"https:\/\/www.europesays.com\/fr\/wp-json\/wp\/v2\/posts\/533541\/revisions"}],"wp:featuredmedia":[{"embeddable":true,"href":"https:\/\/www.europesays.com\/fr\/wp-json\/wp\/v2\/media\/533542"}],"wp:attachment":[{"href":"https:\/\/www.europesays.com\/fr\/wp-json\/wp\/v2\/media?parent=533541"}],"wp:term":[{"taxonomy":"category","embeddable":true,"href":"https:\/\/www.europesays.com\/fr\/wp-json\/wp\/v2\/categories?post=533541"},{"taxonomy":"post_tag","embeddable":true,"href":"https:\/\/www.europesays.com\/fr\/wp-json\/wp\/v2\/tags?post=533541"}],"curies":[{"name":"wp","href":"https:\/\/api.w.org\/{rel}","templated":true}]}}