{"id":533543,"date":"2025-11-14T11:34:13","date_gmt":"2025-11-14T11:34:13","guid":{"rendered":"https:\/\/www.europesays.com\/fr\/533543\/"},"modified":"2025-11-14T11:34:13","modified_gmt":"2025-11-14T11:34:13","slug":"a-deux-heures-de-lille-lun-des-plus-beaux-marches-de-noel-de-belgique-lance-ce-week-end-dans-une-abbaye","status":"publish","type":"post","link":"https:\/\/www.europesays.com\/fr\/533543\/","title":{"rendered":"A deux heures de Lille, l&rsquo;un des plus beaux march\u00e9s de No\u00ebl de Belgique lanc\u00e9 ce week-end dans une abbaye"},"content":{"rendered":"<p>                    Par<br \/>\n        <strong><br \/>\n            <a href=\"https:\/\/actu.fr\/auteur\/nicolas-demollien\" title=\"Consulter tous les articles de Nicolas Demollien\" target=\"_blank\" rel=\"noopener\">Nicolas Demollien<\/a><br \/>\n                    <\/strong><\/p>\n<p>        Publi\u00e9 le<\/p>\n<p>            14 nov. 2025 \u00e0 11h40        <\/p>\n<p>Voil\u00e0 un \u00e9v\u00e9nement qui vaut le d\u00e9placement tant vous allez en prendre les yeux ! Ce vendredi 14 novembre 2025 sera lanc\u00e9 l\u2019<b>un des plus beaux march\u00e9s<\/b> de <a href=\"https:\/\/actu.fr\/tag\/noel\" target=\"_blank\" rel=\"noopener\">No\u00ebl<\/a> de <a href=\"https:\/\/actu.fr\/tag\/belgique\" target=\"_blank\" rel=\"noopener\">Belgique<\/a>, \u00e0 <b>un peu moins de deux heures <\/b>de <a href=\"https:\/\/actu.fr\/hauts-de-france\/lille_59350\" target=\"_blank\" rel=\"noopener\">Lille<\/a> (Nord). Et ce d\u2019autant qu\u2019il se d\u00e9roule dans un <b>petit joyau<\/b> du <a href=\"https:\/\/actu.fr\/tag\/patrimoine\" target=\"_blank\" rel=\"noopener\">patrimoine<\/a>.<\/p>\n<p>Un magnifique march\u00e9 de No\u00ebl dans une abbaye, \u00e0 deux heures de Lille<\/p>\n<p class=\" wall-content\">Cet \u00e9v\u00e9nement, c\u2019est le march\u00e9 de no\u00ebl de l\u2019<b>abbaye de Maredsous<\/b> \u00e0 Den\u00e9e. Le march\u00e9 se d\u00e9roule plus pr\u00e9cis\u00e9ment au centre d\u2019accueil Saint-Joseph, situ\u00e9 \u00e0 l\u2019abbaye.<\/p>\n<p data-end=\"1026\" class=\" wall-content\">Sur place, vous trouverez plus de <b>60 chalets<\/b> qui accueillent artisans, cr\u00e9ateurs et producteurs. De quoi se faire plaisir et faire plaisir. On note \u00e9galement la pr\u00e9sence d\u2019une patinoire pour se faire plaisir avec les joies de la glisse jusqu\u2019au 4 janvier 2026.<\/p>\n<p data-end=\"1026\" class=\" wall-content\">Et ce n\u2019est pas tout puisque l\u2019\u00e9v\u00e9nement sera jalonn\u00e9 d\u2019<b>animations au fil des semaines <\/b>: concerts de No\u00ebl dans la basilique, trail nocturne ou encore marche des abbayes.<\/p>\n<p>    <a href=\"https:\/\/www.facebook.com\/plugins\/video.php?height=476&amp;href=https%3A%2F%2Fwww.facebook.com%2Freel%2F1155670376660741%2F&amp;show_text=true&amp;width=350&amp;t=0\" title=\"Ouvrie le lien\" target=\"_blank\" rel=\"noopener\">Cliquez ici pour visualiser le contenu<\/a><\/p>\n<p data-end=\"536\" class=\" wall-content\">Du 14 novembre au 21 d\u00e9cembre 2025. Ouverture les vendredis de 18h \u00e0 22h, le samedi de 10h \u00e0 21h et le dimanche de 10h \u00e0 20h. Plus d\u2019infos sur le site <a href=\"https:\/\/tourisme-maredsous.be\/marchedenoel\/\" target=\"_blank\" rel=\"noopener\">t<\/a><a href=\"https:\/\/tourisme-maredsous.be\/marchedenoel\/\" target=\"_blank\" rel=\"noopener\">ourisme-maredsous.be<\/a><\/p>\n<p class=\" wall-content\">Personnalisez votre actualit\u00e9 en ajoutant vos villes et m\u00e9dias en favori avec <a href=\"https:\/\/moncompte.actu.fr\" title=\"D\u00e9couvez Mon Actu\" rel=\"nofollow noopener\" data-trk=\"{&quot;cta&quot;:{&quot;action&quot;:&quot;https:\\\/\\\/moncompte.actu.fr&quot;,&quot;category&quot;:&quot;mon compte&quot;,&quot;from&quot;:&quot;article footer&quot;,&quot;name&quot;:&quot;Mon actu&quot;,&quot;type&quot;:&quot;cta&quot;}}\" target=\"_blank\">Mon Actu<\/a>.<\/p>\n","protected":false},"excerpt":{"rendered":"Par Nicolas Demollien Publi\u00e9 le 14 nov. 2025 \u00e0 11h40 Voil\u00e0 un \u00e9v\u00e9nement qui vaut le d\u00e9placement tant&hellip;\n","protected":false},"author":2,"featured_media":533544,"comment_status":"","ping_status":"","sticky":false,"template":"","format":"standard","meta":{"footnotes":""},"categories":[2815],"tags":[1111,11,828,1777,674,1011,27,811,1307,1652,12,15830,25],"class_list":{"0":"post-533543","1":"post","2":"type-post","3":"status-publish","4":"format-standard","5":"has-post-thumbnail","7":"category-lille","8":"tag-actu","9":"tag-actualites","10":"tag-belgique","11":"tag-eu","12":"tag-europe","13":"tag-fr","14":"tag-france","15":"tag-hauts-de-france","16":"tag-lille","17":"tag-loisirs-culture","18":"tag-news","19":"tag-noel","20":"tag-republique-francaise"},"share_on_mastodon":{"url":"https:\/\/pubeurope.com\/@fr\/115547843098138067","error":""},"_links":{"self":[{"href":"https:\/\/www.europesays.com\/fr\/wp-json\/wp\/v2\/posts\/533543","targetHints":{"allow":["GET"]}}],"collection":[{"href":"https:\/\/www.europesays.com\/fr\/wp-json\/wp\/v2\/posts"}],"about":[{"href":"https:\/\/www.europesays.com\/fr\/wp-json\/wp\/v2\/types\/post"}],"author":[{"embeddable":true,"href":"https:\/\/www.europesays.com\/fr\/wp-json\/wp\/v2\/users\/2"}],"replies":[{"embeddable":true,"href":"https:\/\/www.europesays.com\/fr\/wp-json\/wp\/v2\/comments?post=533543"}],"version-history":[{"count":0,"href":"https:\/\/www.europesays.com\/fr\/wp-json\/wp\/v2\/posts\/533543\/revisions"}],"wp:featuredmedia":[{"embeddable":true,"href":"https:\/\/www.europesays.com\/fr\/wp-json\/wp\/v2\/media\/533544"}],"wp:attachment":[{"href":"https:\/\/www.europesays.com\/fr\/wp-json\/wp\/v2\/media?parent=533543"}],"wp:term":[{"taxonomy":"category","embeddable":true,"href":"https:\/\/www.europesays.com\/fr\/wp-json\/wp\/v2\/categories?post=533543"},{"taxonomy":"post_tag","embeddable":true,"href":"https:\/\/www.europesays.com\/fr\/wp-json\/wp\/v2\/tags?post=533543"}],"curies":[{"name":"wp","href":"https:\/\/api.w.org\/{rel}","templated":true}]}}