{"id":533548,"date":"2025-11-14T11:37:11","date_gmt":"2025-11-14T11:37:11","guid":{"rendered":"https:\/\/www.europesays.com\/fr\/533548\/"},"modified":"2025-11-14T11:37:11","modified_gmt":"2025-11-14T11:37:11","slug":"assassinat-davertissement-travail-de-professionnel-dz-mafia-ce-que-lon-sait-du-meurtre-du-petit-frere-damine-kessaci-a-marseille","status":"publish","type":"post","link":"https:\/\/www.europesays.com\/fr\/533548\/","title":{"rendered":"Assassinat d\u2019avertissement, \u00ab\u00a0travail de professionnel\u00a0\u00bb, DZ Mafia\u00a0: ce que l\u2019on sait du meurtre du petit fr\u00e8re d\u2019Amine Kessaci \u00e0 Marseille"},"content":{"rendered":"<p class=\"paragraph text_align_left lp-f-body-02\">Un nouveau meurtre en pleine rue, en plein jour \u00e0 Marseille (<a href=\"https:\/\/www.leparisien.fr\/bouches-du-rhone-13\/\" target=\"_blank\" rel=\"noreferrer noopener\">Bouches-du-Rh\u00f4ne<\/a>). Cette fois, il s\u2019agit <a href=\"https:\/\/www.leparisien.fr\/faits-divers\/le-jeune-frere-de-lecologiste-amine-kessaci-tue-par-balle-a-marseille-13-11-2025-QZY46HILKBDDFJ4HWKLFRPT4RQ.php\" target=\"_blank\" rel=\"noreferrer noopener\">d\u2019un jeune homme de 20\u00a0ans inconnu des services de police, mais petit fr\u00e8re d\u2019Amine Kessaci<\/a>, militant \u00e9cologiste engag\u00e9 dans la lutte contre le narcobanditisme. Qui \u00e9tait la victime\u00a0? Pourquoi a-t-elle \u00e9t\u00e9 tu\u00e9e\u00a0? On fait le point.<\/p>\n<p>Que s\u2019est-il pass\u00e9\u00a0?<\/p>\n<p class=\"paragraph text_align_left lp-f-body-02\">Ce jeudi 13\u00a0novembre, vers 14h30, un jeune homme de 20\u00a0ans a \u00e9t\u00e9 tu\u00e9 par balle dans le IVe\u00a0arrondissement de Marseille, \u00e0 deux pas du D\u00f4me, la plus grande salle de concert de la cit\u00e9 phoc\u00e9enne.<\/p>\n<p class=\"paragraph text_align_left lp-f-body-02\">Selon les premiers \u00e9l\u00e9ments de l\u2019enqu\u00eate, \u00ab\u00a0une moto s\u2019est port\u00e9e \u00e0 hauteur du v\u00e9hicule de la victime qui venait de se garer\u00a0\u00bb quand le passager arri\u00e8re de la moto \u00ab\u00a0a tir\u00e9 \u00e0 plusieurs reprises sur la victime, qui \u00e9tait toujours dans son v\u00e9hicule\u00a0\u00bb, a expliqu\u00e9 le procureur de Marseille, Nicolas Bessone.<\/p>\n<p class=\"paragraph text_align_left lp-f-body-02\">Selon les informations du Parisien, le tireur a tir\u00e9 froidement quatre balles de 9\u00a0mm dans le thorax de la victime. Plusieurs \u00e9tuis de ce calibre ont \u00e9t\u00e9 retrouv\u00e9s sur place, a confirm\u00e9 Nicolas Bessone.<\/p>\n<p class=\"lp-card-podcast-highlighting__title  lp-f-subtitle-05\">[4\/4] L\u2019assassinat du PDG de Renault\u00a0: la sanglante \u00e9pop\u00e9e du groupe Action directe<\/p>\n<p class=\"lp-card-podcast-highlighting__description lp-f-ui-05\">Crime story raconte chaque semaine les grandes affaires criminelles.<\/p>\n<p><a class=\"lp-card-podcast-highlighting__call-to-action\" data-page-type=\"HP\" data-block-name=\"podcast-highlight\">\u00c9couter<\/a>Que sait-on de la victime\u00a0?<\/p>\n<p class=\"paragraph text_align_left lp-f-body-02\">La victime, pr\u00e9nomm\u00e9e Mehdi, est le petit fr\u00e8re de l\u2019\u00e9cologiste Amine Kessaci. Selon nos informations, le jeune homme de 20\u00a0ans n\u2019a jamais \u00e9t\u00e9 impliqu\u00e9 dans une quelconque affaire de stup\u00e9fiants.<\/p>\n<p class=\"paragraph text_align_left lp-f-body-02\">D\u2019apr\u00e8s les premiers \u00e9l\u00e9ments de l\u2019enqu\u00eate, la victime \u00e9tait \u00ab\u00a0totalement ext\u00e9rieure \u00e0 tout ce qui gangr\u00e8ne Marseille, le narcotrafic et la criminalit\u00e9 organis\u00e9e\u00a0\u00bb, a pr\u00e9cis\u00e9 Nicolas Bessone. Il \u00e9tait \u00ab\u00a0absolument inconnu\u00a0\u00bb de la police et de la justice \u00ab\u00a0avec un casier judiciaire vierge\u00a0\u00bb, a-t-il appuy\u00e9, pr\u00e9cisant qu\u2019il voulait d\u2019ailleurs devenir policier.<\/p>\n<p class=\"paragraph text_align_left lp-f-body-02\">\u00ab\u00a0Il a pass\u00e9 une premi\u00e8re fois son concours de gardien de la paix et il ne l\u2019a pas r\u00e9ussi. Il \u00e9tait en train de le repasser\u00a0\u00bb, a expliqu\u00e9 Beno\u00eet Payan, le maire de Marseille, ce vendredi matin sur BFMTV.<\/p>\n<p>Qui est Amine Kessaci\u00a0?<\/p>\n<p class=\"paragraph text_align_left lp-f-body-02\">\u00c2g\u00e9 de 22\u00a0ans, Amine Kessaci est un militant associatif et \u00e9cologiste, qui s\u2019est pr\u00e9sent\u00e9 aux \u00e9lections europ\u00e9ennes de 2024 \u00e0 Marseille sur la liste de Marie Toussaint pour porter la voix de la jeunesse et des quartiers populaires mais avait perdu de peu, face au Rassemblement national (RN). Il est notamment connu localement pour son combat aupr\u00e8s des proches victimes du narcobanditisme.<\/p>\n<p class=\"paragraph text_align_left lp-f-body-02\">La vie d\u2019Amine Kessaci, jeune passionn\u00e9 de politique, qui a grandi dans une cit\u00e9 des quartiers nord, a bascul\u00e9 dans la nuit du 28 au 29\u00a0d\u00e9cembre 2020, lors d\u2019un triple assassinat barbare qui a notamment touch\u00e9 son demi-fr\u00e8re Brahim, victime de tirs par arme \u00e0 feu et dont le corps a ensuite \u00e9t\u00e9 retrouv\u00e9 carbonis\u00e9 dans un v\u00e9hicule pr\u00e8s de Marseille. Il cr\u00e9e alors l\u2019association Conscience pour aider les familles, juridiquement et psychologiquement, et changer le regard sur ces morts qu\u2019il consid\u00e8re comme des victimes.<\/p>\n<p class=\"paragraph text_align_left lp-f-body-02\">Apr\u00e8s d\u2019ultimes recours d\u2019un des mis en cause rejet\u00e9s par la Cour de cassation d\u00e9but novembre, ce dossier devrait \u00eatre jug\u00e9 courant 2026. Brahim \u00e9tait le seul \u00e0 \u00eatre tomb\u00e9 dans la drogue parmi une fratrie de six, avait alors assur\u00e9 Amine Kessaci.<\/p>\n<p class=\"paragraph text_align_left lp-f-body-02\">Le 2\u00a0octobre dernier, le jeune militant a publi\u00e9 un ouvrage, intitul\u00e9 \u00ab\u00a0Marseille, essuie tes larmes, vivre et mourir en terre de narcotrafic\u00a0\u00bb, consacr\u00e9 au narcobanditisme et \u00e0 la mort de son demi-fr\u00e8re. \u00ab\u00a0La politique ne m\u2019a jamais tendu la main, alors j\u2019ai d\u00e9cid\u00e9 de la prendre \u00e0 la gorge (\u2026). Brahim, c\u2019est toi qui m\u2019as jet\u00e9 dans ses bras le jour o\u00f9 tu as br\u00fbl\u00e9 dans une voiture\u00a0\u00bb, peut-on lire dans cet ouvrage publi\u00e9 par la maison d\u2019\u00e9dition marseillaise Le Bruit du monde.<\/p>\n<p class=\"paragraph text_align_left lp-f-body-02\">Depuis la sortie de son livre, Amine Kessaci b\u00e9n\u00e9ficiait visiblement \u00ab\u00a0d\u2019une protection personnelle, compte tenu des menaces dont il aurait fait l\u2019objet\u00a0\u00bb, selon le procureur de Marseille. Malgr\u00e9 cela, le militant est rest\u00e9 tr\u00e8s actif sur Marseille. Fin octobre, il \u00e9tait sur le Vieux-Port pour une op\u00e9ration de tractage avec les \u00e9cologistes.<\/p>\n<p>\u00ab\u00a0Assassinat en bande organis\u00e9e\u00a0\u00bb<\/p>\n<p class=\"paragraph text_align_left lp-f-body-02\">Apr\u00e8s les faits, une enqu\u00eate a \u00e9t\u00e9 ouverte par le parquet de Marseille pour \u00ab\u00a0assassinat en bande organis\u00e9e\u00a0\u00bb et \u00ab\u00a0association de malfaiteurs en vue de commettre un crime\u00a0\u00bb. \u00ab\u00a0C\u2019est du travail de professionnel\u00a0\u00bb, a indiqu\u00e9 une source proche de l\u2019enqu\u00eate au Parisien, expliquant que les tireurs avaient attendu que la m\u00e8re de Mehdi, qui l\u2019accompagnait ce jeudi, entre dans une pharmacie pour le tuer. \u00ab\u00a0Ils ont donc volontairement \u00e9pargn\u00e9 la m\u00e8re\u00a0\u00bb, souffle cette source.<\/p>\n<p class=\"paragraph text_align_left lp-f-body-02\">Selon nos informations, l\u2019une des pistes privil\u00e9gi\u00e9es est celle d\u2019un avertissement donn\u00e9 \u00e0 Amine Kessaci <a href=\"https:\/\/www.leparisien.fr\/faits-divers\/la-dz-mafia-dans-le-viseur-des-autorites-125-enquetes-policieres-en-cours-contre-le-cartel-04-10-2025-LSOVEQ4Q6RF2TGTG6K7XGKQE6A.php\" target=\"_blank\" rel=\"noreferrer noopener\">par la DZ Mafia<\/a>, m\u00eame si le mode op\u00e9ratoire ne correspond pas forc\u00e9ment avec celui de l\u2019organisation criminelle qui emploie g\u00e9n\u00e9ralement des petites mains du trafic pour tirer aveugl\u00e9ment.<\/p>\n<p class=\"paragraph text_align_left lp-f-body-02\">R\u00e9cemment, Amine Kessaci avait pris une position ambigu\u00eb lors de la loi anti-trafic, se positionnant contre l\u2019expulsion des dealers de leur logement, consid\u00e9rant que les petites mains \u00e9taient instrumentalis\u00e9es et qu\u2019expulser leur famille n\u2019\u00e9tait pas une solution. \u00c0 ce stade, les enqu\u00eateurs s\u2019interrogent sur cette position, estimant qu\u2019elle a pu \u00eatre dict\u00e9e par les dealers, selon une source proche du dossier.<\/p>\n<p class=\"paragraph text_align_left lp-f-body-02\">Interrog\u00e9 sur un potentiel assassinat d\u2019avertissement adress\u00e9 au militant Amine Kessaci, le procureur a indiqu\u00e9 que \u00ab\u00a0cette hypoth\u00e8se \u00e0 ce stade n\u2019est absolument pas exclue\u00a0\u00bb. \u00ab\u00a0Si tel devait \u00eatre le cas, on aurait franchi une \u00e9tape suppl\u00e9mentaire. \u00c7a rappelle un certain nombre de p\u00e9riodes terribles connues dans notre pays, o\u00f9 vous allez assassiner des gens, simplement parce qu\u2019ils sont membres d\u2019une famille avec laquelle vous avez des probl\u00e8mes\u00a0\u00bb, a-t-il estim\u00e9. \u00ab\u00a0L\u00e0, ce serait peut-\u00eatre parce que le jeune Amine Kessaci est tr\u00e8s impliqu\u00e9\u00a0\u00bb contre le narcotrafic, a ajout\u00e9 Nicolas Bessone, appelant \u00ab\u00a0\u00e0 ce stade\u00a0\u00bb \u00e0 rester \u00ab\u00a0particuli\u00e8rement prudent\u00a0\u00bb.<\/p>\n<p class=\"paragraph text_align_left lp-f-body-02\">Une piste av\u00e9r\u00e9e, selon un proche de l\u2019enqu\u00eate, qui craint \u00ab\u00a0une d\u00e9rive \u00e0 l\u2019italienne avec des narcotrafiquants qui cherchent d\u00e9sormais \u00e0 s\u2019en prendre aux journalistes, aux policiers, aux magistrats\u00a0\u00bb.<\/p>\n<p>\u00ab\u00a0Faire taire ceux qui parlent\u00a0\u00bb, s\u2019indigne Beno\u00eet Payan<\/p>\n<p class=\"paragraph text_align_left lp-f-body-02\">Si la piste d\u2019un avertissement est av\u00e9r\u00e9e, \u00ab\u00a0nous aurions franchi un cap tr\u00e8s grave. Il s\u2019agit de faire taire celles et ceux qui parlent, qui n\u2019ont pas peur et qui d\u00e9noncent\u00a0\u00bb, a r\u00e9agi Beno\u00eet Payan, ce vendredi matin sur BFMTV. Le maire de Marseille s\u2019est entretenu avec Amine Kessaci, qui est \u00ab\u00a0d\u00e9vast\u00e9\u00a0\u00bb. \u00ab\u00a0Vous pouvez imaginer ce que ressent Amine ce matin en termes de douleur (\u2026), y compris en termes de culpabilit\u00e9. C\u2019est tr\u00e8s dur pour lui, pour sa famille, ses parents, ses s\u0153urs. C\u2019est absolument terrible, c\u2019est terrible pour Marseille, c\u2019est terrible pour sa famille\u00a0\u00bb, a-t-il poursuivi.<\/p>\n<p class=\"paragraph text_align_left lp-f-body-02\">Dans un message post\u00e9 sur X, la cheffe des \u00c9cologistes Marine Tondelier a soulign\u00e9 les \u00ab\u00a0circonstances atroces\u00a0\u00bb de la perte de ce deuxi\u00e8me fr\u00e8re \u00ab\u00a0qui voulait devenir policier\u00a0\u00bb. \u00ab\u00a0Nous serons l\u00e0 pour toi. Aujourd\u2019hui et tous les jours qui suivront\u00a0\u00bb, a-t-elle \u00e9galement lanc\u00e9 \u00e0 l\u2019attention de son camarade qui s\u2019\u00e9tait pr\u00e9sent\u00e9 aux europ\u00e9ennes en 2024.<\/p>\n","protected":false},"excerpt":{"rendered":"Un nouveau meurtre en pleine rue, en plein jour \u00e0 Marseille (Bouches-du-Rh\u00f4ne). Cette fois, il s\u2019agit d\u2019un jeune&hellip;\n","protected":false},"author":2,"featured_media":533549,"comment_status":"","ping_status":"","sticky":false,"template":"","format":"standard","meta":{"footnotes":""},"categories":[2814],"tags":[1111,11,459,1777,674,118,1011,27,884,12,882,25],"class_list":{"0":"post-533548","1":"post","2":"type-post","3":"status-publish","4":"format-standard","5":"has-post-thumbnail","7":"category-marseille","8":"tag-actu","9":"tag-actualites","10":"tag-departements-horsidfo","11":"tag-eu","12":"tag-europe","13":"tag-faits-divers","14":"tag-fr","15":"tag-france","16":"tag-marseille","17":"tag-news","18":"tag-provence-alpes-cote-dazur","19":"tag-republique-francaise"},"share_on_mastodon":{"url":"https:\/\/pubeurope.com\/@fr\/115547854946781082","error":""},"_links":{"self":[{"href":"https:\/\/www.europesays.com\/fr\/wp-json\/wp\/v2\/posts\/533548","targetHints":{"allow":["GET"]}}],"collection":[{"href":"https:\/\/www.europesays.com\/fr\/wp-json\/wp\/v2\/posts"}],"about":[{"href":"https:\/\/www.europesays.com\/fr\/wp-json\/wp\/v2\/types\/post"}],"author":[{"embeddable":true,"href":"https:\/\/www.europesays.com\/fr\/wp-json\/wp\/v2\/users\/2"}],"replies":[{"embeddable":true,"href":"https:\/\/www.europesays.com\/fr\/wp-json\/wp\/v2\/comments?post=533548"}],"version-history":[{"count":0,"href":"https:\/\/www.europesays.com\/fr\/wp-json\/wp\/v2\/posts\/533548\/revisions"}],"wp:featuredmedia":[{"embeddable":true,"href":"https:\/\/www.europesays.com\/fr\/wp-json\/wp\/v2\/media\/533549"}],"wp:attachment":[{"href":"https:\/\/www.europesays.com\/fr\/wp-json\/wp\/v2\/media?parent=533548"}],"wp:term":[{"taxonomy":"category","embeddable":true,"href":"https:\/\/www.europesays.com\/fr\/wp-json\/wp\/v2\/categories?post=533548"},{"taxonomy":"post_tag","embeddable":true,"href":"https:\/\/www.europesays.com\/fr\/wp-json\/wp\/v2\/tags?post=533548"}],"curies":[{"name":"wp","href":"https:\/\/api.w.org\/{rel}","templated":true}]}}