{"id":533564,"date":"2025-11-14T11:48:24","date_gmt":"2025-11-14T11:48:24","guid":{"rendered":"https:\/\/www.europesays.com\/fr\/533564\/"},"modified":"2025-11-14T11:48:24","modified_gmt":"2025-11-14T11:48:24","slug":"comment-vladimir-poutine-endoctrine-des-le-primaire-les-jeunes-russes-pour-en-faire-de-futurs-soldats-devoues-a-la-patrie","status":"publish","type":"post","link":"https:\/\/www.europesays.com\/fr\/533564\/","title":{"rendered":"Comment Vladimir Poutine endoctrine, d\u00e8s le primaire, les jeunes russes pour en faire de futurs soldats d\u00e9vou\u00e9s \u00e0 la patrie"},"content":{"rendered":"<p>        <a class=\"Link \" href=\"https:\/\/www.lopinion.fr\/international\/guerre-en-ukraine-kiev-frappee-par-une-attaque-massive-de-missiles-et-drones-russes\" data-cms-ai=\"0\" rel=\"nofollow noopener\" target=\"_blank\">Guerre en Ukraine: Kiev frapp\u00e9e par une attaque massive de missiles et drones russes<\/a><\/p>\n<p>l&rsquo;Opinion (avec AFP)<\/p>\n<p>Kiev &#8211; La capitale ukrainienne Kiev a subi une vaste attaque de missiles et drones russes t\u00f4t vendredi, qui a touch\u00e9 de nombreux districts et fait une dizaine de bless\u00e9s, selon les autorit\u00e9s locales, de fortes explosions ayant \u00e9t\u00e9 entendues par des journalistes de l\u2019AFP. \u00abLes Russes frappent des immeubles r\u00e9sidentiels. Il y a de nombreux immeubles \u00e9lev\u00e9s endommag\u00e9s \u00e0 travers Kiev, presque dans chaque district\u00bb, a d\u00e9clar\u00e9 le chef de l\u2019administration militaire de la ville, Timour Tkatchenko. Le responsable a fait \u00e9tat \u00abd\u2019au moins 12 bless\u00e9s\u00bb, dont une femme enceinte. Des journalistes de l\u2019AFP ont entendu de fortes explosions dans le centre-ville, et observ\u00e9 que les syst\u00e8mes de d\u00e9fense a\u00e9rienne ont \u00e9t\u00e9 activ\u00e9s contre des frappes de drones et des missiles. Le maire de Kiev, Vitali Klitschko, qui avait demand\u00e9 aux habitants de rejoindre des abris, a indiqu\u00e9 que \u00ables forces de d\u00e9fense a\u00e9rienne op\u00e8rent \u00e0 Kiev\u00bb, signalant \u00abune attaque massive de l\u2019ennemi sur la capitale\u00bb. Des incendies se sont d\u00e9clench\u00e9s dans plusieurs quartiers apr\u00e8s les frappes et les secours ont \u00e9t\u00e9 mobilis\u00e9s, a-t-il ajout\u00e9. \u00abDes sections des r\u00e9seaux de chauffage ont \u00e9t\u00e9 endommag\u00e9es. Dans le district de Desniansky, en raison d\u2019une situation d\u2019urgence sur la conduite principale de chauffage, certains b\u00e2timents sont temporairement priv\u00e9s de chauffage\u00bb, a-t-il pr\u00e9cis\u00e9. Oleksandr Markoushyn, maire d\u2019Irpin, localit\u00e9 de la r\u00e9gion de Kiev, a d\u00e9crit une \u00abnuit difficile\u00bb avec de \u00abmultiples (drones) shaheds et missiles volant au dessus de la commune\u00bb, sur Facebook. Poursuivant son offensive entam\u00e9e en 2022, la Russie, dont les forces sont mieux \u00e9quip\u00e9es et plus nombreuses, continue d\u2019avancer dans l\u2019est de l\u2019Ukraine et notamment dans la r\u00e9gion de Donetsk o\u00f9 se concentre l\u2019essentiel des combats r\u00e9cemment. En parall\u00e8le, Moscou multiplie depuis des semaines les bombardements sur les infrastructures civiles et \u00e9nerg\u00e9tiques et le r\u00e9seau ferroviaire ukrainiens, sur fond de baisse des temp\u00e9ratures \u00e0 l\u2019approche de l\u2019hiver. C\u00f4t\u00e9 russe, les autorit\u00e9s ont rapport\u00e9 t\u00f4t vendredi une attaque ukrainienne contre le port p\u00e9trolier de Novorossiisk sur la mer Noire. Une raffinerie de p\u00e9trole a \u00e9t\u00e9 touch\u00e9e par un incendie qui a \u00e9t\u00e9 ensuite \u00e9teint et plusieurs immeubles r\u00e9sidentiels ont \u00e9t\u00e9 endommag\u00e9s par des fragments de drones, causant un bless\u00e9, selon les autorit\u00e9s. \u00abA la suite d\u2019une attaque massive sur Novorossiisk, des d\u00e9bris de drones ont endommag\u00e9 l\u2019un des navires civils dans le port\u00bb, blessant trois membres d&rsquo;\u00e9quipage, a ajout\u00e9 le QG op\u00e9rationnel de la r\u00e9gion de Krasnodar. Des attaques de drones ukrainiennes provoquent r\u00e9guli\u00e8rement des d\u00e9g\u00e2ts dans les secteurs p\u00e9trolier et gazier et sur des conduites destin\u00e9es au transport des hydrocarbures, conduisant \u00e0 une hausse des prix du carburant. Florent VERGNES \u00a9 Agence France-Presse<\/p>\n","protected":false},"excerpt":{"rendered":"Guerre en Ukraine: Kiev frapp\u00e9e par une attaque massive de missiles et drones russes l&rsquo;Opinion (avec AFP) Kiev&hellip;\n","protected":false},"author":2,"featured_media":533565,"comment_status":"","ping_status":"","sticky":false,"template":"","format":"standard","meta":{"footnotes":""},"categories":[1591],"tags":[11,1887,12,1885,1886,132],"class_list":{"0":"post-533564","1":"post","2":"type-post","3":"status-publish","4":"format-standard","5":"has-post-thumbnail","7":"category-russie","8":"tag-actualites","9":"tag-federation-de-russie","10":"tag-news","11":"tag-russia","12":"tag-russian-federation","13":"tag-russie"},"share_on_mastodon":{"url":"https:\/\/pubeurope.com\/@fr\/115547898051336302","error":""},"_links":{"self":[{"href":"https:\/\/www.europesays.com\/fr\/wp-json\/wp\/v2\/posts\/533564","targetHints":{"allow":["GET"]}}],"collection":[{"href":"https:\/\/www.europesays.com\/fr\/wp-json\/wp\/v2\/posts"}],"about":[{"href":"https:\/\/www.europesays.com\/fr\/wp-json\/wp\/v2\/types\/post"}],"author":[{"embeddable":true,"href":"https:\/\/www.europesays.com\/fr\/wp-json\/wp\/v2\/users\/2"}],"replies":[{"embeddable":true,"href":"https:\/\/www.europesays.com\/fr\/wp-json\/wp\/v2\/comments?post=533564"}],"version-history":[{"count":0,"href":"https:\/\/www.europesays.com\/fr\/wp-json\/wp\/v2\/posts\/533564\/revisions"}],"wp:featuredmedia":[{"embeddable":true,"href":"https:\/\/www.europesays.com\/fr\/wp-json\/wp\/v2\/media\/533565"}],"wp:attachment":[{"href":"https:\/\/www.europesays.com\/fr\/wp-json\/wp\/v2\/media?parent=533564"}],"wp:term":[{"taxonomy":"category","embeddable":true,"href":"https:\/\/www.europesays.com\/fr\/wp-json\/wp\/v2\/categories?post=533564"},{"taxonomy":"post_tag","embeddable":true,"href":"https:\/\/www.europesays.com\/fr\/wp-json\/wp\/v2\/tags?post=533564"}],"curies":[{"name":"wp","href":"https:\/\/api.w.org\/{rel}","templated":true}]}}