{"id":533568,"date":"2025-11-14T11:50:22","date_gmt":"2025-11-14T11:50:22","guid":{"rendered":"https:\/\/www.europesays.com\/fr\/533568\/"},"modified":"2025-11-14T11:50:22","modified_gmt":"2025-11-14T11:50:22","slug":"les-knicks-ne-savent-pas-combien-de-temps-jalen-brunson-sera-absent","status":"publish","type":"post","link":"https:\/\/www.europesays.com\/fr\/533568\/","title":{"rendered":"Les Knicks ne savent pas combien de temps Jalen Brunson sera absent"},"content":{"rendered":"<p><img fetchpriority=\"high\" decoding=\"async\" class=\"aligncenter wp-image-787701 size-full\" src=\"https:\/\/www.europesays.com\/fr\/wp-content\/uploads\/2025\/11\/USATSI_27572514-1-scaled-e1763078261574.jpg\" alt=\"jalen brunson\" width=\"1200\" height=\"800\"\/>On en sait plus sur <a href=\"https:\/\/www.basketusa.com\/news\/787389\/jalen-brunson-inquiete-beaucoup-paolo-banchero-rassure-un-peu\/\" rel=\"prefetch noopener\" target=\"_blank\">la blessure<\/a> de <strong>Jalen Brunson<\/strong> : <a href=\"https:\/\/www.espn.com\/nba\/story\/_\/id\/46957615\/sources-knicks-jalen-brunson-grade-1-ankle-sprain-friday\" rel=\"prefetch noopener\" target=\"_blank\">ESPN indique ainsi<\/a> qu&rsquo;il souffre d&rsquo;une entorse de la cheville droite (de niveau I) et les <strong>Knicks<\/strong> l&rsquo;\u00e9valueront au jour le jour. En clair, on ignore sa dur\u00e9e exacte d&rsquo;indisponibilit\u00e9, sauf qu&rsquo;il va d\u00e9j\u00e0 manquer la r\u00e9ception du Heat, vendredi. Et sans doute quelques rencontres de plus\u2026<\/p>\n<p>Pour rappel, le meneur (28 points, 6.5 passes et 3.5 rebonds) a \u00e9t\u00e9 touch\u00e9 mercredi soir, sur une p\u00e9n\u00e9tration en toute fin de match contre Orlando, apr\u00e8s un contact sur le pied de Wendell Carter Jr. <a href=\"https:\/\/www.basketusa.com\/news\/787316\/malgre-la-blessure-de-paolo-banchero-le-magic-calme-les-knicks\/\" rel=\"prefetch noopener\" target=\"_blank\">La d\u00e9faite de <strong>New York<\/strong><\/a> semblait in\u00e9vitable, mais Mike Brown a pourtant trop tard\u00e9 \u00e0 le sortir.<\/p>\n<p>Aper\u00e7u apr\u00e8s coup, en b\u00e9quilles et avec une botte de protection, Jalen Brunson <a href=\"https:\/\/www.basketusa.com\/news\/744853\/jalen-brunson-absent-au-moins-deux-semaines\/\" rel=\"prefetch noopener\" target=\"_blank\">s&rsquo;\u00e9tait d\u00e9j\u00e0 bless\u00e9<\/a> \u00e0 cette cheville droite en fin de saison derni\u00e8re. Son entorse lui avait co\u00fbt\u00e9 15 matchs d&rsquo;absence, alors qu&rsquo;il ne devait initialement rater que deux semaines de comp\u00e9tition. De quoi inciter \u00e0 la prudence, dans les rangs new-yorkais.<\/p>\n<p>Actuellement dans le Top 3 de la conf\u00e9rence Est, les Knicks devraient s&rsquo;appuyer sur Josh Hart, Jordan Clarkson, Miles McBride et Tyler Kolek pour tenir le choc sans leur All-Star.<\/p>\n<tr class=\"column\">\n                    Jalen Brunson<br \/>\n                    Pourcentage<br \/>\n                    Rebonds<\/p>\n<\/tr>\n<tr class=\"section_title\">\n                    Saison<br \/>\n                    Equipe<br \/>\n                    MJ<br \/>\n                    Min<br \/>\n                    Tirs<br \/>\n                    3pts<br \/>\n                    LF<br \/>\n                    Off<br \/>\n                    Def<br \/>\n                    Tot<br \/>\n                    Pd<br \/>\n                    Fte<br \/>\n                    Int<br \/>\n                    Bp<br \/>\n                    Ct<br \/>\n                    Pts<br \/>\n                <\/tr>\n<tr class=\"line_1\">\n<td class=\"title\">2018-19<\/td>\n<td class=\"title\">DAL<\/td>\n<td>73<\/td>\n<td style=\"border-right:1px solid #DDD\">21:48<\/td>\n<td title=\"3.6\/7.7\">46.7<\/td>\n<td title=\"0.9\/2.5\">34.8<\/td>\n<td title=\"1.2\/1.6\" style=\"border-right:1px solid #DDD\">72.5<\/td>\n<td>0.3<\/td>\n<td>2.0<\/td>\n<td style=\"border-right:1px solid #DDD\">2.3<\/td>\n<td>3.2<\/td>\n<td>1.7<\/td>\n<td>0.5<\/td>\n<td>1.2<\/td>\n<td>0.1<\/td>\n<td class=\"sort-by\" style=\"border-right:1px solid #DDD\">9.3<\/td>\n<\/tr>\n<tr class=\"line_2\">\n<td class=\"title\">2019-20<\/td>\n<td class=\"title\">DAL<\/td>\n<td>57<\/td>\n<td style=\"border-right:1px solid #DDD\">17:56<\/td>\n<td title=\"3.2\/6.8\">46.6<\/td>\n<td title=\"0.8\/2.1\">35.8<\/td>\n<td title=\"1.1\/1.3\" style=\"border-right:1px solid #DDD\">81.3<\/td>\n<td>0.4<\/td>\n<td>2.0<\/td>\n<td style=\"border-right:1px solid #DDD\">2.4<\/td>\n<td>3.3<\/td>\n<td>1.3<\/td>\n<td>0.4<\/td>\n<td>1.2<\/td>\n<td>0.1<\/td>\n<td class=\"sort-by\" style=\"border-right:1px solid #DDD\">8.2<\/td>\n<\/tr>\n<tr class=\"line_1\">\n<td class=\"title\">2020-21<\/td>\n<td class=\"title\">DAL<\/td>\n<td>68<\/td>\n<td style=\"border-right:1px solid #DDD\">24:57<\/td>\n<td title=\"4.8\/9.2\">52.3<\/td>\n<td title=\"1.2\/2.9\">40.5<\/td>\n<td title=\"1.8\/2.2\" style=\"border-right:1px solid #DDD\">79.5<\/td>\n<td>0.4<\/td>\n<td>3.0<\/td>\n<td style=\"border-right:1px solid #DDD\">3.4<\/td>\n<td>3.5<\/td>\n<td>1.6<\/td>\n<td>0.5<\/td>\n<td>1.2<\/td>\n<td>0.0<\/td>\n<td class=\"sort-by\" style=\"border-right:1px solid #DDD\">12.6<\/td>\n<\/tr>\n<tr class=\"line_2\">\n<td class=\"title\">2021-22<\/td>\n<td class=\"title\">DAL<\/td>\n<td>79<\/td>\n<td style=\"border-right:1px solid #DDD\">31:57<\/td>\n<td title=\"6.4\/12.8\">50.2<\/td>\n<td title=\"1.2\/3.2\">37.3<\/td>\n<td title=\"2.3\/2.7\" style=\"border-right:1px solid #DDD\">84.0<\/td>\n<td>0.5<\/td>\n<td>3.4<\/td>\n<td style=\"border-right:1px solid #DDD\">3.9<\/td>\n<td>4.8<\/td>\n<td>1.9<\/td>\n<td>0.8<\/td>\n<td>1.6<\/td>\n<td>0.0<\/td>\n<td class=\"sort-by\" style=\"border-right:1px solid #DDD\">16.3<\/td>\n<\/tr>\n<tr class=\"line_1\">\n<td class=\"title\">2022-23<\/td>\n<td class=\"title\">NY<\/td>\n<td>68<\/td>\n<td style=\"border-right:1px solid #DDD\">34:59<\/td>\n<td title=\"8.6\/17.6\">49.1<\/td>\n<td title=\"2.0\/4.7\">41.6<\/td>\n<td title=\"4.8\/5.8\" style=\"border-right:1px solid #DDD\">82.9<\/td>\n<td>0.6<\/td>\n<td>3.0<\/td>\n<td style=\"border-right:1px solid #DDD\">3.5<\/td>\n<td>6.2<\/td>\n<td>2.2<\/td>\n<td>0.9<\/td>\n<td>2.1<\/td>\n<td>0.2<\/td>\n<td class=\"sort-by\" style=\"border-right:1px solid #DDD\">24.0<\/td>\n<\/tr>\n<tr class=\"line_2\">\n<td class=\"title\">2023-24<\/td>\n<td class=\"title\">NY<\/td>\n<td>77<\/td>\n<td style=\"border-right:1px solid #DDD\">35:24<\/td>\n<td title=\"10.3\/21.4\">47.9<\/td>\n<td title=\"2.7\/6.8\">40.1<\/td>\n<td title=\"5.5\/6.5\" style=\"border-right:1px solid #DDD\">84.7<\/td>\n<td>0.6<\/td>\n<td>3.1<\/td>\n<td style=\"border-right:1px solid #DDD\">3.6<\/td>\n<td>6.7<\/td>\n<td>1.9<\/td>\n<td>0.9<\/td>\n<td>2.4<\/td>\n<td>0.2<\/td>\n<td class=\"sort-by\" style=\"border-right:1px solid #DDD\">28.7<\/td>\n<\/tr>\n<tr class=\"line_1\">\n<td class=\"title\">2024-25<\/td>\n<td class=\"title\">NY<\/td>\n<td>65<\/td>\n<td style=\"border-right:1px solid #DDD\">35:24<\/td>\n<td title=\"9.0\/18.5\">48.8<\/td>\n<td title=\"2.3\/6.1\">38.3<\/td>\n<td title=\"5.7\/6.9\" style=\"border-right:1px solid #DDD\">82.1<\/td>\n<td>0.4<\/td>\n<td>2.5<\/td>\n<td style=\"border-right:1px solid #DDD\">2.9<\/td>\n<td>7.3<\/td>\n<td>2.1<\/td>\n<td>0.9<\/td>\n<td>2.5<\/td>\n<td>0.1<\/td>\n<td class=\"sort-by\" style=\"border-right:1px solid #DDD\">26.0<\/td>\n<\/tr>\n<tr class=\"line_2\">\n<td class=\"title\">2025-26<\/td>\n<td class=\"title\">NY<\/td>\n<td>11<\/td>\n<td style=\"border-right:1px solid #DDD\">33:55<\/td>\n<td title=\"9.7\/20.8\">46.7<\/td>\n<td title=\"2.8\/7.6\">36.9<\/td>\n<td title=\"5.7\/6.6\" style=\"border-right:1px solid #DDD\">86.3<\/td>\n<td>0.5<\/td>\n<td>3.1<\/td>\n<td style=\"border-right:1px solid #DDD\">3.5<\/td>\n<td>6.5<\/td>\n<td>2.6<\/td>\n<td>0.8<\/td>\n<td>2.7<\/td>\n<td>0.0<\/td>\n<td class=\"sort-by\" style=\"border-right:1px solid #DDD\">28.0<\/td>\n<\/tr>\n<p style=\"font-size: 14px;line-height: 20px;color: #666;\"><strong>Comment lire les stats ?<\/strong> MJ = matches jou\u00e9s ; Min = Minutes ;    Tirs = Tirs r\u00e9ussis \/ Tirs tent\u00e9s ; 3pts = 3-points \/ 3-points tent\u00e9s ; LF = lancers-francs r\u00e9ussis \/ lancers-francs tent\u00e9s ; Off = rebond offensif ; Def= rebond d\u00e9fensif ; Tot = Total des rebonds ; Pd = passes d\u00e9cisives ; Fte : Fautes personnelles ; Int = Interceptions ; Bp = Balles perdues ; Ct : Contres ; Pts = Points.<\/p>\n","protected":false},"excerpt":{"rendered":"On en sait plus sur la blessure de Jalen Brunson : ESPN indique ainsi qu&rsquo;il souffre d&rsquo;une entorse&hellip;\n","protected":false},"author":2,"featured_media":533569,"comment_status":"","ping_status":"","sticky":false,"template":"","format":"standard","meta":{"footnotes":""},"categories":[1589],"tags":[11,73,1866,12,1864,1865,1863,308],"class_list":{"0":"post-533568","1":"post","2":"type-post","3":"status-publish","4":"format-standard","5":"has-post-thumbnail","7":"category-etats-unis","8":"tag-actualites","9":"tag-etats-unis","10":"tag-etats-unis-damerique","11":"tag-news","12":"tag-united-states","13":"tag-united-states-of-america","14":"tag-us","15":"tag-usa"},"share_on_mastodon":{"url":"https:\/\/pubeurope.com\/@fr\/115547906932397172","error":""},"_links":{"self":[{"href":"https:\/\/www.europesays.com\/fr\/wp-json\/wp\/v2\/posts\/533568","targetHints":{"allow":["GET"]}}],"collection":[{"href":"https:\/\/www.europesays.com\/fr\/wp-json\/wp\/v2\/posts"}],"about":[{"href":"https:\/\/www.europesays.com\/fr\/wp-json\/wp\/v2\/types\/post"}],"author":[{"embeddable":true,"href":"https:\/\/www.europesays.com\/fr\/wp-json\/wp\/v2\/users\/2"}],"replies":[{"embeddable":true,"href":"https:\/\/www.europesays.com\/fr\/wp-json\/wp\/v2\/comments?post=533568"}],"version-history":[{"count":0,"href":"https:\/\/www.europesays.com\/fr\/wp-json\/wp\/v2\/posts\/533568\/revisions"}],"wp:featuredmedia":[{"embeddable":true,"href":"https:\/\/www.europesays.com\/fr\/wp-json\/wp\/v2\/media\/533569"}],"wp:attachment":[{"href":"https:\/\/www.europesays.com\/fr\/wp-json\/wp\/v2\/media?parent=533568"}],"wp:term":[{"taxonomy":"category","embeddable":true,"href":"https:\/\/www.europesays.com\/fr\/wp-json\/wp\/v2\/categories?post=533568"},{"taxonomy":"post_tag","embeddable":true,"href":"https:\/\/www.europesays.com\/fr\/wp-json\/wp\/v2\/tags?post=533568"}],"curies":[{"name":"wp","href":"https:\/\/api.w.org\/{rel}","templated":true}]}}