{"id":533570,"date":"2025-11-14T11:51:13","date_gmt":"2025-11-14T11:51:13","guid":{"rendered":"https:\/\/www.europesays.com\/fr\/533570\/"},"modified":"2025-11-14T11:51:13","modified_gmt":"2025-11-14T11:51:13","slug":"leconomie-britannique-peut-elle-se-reveiller","status":"publish","type":"post","link":"https:\/\/www.europesays.com\/fr\/533570\/","title":{"rendered":"L\u2019\u00e9conomie britannique peut-elle se r\u00e9veiller\u00a0?"},"content":{"rendered":"<p>&#13;<br \/>\n&#13;<br \/>\n&#13;<\/p>\n<p>Nous n\u2019y croyons pas.<br \/>Et apr\u00e8s avoir atteint un sommet, la Bourse de Londres n\u2019est plus vraiment attractive.<br \/>N\u2019achetez pas d\u2019actions britanniques.\u00a0<br \/>Nous n\u2019investissons pas au Royaume-Uni dans <a class=\"wysiwyg\" href=\"https:\/\/www.test-achats.be\/invest\/nos-strategies-et-portefeuilles-types\" target=\"_blank\" rel=\"noopener\">nos portefeuilles<\/a>.\u00a0<\/p>\n<p style=\"text-align: center;\">&#13;<br \/>\n    <a data-plugin=\"modal\" data-popup-type=\"inline\" href=\"#aline-authentication-modal\" data-register-url=\"https:\/\/login.test-achats.be\/?wa=registeruser1.0&amp;wtrealm=eur%3a%2f%2feuroconsumers.pro.flinesc.fr-be%2f&amp;wreply=https%3a%2f%2fwww.test-achats.be%2finvest%2fCommonAPI%2fCommonBeanTrigger%2fSendLoginOkMessage%3fReturnUrl%3dsec%253a%252f%252frealm%252feuroconsumers.pro.sitecorecd.fr-be%252fq6mfSc_HG9qWVaGoW6IBsdJObb_dzDv-SsV-vYkTg4KPRIzzCHFO-Fwr0CoD7QYBssONARodD1VTe-vR0up9RjQr3BSw8oMXoq_ngQM6E8NFpwTe7Zc--d17wTy-jFwNW_1z-KUaLmSgCOMP9J3WCb2xgo8MOEeDFHg5vStjg_77ixyd918OUfaxgKL7MJclP2yyzwkC2zMv2wDFMvlwZYQu3xkb3iaV9QiC6Sm7WoKwnXGjcO4kophAa0N-xyrW9jpUwQFAZISp5mUaTPM0Tvq3UvKsNFGliR5fDq5BVSvtKglPZcZQ4PEKI4GW-ih99LWLeFwvT1atnyXLYfQtrP78eFZ5fPgVd-3TBbJMI9VCuqqPMeS7SDO4Lq8uWuC5hV87m_UF-HZ5mjMqgh09zJlH6sr33g7mhiNRCQVI3YiOUBVYjJv9A4ivYKcHgwSl3QCf_E8xh5k6Fo1IxaVcmGjI8pLel-LTA3HcPJ25kFtcAIcp0&amp;ectx=Y3Q6ZWRpdG9yaWFs&amp;customstyle=flinescbe\" class=\"btn btn--primary btn--large \" data-selector=\"aline-authentication-modal--btn-trigger\" data-aline-authentication-target=\"register\" data-aline-authentication-source=\"fline\" data-feff-tracking-enabled=\"true\" data-feff-tracking=\"\/invest\/funnel\/stepA?signuptype=editorial&amp;signupcontent=royaume-uni-faiblesse-economie&amp;pageurl=%252finvest%252finvestir%252fmarches-et-devises%252farticles%252f2025%252f11%252froyaume-uni-faiblesse-economie\">Inscrivez-vous sur notre site et d\u00e9couvrez notre strat\u00e9gie<\/a>&#13;\n<\/p>\n<p>Au Royaume-Uni, le <a href=\"https:\/\/www.test-achats.be\/invest\/lexicon\/p\/produit-interieur-brut-ou-pib\" target=\"_blank\" rel=\"noopener\">PIB<\/a>\u00a0n\u2019a augment\u00e9 que de\u00a00,1% du deuxi\u00e8me au troisi\u00e8me trimestre.\u00a0<br \/>En cause en partie, l\u2019attaque informatique qui a paralys\u00e9 la production de Jaguar Land Rover pendant 5\u00a0semaines et a r\u00e9duit la production automobile de\u00a027% en septembre.\u00a0<\/p>\n<p>Mais m\u00eame hors production manufacturi\u00e8re, l\u2019activit\u00e9 \u00e9conomique a particuli\u00e8rement souffert de la faiblesse de la consommation des m\u00e9nages et du secteur de la construction.\u00a0<\/p>\n<p>En outre, la prochaine pr\u00e9sentation du budget public s\u2019annonce cruciale.<br \/>Avec une dette publique \u00e0 quasiment 100%\u00a0du PIB et un d\u00e9ficit proche de\u00a05% du PIB depuis plusieurs ann\u00e9es, les finances publiques inqui\u00e8tent. Cela se traduit par des tensions sur le march\u00e9 obligataire britannique. Le taux \u00e0 10\u00a0ans est \u00e0\u00a04,4%, soit nettement plus \u00e9lev\u00e9 que dans les autres grands pays europ\u00e9ens fortement endett\u00e9s (en Italie et en France il est proche de\u00a03,4%).<\/p>\n<p>Pour rassurer les march\u00e9s, des hausses d\u2019imp\u00f4ts sont in\u00e9vitables. Mais cela risque de freiner plus encore la consommation et l\u2019activit\u00e9 \u00e9conomique. Et avec une inflation de\u00a03,8% en septembre, la Banque d\u2019Angleterre ne pourra gu\u00e8re r\u00e9duire son taux directeur.\u00a0<\/p>\n<p>Il est donc illusoire d\u2019esp\u00e9rer un rebond de l\u2019\u00e9conomie.<\/p>\n<p>    &#13;<br \/>\n    <a id=\"bottom\"\/>&#13;<br \/>\n&#13;<br \/>\n&#13;<br \/>\n&#13;<br \/>\n&#13;<br \/>\n        &#13;<br \/>\n&#13;<br \/>\n&#13;<br \/>\n&#13;<\/p>\n","protected":false},"excerpt":{"rendered":"&#13; &#13; &#13; Nous n\u2019y croyons pas.Et apr\u00e8s avoir atteint un sommet, la Bourse de Londres n\u2019est plus&hellip;\n","protected":false},"author":2,"featured_media":533571,"comment_status":"","ping_status":"","sticky":false,"template":"","format":"standard","meta":{"footnotes":""},"categories":[1588],"tags":[13790,15033,11,4708,65322,15145,1003,913,7993,1777,674,9467,9345,12,65321,6311,57611,65320,473,1853,25995,1851,1850,1852],"class_list":{"0":"post-533570","1":"post","2":"type-post","3":"status-publish","4":"format-standard","5":"has-post-thumbnail","7":"category-royaume-uni","8":"tag-conomie","9":"tag-actions","10":"tag-actualites","11":"tag-angleterre","12":"tag-bourse-de-londres","13":"tag-britannique","14":"tag-budget","15":"tag-croissance","16":"tag-dette-publique","17":"tag-eu","18":"tag-europe","19":"tag-finances","20":"tag-inflation","21":"tag-news","22":"tag-obligations","23":"tag-pib","24":"tag-portefeuille","25":"tag-rebond","26":"tag-royaume-uni","27":"tag-royaume-uni-de-grande-bretagne-et-dirlande-du-nord","28":"tag-stratgie","29":"tag-uk","30":"tag-united-kingdom","31":"tag-united-kingdom-of-great-britain-and-northern-ireland"},"share_on_mastodon":{"url":"https:\/\/pubeurope.com\/@fr\/115547909959074537","error":""},"_links":{"self":[{"href":"https:\/\/www.europesays.com\/fr\/wp-json\/wp\/v2\/posts\/533570","targetHints":{"allow":["GET"]}}],"collection":[{"href":"https:\/\/www.europesays.com\/fr\/wp-json\/wp\/v2\/posts"}],"about":[{"href":"https:\/\/www.europesays.com\/fr\/wp-json\/wp\/v2\/types\/post"}],"author":[{"embeddable":true,"href":"https:\/\/www.europesays.com\/fr\/wp-json\/wp\/v2\/users\/2"}],"replies":[{"embeddable":true,"href":"https:\/\/www.europesays.com\/fr\/wp-json\/wp\/v2\/comments?post=533570"}],"version-history":[{"count":0,"href":"https:\/\/www.europesays.com\/fr\/wp-json\/wp\/v2\/posts\/533570\/revisions"}],"wp:featuredmedia":[{"embeddable":true,"href":"https:\/\/www.europesays.com\/fr\/wp-json\/wp\/v2\/media\/533571"}],"wp:attachment":[{"href":"https:\/\/www.europesays.com\/fr\/wp-json\/wp\/v2\/media?parent=533570"}],"wp:term":[{"taxonomy":"category","embeddable":true,"href":"https:\/\/www.europesays.com\/fr\/wp-json\/wp\/v2\/categories?post=533570"},{"taxonomy":"post_tag","embeddable":true,"href":"https:\/\/www.europesays.com\/fr\/wp-json\/wp\/v2\/tags?post=533570"}],"curies":[{"name":"wp","href":"https:\/\/api.w.org\/{rel}","templated":true}]}}