{"id":533572,"date":"2025-11-14T11:52:21","date_gmt":"2025-11-14T11:52:21","guid":{"rendered":"https:\/\/www.europesays.com\/fr\/533572\/"},"modified":"2025-11-14T11:52:21","modified_gmt":"2025-11-14T11:52:21","slug":"allemagne-le-service-militaire-bientot-instaure-sur-la-base-du-volontariat","status":"publish","type":"post","link":"https:\/\/www.europesays.com\/fr\/533572\/","title":{"rendered":"Allemagne : le service militaire bient\u00f4t instaur\u00e9 sur la base du volontariat"},"content":{"rendered":"<p class=\"mb-4 text-lg md:leading-8 break-words\">L&rsquo;Allemagne a revu son mod\u00e8le de service militaire, sur la base du volontariat. \u00c0 partir du 1er janvier 2026, tous les hommes \u00e2g\u00e9s de plus de 18 ans devront se soumettre \u00e0 des examens m\u00e9dicaux et remplir un questionnaire d\u00e9taillant leur motivation et leur aptitude.<\/p>\n<p class=\"mb-4 text-lg md:leading-8 break-words\">Les femmes et les personnes non-binaires pourront remplir le questionnaire sur une base volontaire.<\/p>\n<p class=\"mb-4 text-lg md:leading-8 break-words\">L&rsquo;objectif de la Bundeswher est d&rsquo;augmenter les effectifs de l&rsquo;arm\u00e9e \u00e0 environ 460 000 soldats d&rsquo;ici 2035.<\/p>\n<p class=\"mb-4 text-lg md:leading-8 break-words\">Le ministre allemand de la D\u00e9fense, Boris Pistorius, a soulign\u00e9 que l\u2019Europe observait l\u2019Allemagne, \u00ab\u00a0non seulement en mati\u00e8re de financement, d\u2019armement et d\u2019approvisionnement, mais aussi, et surtout, en mati\u00e8re de personnel\u00a0\u00bb.<\/p>\n<p class=\"mb-4 text-lg md:leading-8 break-words\">Suite \u00e0 l\u2019accord sur le service militaire, il s&rsquo;est dit \u00ab\u00a0tr\u00e8s confiant dans le succ\u00e8s de cette d\u00e9marche\u00a0\u00bb.<\/p>\n<p>Le service militaire obligatoire envisag\u00e9 en cas de manque de recrues<\/p>\n<p class=\"mb-4 text-lg md:leading-8 break-words\">Si l&rsquo;objectif de recrutement de la Bundeswher n&rsquo;est pas atteint sur la base du volontariat, l&rsquo;Allemagne envisage un service obligatoire. Celui-ci ne se fera toutefois pas par tirage au sort, comme envisag\u00e9 et devra \u00eatre approuv\u00e9 par le biais d&rsquo;une autre loi.<\/p>\n<p class=\"mb-4 text-lg md:leading-8 break-words\">\u00ab\u00a0Nous sommes convaincus que cette phase volontaire est \u00e9galement suffisante pour couvrir les besoins. Ensuite, il y a aussi dans la loi une disposition claire selon laquelle &#8211; au cas o\u00f9 cela ne se produirait pas &#8211; le Bundestag devra s&rsquo;en occuper de mani\u00e8re enti\u00e8rement nouvelle\u00a0\u00bb, a d\u00e9clar\u00e9 le leader du groupe parlementaire SPD Matthias Miersch.<\/p>\n<p class=\"mb-4 text-lg md:leading-8 break-words\">\u00ab\u00a0Cela signifie qu&rsquo;il existe toute une s\u00e9rie de crit\u00e8res qui entreraient en ligne de compte lors de la s\u00e9lection des conscrits, en cas de service militaire obligatoire\u00a0\u00bb a pr\u00e9cis\u00e9 Boris Pistorius.<\/p>\n<p class=\"mb-4 text-lg md:leading-8 break-words\">\u00ab\u00a0Des motifs d&rsquo;exemption existent. Par exemple, si deux fr\u00e8res ont d\u00e9j\u00e0 fait leur service militaire de base, pour les policiers, ou pour quelqu&rsquo;un qui se serait inscrit et engag\u00e9 dans la protection civile\u00a0\u00bb, a-t-il poursuivi.<\/p>\n<p class=\"mb-4 text-lg md:leading-8 break-words\">La CDU\/CSU a obtenu l\u2019introduction d\u2019un objectif contraignant pour l\u2019augmentation des effectifs de la Bundeswehr. Boris Pistorius s\u2019y \u00e9tait longtemps oppos\u00e9, le SPD refusant un m\u00e9canisme automatique de r\u00e9activation du service obligatoire.<\/p>\n","protected":false},"excerpt":{"rendered":"L&rsquo;Allemagne a revu son mod\u00e8le de service militaire, sur la base du volontariat. \u00c0 partir du 1er janvier&hellip;\n","protected":false},"author":2,"featured_media":533573,"comment_status":"","ping_status":"","sticky":false,"template":"","format":"standard","meta":{"footnotes":""},"categories":[1587],"tags":[11,672,8164,1804,1805,1803,1777,674,1801,41132,54717,12,1802,29810,53656],"class_list":{"0":"post-533572","1":"post","2":"type-post","3":"status-publish","4":"format-standard","5":"has-post-thumbnail","7":"category-allemagne","8":"tag-actualites","9":"tag-allemagne","10":"tag-boris-pistorius","11":"tag-bundesrepublik-deutschland","12":"tag-de","13":"tag-deutschland","14":"tag-eu","15":"tag-europe","16":"tag-germany","17":"tag-l39allemagne","18":"tag-le-service-militaire","19":"tag-news","20":"tag-republique-federale-dallemagne","21":"tag-service-militaire","22":"tag-volontariat"},"share_on_mastodon":{"url":"https:\/\/pubeurope.com\/@fr\/115547914012094506","error":""},"_links":{"self":[{"href":"https:\/\/www.europesays.com\/fr\/wp-json\/wp\/v2\/posts\/533572","targetHints":{"allow":["GET"]}}],"collection":[{"href":"https:\/\/www.europesays.com\/fr\/wp-json\/wp\/v2\/posts"}],"about":[{"href":"https:\/\/www.europesays.com\/fr\/wp-json\/wp\/v2\/types\/post"}],"author":[{"embeddable":true,"href":"https:\/\/www.europesays.com\/fr\/wp-json\/wp\/v2\/users\/2"}],"replies":[{"embeddable":true,"href":"https:\/\/www.europesays.com\/fr\/wp-json\/wp\/v2\/comments?post=533572"}],"version-history":[{"count":0,"href":"https:\/\/www.europesays.com\/fr\/wp-json\/wp\/v2\/posts\/533572\/revisions"}],"wp:featuredmedia":[{"embeddable":true,"href":"https:\/\/www.europesays.com\/fr\/wp-json\/wp\/v2\/media\/533573"}],"wp:attachment":[{"href":"https:\/\/www.europesays.com\/fr\/wp-json\/wp\/v2\/media?parent=533572"}],"wp:term":[{"taxonomy":"category","embeddable":true,"href":"https:\/\/www.europesays.com\/fr\/wp-json\/wp\/v2\/categories?post=533572"},{"taxonomy":"post_tag","embeddable":true,"href":"https:\/\/www.europesays.com\/fr\/wp-json\/wp\/v2\/tags?post=533572"}],"curies":[{"name":"wp","href":"https:\/\/api.w.org\/{rel}","templated":true}]}}